{"id":7975,"date":"2013-12-07T13:26:16","date_gmt":"2013-12-07T12:26:16","guid":{"rendered":"http:\/\/lantb.net\/uebersicht\/?p=7975"},"modified":"2014-11-12T13:53:30","modified_gmt":"2014-11-12T12:53:30","slug":"go-you-sure-yeah-y-aller","status":"publish","type":"post","link":"https:\/\/lantb.net\/uebersicht\/?p=7975","title":{"rendered":"Go! You sure? Yeah. Y aller&#8230;."},"content":{"rendered":"<p><a href=\"http:\/\/www.poolproject.net\/53\" target=\"_blank\">http:\/\/www.poolproject.net\/53<\/a>\/<\/p>\n<p><a href=\"http:\/\/www.poolproject.net\/exhibition\/\" target=\"_blank\"><img loading=\"lazy\" decoding=\"async\" class=\"alignnone size-full wp-image-7976\" src=\"http:\/\/lantb.net\/uebersicht\/wp-content\/uploads\/2013\/12\/dec3_luma_img.jpg\" alt=\"dec3_luma_img\" width=\"612\" height=\"450\" \/><\/a><br \/>\nStan VanDerBeek, <em>Movie-Drome<\/em>, 1963\u20131966\/2012. Installation view, \u00ab\u00a0Go! You Sure? Yeah,\u00a0\u00bb at LUMA \/Westbau, Zurich. Courtesy the Estate of Stan VanDerBeek. Photo: Stefan Altenburger Photography, Zurich.<\/p>\n<p>Rappel d&rsquo;un compte-rendu de livre qui en parle.<\/p>\n<blockquote><p><a href=\"http:\/\/www.lagedhomme.com\/boutique\/fiche_produit.cfm?ref=978-2-8251-4230-1&amp;type=67&amp;code_lg=lg_fr&amp;num=0\" target=\"_blank\"><em>Exposition et m\u00e9dias : Photographie, cin\u00e9ma et t\u00e9l\u00e9vision<\/em><\/a>, (sous la dir. d\u2019Olivier Lugon), L\u2019\u00c2ge d\u2019Homme, Collection \u00ab\u00a0Histoire et Esth\u00e9tique du cin\u00e9ma\u00a0\u00bb, S\u00e9rie \u00ab\u00a0Travaux\u00a0\u00bb, Lausanne, 2012\u2028372 pages.*<br \/>\n\u00abLe m\u00e9dium exposition,19e-21e si\u00e8cle, en Europe et aux \u00c9tats-Unis, \u2014\u00a0exposition universelle ou exposition mus\u00e9ale\u00a0\u2014, reconfigur\u00e9 par la photo, le cin\u00e9ma et la t\u00e9l\u00e9vision int\u00e9gr\u00e9s \u00e0 elle au titre de \u00ab\u00a0m\u00e9dias servant\u00a0\u00bb ou de \u00ab\u00a0m\u00e9dias servis\u00a0\u00bb, est ici l\u2019objet d\u2019un exercice de g\u00e9n\u00e9alogie savante \u00e0 13 voix, m\u00e9dia par m\u00e9dia ou par m\u00e9dias associ\u00e9s\u00a0: l\u2019exposition <em>Film und Foto<\/em> de Lissitzky (Fifo), 1929, p. 197, les <em>Funkausstellung<\/em>, 1933 et 1935, t\u00e9l\u00e9vision et photomontage\u00ab\u00a0sous le signe de la croix gamm\u00e9e\u00a0\u00bb, p. 272 et 278, le multim\u00e9dia du <span style=\"color: #008000;\"><em>Movie-Drome<\/em><\/span> de <span style=\"color: #008000;\">Stan VanDerBee<\/span>k, 1965, p. 233, et des <em>Nine Evenings<\/em> du collectif\u00a0 Experiments in Art and Technology, 1966, p. 241. La vision actuelle d\u00e9soss\u00e9e de l\u2019exposition qu\u2019offre le terme \u00ab\u00a0dispositif visuel\u00a0\u00bb propos\u00e9 par Jean-Christophe Royoux peut ouvrir une voie aux seuls m\u00e9dias d\u00e9mat\u00e9rialis\u00e9s. Il ne resterait alors que l\u2019\u00e9lectricit\u00e9 ma\u00eetresse du jeu et la dispersion g\u00e9n\u00e9ralis\u00e9e d\u2019images fixes et en mouvement des objets du monde, art compris, sur divers <em>devices<\/em> \u00e0 \u00e9crans, mobiles et portables. D\u00e8s 1964, exposition et m\u00e9dias tendent \u00e0 satisfaire au \u00ab\u00a0besoin humain de traiter et de communiquer de plus en plus grandes quantit\u00e9s d\u2019informations de plus en plus complexes\u00a0\u00bb selon le designer Charles Eames qui r\u00e9alise l\u2019exposition <em>The Information Machine<\/em>, avec l\u2019architecte Eero Saarinen pour le pavillon IBM de l\u2019Exposition Universelle de New York, hymne au cerveau-machine, \u00e0 l\u2019ordinateur, p. 336. Mais le r\u00e9sidu, au sens noble, de tout cet ouvrage sur l\u2019exposition et les m\u00e9dias pourrait \u00eatre deux jeux de cartes\u00a0: la <em>House of Cards<\/em> des Eames, 1952, cartes-images d\u2019une grande vari\u00e9t\u00e9 de figures et motifs recto-verso, reproduites photographiquement en couleurs, et l\u2019<em>Atlas Mn\u00e9mozine<\/em> d\u2019Aby Warburg, 1929, pens\u00e9 comme un ensemble de fiches volantes comportant chacune une s\u00e9rie d\u2019images, reproductions photographiques en noir et blanc d\u2019\u0153uvres d\u2019art et au-del\u00e0, pour composer des expositions pour soi. Ainsi, la photographie, substitut d\u2019image mentale, et activatrice d\u2019un cerveau en marche, aujourd\u2019hui utilisateur intelligent du flux d\u2019images-internet, reste le m\u00e9dia porteur de l\u2019\u00ab\u00a0art discursif\u00a0\u00bb du m\u00e9dium exposition.\u00bb \u2028Liliane Terrier<\/p>\n<p>* \u00abL\u2019ouvrage est issu d\u2019un colloque \u00e9ponyme tenu \u00e0 l\u2019Universit\u00e9 de Lausanne en 2009. 3e colloque semestriel du Centre des Sciences historiques de la culture, unit\u00e9 interdisciplinaire de la Facult\u00e9 des Lettres tourn\u00e9e vers l\u2019histoire culturelle et l\u2019interm\u00e9dialit\u00e9, et le premier organis\u00e9 dans le cadre du projet de recherche \u2018L\u2019exposition moderne de la photographie 1920-1970\u2019. Il avait pour vis\u00e9e de resituer l\u2019\u00e9tude sp\u00e9cifique de l\u2019exposition photographique dans un contexte \u00e9largi, en la confrontant de fa\u00e7on plus globale \u00e0 la question de la sc\u00e9nographie des m\u00e9dias et en faisant dialoguer pour cela des historiens de l\u2019art, du cin\u00e9ma et de la t\u00e9l\u00e9vision, chercheurs universitaires comme responsables de mus\u00e9es.\u00bb p. 18<\/p><\/blockquote>\n<p>et <em>Immemor<\/em>y de Chris Marker, o\u00f9 le situer <a href=\"http:\/\/www.chrismarker.org\/immemory\/\" target=\"_blank\">http:\/\/www.chrismarker.org\/immemory<\/a>\/<\/p>\n","protected":false},"excerpt":{"rendered":"<p>http:\/\/www.poolproject.net\/53\/ Stan VanDerBeek, Movie-Drome, 1963\u20131966\/2012. Installation view, \u00ab\u00a0Go! You Sure? Yeah,\u00a0\u00bb at LUMA \/Westbau, Zurich. Courtesy the Estate of Stan VanDerBeek. Photo: Stefan Altenburger Photography, Zurich. Rappel d&rsquo;un compte-rendu de livre qui en parle. Exposition et m\u00e9dias : Photographie, cin\u00e9ma et t\u00e9l\u00e9vision, (sous la dir. d\u2019Olivier Lugon), L\u2019\u00c2ge d\u2019Homme, Collection \u00ab\u00a0Histoire et Esth\u00e9tique du cin\u00e9ma\u00a0\u00bb, &hellip; <a href=\"https:\/\/lantb.net\/uebersicht\/?p=7975\" class=\"more-link\">Continuer la lecture de <span class=\"screen-reader-text\">Go! You sure? Yeah. Y aller&#8230;.<\/span><\/a><\/p>\n","protected":false},"author":2,"featured_media":0,"comment_status":"closed","ping_status":"closed","sticky":false,"template":"","format":"standard","meta":{"footnotes":""},"categories":[212,242,252,90],"tags":[],"class_list":["post-7975","post","type-post","status-publish","format-standard","hentry","category-couleurs","category-livre-2","category-lumiere-2","category-varia-art"],"_links":{"self":[{"href":"https:\/\/lantb.net\/uebersicht\/index.php?rest_route=\/wp\/v2\/posts\/7975","targetHints":{"allow":["GET"]}}],"collection":[{"href":"https:\/\/lantb.net\/uebersicht\/index.php?rest_route=\/wp\/v2\/posts"}],"about":[{"href":"https:\/\/lantb.net\/uebersicht\/index.php?rest_route=\/wp\/v2\/types\/post"}],"author":[{"embeddable":true,"href":"https:\/\/lantb.net\/uebersicht\/index.php?rest_route=\/wp\/v2\/users\/2"}],"replies":[{"embeddable":true,"href":"https:\/\/lantb.net\/uebersicht\/index.php?rest_route=%2Fwp%2Fv2%2Fcomments&post=7975"}],"version-history":[{"count":0,"href":"https:\/\/lantb.net\/uebersicht\/index.php?rest_route=\/wp\/v2\/posts\/7975\/revisions"}],"wp:attachment":[{"href":"https:\/\/lantb.net\/uebersicht\/index.php?rest_route=%2Fwp%2Fv2%2Fmedia&parent=7975"}],"wp:term":[{"taxonomy":"category","embeddable":true,"href":"https:\/\/lantb.net\/uebersicht\/index.php?rest_route=%2Fwp%2Fv2%2Fcategories&post=7975"},{"taxonomy":"post_tag","embeddable":true,"href":"https:\/\/lantb.net\/uebersicht\/index.php?rest_route=%2Fwp%2Fv2%2Ftags&post=7975"}],"curies":[{"name":"wp","href":"https:\/\/api.w.org\/{rel}","templated":true}]}}