{"id":7262,"date":"2013-07-10T08:13:11","date_gmt":"2013-07-10T06:13:11","guid":{"rendered":"http:\/\/lantb.net\/uebersicht\/?p=7262"},"modified":"2014-01-26T21:55:43","modified_gmt":"2014-01-26T20:55:43","slug":"philippe-jeammet-boris-cyroulnik","status":"publish","type":"post","link":"https:\/\/lantb.net\/uebersicht\/?p=7262","title":{"rendered":"Philippe Jeammet. Boris Cyrulnik"},"content":{"rendered":"<p>1.<br \/>\nPhilippe Jeammet p\u00e9dopsychiatre (citations)<\/p>\n<blockquote><p>\u00abJe crois que nous avons la chance d&rsquo;arriver \u00e0 un moment, \u00e0 un tournant dans notre conception des maladies mentales du fait de l&rsquo;accumulation des connaissances\u00bb.<br \/>\n\u00abParadoxalement je verrais <span style=\"color: #008000;\">les troubles psychiatriques<\/span> comme\u00a0 des <span style=\"color: #008000;\">conduites adaptatives; des conduites adaptatives \u00e0 des difficult\u00e9s \u00e9motionnelles.\u00bb<br \/>\n\u00abAvec l&rsquo;adolescent et surtout l&rsquo;adolescent en difficult\u00e9, on a un double miroir grossissant, comme une sorte d&rsquo;exp\u00e9rimentation involontaire de ce qui est le destin humain.\u00bb<br \/>\n<\/span>\u00abL&rsquo;adolescence est li\u00e9e \u00e0 la pubert\u00e9. Or la pubert\u00e9 vous oblige \u00e0 vous positionner au niveau de votre personnalit\u00e9, c&rsquo;est-\u00e0-dire de votre territoire, d&rsquo;une fa\u00e7on nouvelle et diff\u00e9rente de celle de l&rsquo;adulte. Il y a un partage du territoire \u2013ce qui se passe aussi pour les animaux\u2013 et de partage des objets sexuels. Ce qui fait de la pubert\u00e9 ce moment de r\u00e9appropriation de notre h\u00e9ritage, mais aussi des difficult\u00e9s que nous pouvons avoir \u00e0 l&rsquo;int\u00e9rieur de nous, des peurs, des angoisses, des incertitudes, de l&rsquo;estime de soi. Tout cela va \u00eatre mis \u00e0 l&rsquo;\u00e9preuve. \u00bb<br \/>\n\u00abLe probl\u00e8me n&rsquo;est pas tant celui de l&rsquo;interdit que celui de la s\u00e9curit\u00e9 int\u00e9rieure&#8230;, le doute sur les capacit\u00e9s \u00e0 faire face \u00e0 la nouveaut\u00e9 et \u00e0 s&rsquo;imposer&#8230; La libert\u00e9 c&rsquo;est une mise \u00e0 l&rsquo;\u00e9preuve de nos ressources.\u00bb<br \/>\n\u00abCe qui caract\u00e9rise l&rsquo;homme par rapport \u00e0 l&rsquo;animal et qui est autant de sources d&rsquo;\u00e9motions: c&rsquo;est la conscience d&rsquo;\u00eatre conscient de soi, c&rsquo;est le d\u00e9sir de comprendre pourquoi on est sur terre, c&rsquo;est la conscience que l&rsquo;on peut mourir et tout perdre, et c&rsquo;est la conscience qu&rsquo;il faut se nourrir des autres. Donc autant de sources de troubles \u00e9motionnels. Par exemple: comment \u00eatre indiff\u00e9rent si je ne fais que de me nourrir de l&rsquo;autre? C&rsquo;est la question de l&rsquo;ob\u00e9issance, de la soumission aux parents qui va appara\u00eetre et que l&rsquo;adolescent fait exploser. Et vous le savez, plus on a besoin de l&rsquo;autre, plus on va ressentir ce besoin comme un pouvoir de l&rsquo;autre sur nous. Au point que cela va vous prendre la t\u00eate.\u00bb<br \/>\n\u00abQu&rsquo;est-ce que tu vaux? Est-ce que tu comptes pour quelqu&rsquo;un? C&rsquo;est ce miroir qui correspond \u00e0 la qu\u00eate r\u00e9flexive. On ne peut y \u00e9chapper parce que c&rsquo;est elle qui est touch\u00e9e directement par les maladies dites mentales.\u00bb<br \/>\n\u00abLes troubles dits psychiques sont des r\u00e9ponses non voulues, non choisies, \u00e0 une menace contre notre hom\u00e9ostasie psychique [en m\u00e9decine: capacit\u00e9 d&rsquo;autor\u00e9gulation pour la conservation de l&rsquo;\u00e9quilibre]: un sentiment de malaise, un sentiment de pression contre lequel nous sommes programm\u00e9s comme les animaux, pour r\u00e9agir activement, pour <span style=\"color: #008000;\">apaiser cette tension<\/span>. On peut l&rsquo;apaiser <span style=\"color: #008000;\">d&rsquo;une mani\u00e8re cr\u00e9ative<\/span>. C&rsquo;est ce que l&rsquo;on va trouver \u00e0 l&rsquo;adolescence, c&rsquo;est la passion, c&rsquo;est se jeter \u00e0 corps perdu dans des activit\u00e9s pour essayer de se revaloriser. Derri\u00e8re cette passion, il y a une qu\u00eate de valorisation, une recherche de soi avec son c\u00f4t\u00e9 positif que la passion permet de d\u00e9couvrir.\u00bb<br \/>\n\u00abL&rsquo;on peut voir les troubles dits psychiques comme des conduites adaptatives. Mais le probl\u00e8me des troubles mentaux c&rsquo;est qu&rsquo;ils vont toucher un des trois domaines n\u00e9cessaires \u00e0 la vie: \u2014nourrir son corps, \u2014d\u00e9velopper ses comp\u00e9tences au sens large, \u2014la sociabilit\u00e9.\u00bb<\/p>\n<blockquote><p>[Foucault dit plus finement dans \u00abLa Folie et la soci\u00e9t\u00e9\u00bb, <em>Dits et Ecrits<\/em>,\u00a0p.997 \u00abEn gros, les domaines des activit\u00e9s humaines peuvent \u00eatre divis\u00e9s en ces quatre cat\u00e9gories: \u2014travail ou production \u00e9conomique; \u2014sexualit\u00e9, famille, c&rsquo;est-\u00e0-dire reproduction de la soci\u00e9t\u00e9; \u2014langage, parole; \u2014activit\u00e9s ludiques, comme jeux et f\u00eates\u00bb et ajoute que \u00abque dans toutes les soci\u00e9t\u00e9s, il y a des personnes qui ont des comportements diff\u00e9rents des autres, \u00e9chappant aux r\u00e8gles commun\u00e9ment\u00a0 d\u00e9finies dans ces quatre domaines, bref, ce qu&rsquo;on appelle des individus marginaux.\u00bb]<\/p><\/blockquote>\n<p>\u00abD\u00e8s que l&rsquo;on va mal, tous autant que l&rsquo;on est, on se ferme dans au moins une de ces trois n\u00e9cessit\u00e9s pour se donner un peu de temps pour se prot\u00e9ger. Mais si cela devient un enfermement qui vous emp\u00eache de vous valoriser, de vous ressourcer dans l&rsquo;\u00e9change et qui vous ampute d&rsquo;une partie de vos potentialit\u00e9s, c&rsquo;est le cercle vicieux. Moins je me sens de comp\u00e9tences, moins j&rsquo;ai confiance en moi, plus j&rsquo;ai peur des autres, plus je me prot\u00e8ge en m&rsquo;enfermant dans mon monde. Un cercle vicieux hautement pathog\u00e8ne. La maladie mentale, c&rsquo;est l&rsquo;enfermement dans le comportement que l&rsquo;on n&rsquo;a pas choisi, qui s&rsquo;est impos\u00e9 \u00e0 nous, mais auquel on adh\u00e8re parce qu&rsquo;il donne le sentiment d&rsquo;un r\u00f4le actif et plus on va mal, plus on s&rsquo;y agrippe, parce que tout le reste fout le camp!\u00bb<br \/>\n\u00ab<span style=\"color: #008000;\">La maladie mentale, c&rsquo;est une contrainte \u00e9motionnelle<\/span>, une contrainte que vous ne choisissez pas. Un des enjeux qui touche la question anthropologique et philosophique profonde est bien: qu&rsquo;est-ce qui fait que l&rsquo;on voit le verre \u00e0 demi-plein ou \u00e0 demi-vide? On n&rsquo;a jamais pu r\u00e9pondre \u00e0 cette question et pourtant l&rsquo;ambiance que l&rsquo;on va mettre autour de soi va en d\u00e9pendre. <span style=\"color: #008000;\">Il va falloir d\u00e9battre autrement qu&rsquo;en parlant en termes de maladies mentales, mais en discutant plus largement du poids de la contrainte \u00e9motionnelle qui est la partie la plus animale, la plus biologique; celle dont on ne peut pas se passer.<\/span>\u00bb<\/p>\n<p>[audio:http:\/\/www.lantb.net\/uebersicht\/wp-mp3\/Jeammet.m4a] <a href=\"http:\/\/www.lantb.net\/uebersicht\/wp-mp3\/Jeammet.m4a\" target=\"_blank\">Pour \u00e9couter sur iPhone ou iPad, cliquer ici<br \/>\n<\/a>lien &gt; <a href=\"http:\/\/lantb.net\/uebersicht\/?p=7834\" target=\"_blank\">http:\/\/lantb.net\/uebersicht\/?p=7834<\/a><\/p><\/blockquote>\n<blockquote><p>2.<br \/>\nBoris Cyrulnik neuropsychiatre, \u00e9thologue et psychanalyste (abstract)<br \/>\nLa maladie psychiatrique dans la soci\u00e9t\u00e9<br \/>\n<em>C&rsquo;est ainsi que se pose le probl\u00e8me<\/em>&#8230; Ce qui pose beaucoup de probl\u00e8mes.<br \/>\nL&rsquo;objet de la sciences th\u00e9oriquement, est hors de nous et le scientifique met au point des m\u00e9thodes pour observer comment il est constitu\u00e9 et comment il fonctionne. Et pourtant, le choix de l&rsquo;objet de science parle quand m\u00eame de l&rsquo;observateur.<br \/>\nL&rsquo;objet de la psychiatrie n&rsquo;est pas hors de nous. Parfois, il est scientifique. Il d\u00e9crit un cerveau ab\u00eem\u00e9 ou des fonctionnements alt\u00e9r\u00e9s. M\u00eame ainsi, l&rsquo;objet psychiatrique d\u00e9clenche des r\u00e9actions de l&rsquo;entourage familial et culturel qui aggravent le tableau de l&rsquo;att\u00e9nuement des sympt\u00f4mes.<br \/>\nCertaines soci\u00e9t\u00e9s provoquent des troubles alors que les d\u00e9veloppements de la personne sont sains. Et tout se complique quand on d\u00e9couvre que certaines cultures consid\u00e8rent comme maladies des comportements que d&rsquo;autres cultures valorisent.<br \/>\n[audio:http:\/\/www.lantb.net\/uebersicht\/wp-mp3\/Cyrulnik.m4a] <a href=\"http:\/\/www.lantb.net\/uebersicht\/wp-mp3\/Cyrulnik.m4a\" target=\"_blank\">Pour \u00e9couter sur iPhone ou iPad, cliquer ici<\/a><\/p><\/blockquote>\n","protected":false},"excerpt":{"rendered":"<p>1. Philippe Jeammet p\u00e9dopsychiatre (citations) \u00abJe crois que nous avons la chance d&rsquo;arriver \u00e0 un moment, \u00e0 un tournant dans notre conception des maladies mentales du fait de l&rsquo;accumulation des connaissances\u00bb. \u00abParadoxalement je verrais les troubles psychiatriques comme\u00a0 des conduites adaptatives; des conduites adaptatives \u00e0 des difficult\u00e9s \u00e9motionnelles.\u00bb \u00abAvec l&rsquo;adolescent et surtout l&rsquo;adolescent en difficult\u00e9, &hellip; <a href=\"https:\/\/lantb.net\/uebersicht\/?p=7262\" class=\"more-link\">Continuer la lecture de <span class=\"screen-reader-text\">Philippe Jeammet. Boris Cyrulnik<\/span><\/a><\/p>\n","protected":false},"author":2,"featured_media":0,"comment_status":"closed","ping_status":"closed","sticky":false,"template":"","format":"standard","meta":{"footnotes":""},"categories":[258,4],"tags":[],"class_list":["post-7262","post","type-post","status-publish","format-standard","hentry","category-psy","category-varia"],"_links":{"self":[{"href":"https:\/\/lantb.net\/uebersicht\/index.php?rest_route=\/wp\/v2\/posts\/7262","targetHints":{"allow":["GET"]}}],"collection":[{"href":"https:\/\/lantb.net\/uebersicht\/index.php?rest_route=\/wp\/v2\/posts"}],"about":[{"href":"https:\/\/lantb.net\/uebersicht\/index.php?rest_route=\/wp\/v2\/types\/post"}],"author":[{"embeddable":true,"href":"https:\/\/lantb.net\/uebersicht\/index.php?rest_route=\/wp\/v2\/users\/2"}],"replies":[{"embeddable":true,"href":"https:\/\/lantb.net\/uebersicht\/index.php?rest_route=%2Fwp%2Fv2%2Fcomments&post=7262"}],"version-history":[{"count":0,"href":"https:\/\/lantb.net\/uebersicht\/index.php?rest_route=\/wp\/v2\/posts\/7262\/revisions"}],"wp:attachment":[{"href":"https:\/\/lantb.net\/uebersicht\/index.php?rest_route=%2Fwp%2Fv2%2Fmedia&parent=7262"}],"wp:term":[{"taxonomy":"category","embeddable":true,"href":"https:\/\/lantb.net\/uebersicht\/index.php?rest_route=%2Fwp%2Fv2%2Fcategories&post=7262"},{"taxonomy":"post_tag","embeddable":true,"href":"https:\/\/lantb.net\/uebersicht\/index.php?rest_route=%2Fwp%2Fv2%2Ftags&post=7262"}],"curies":[{"name":"wp","href":"https:\/\/api.w.org\/{rel}","templated":true}]}}