{"id":3645,"date":"2011-08-20T01:38:11","date_gmt":"2011-08-19T23:38:11","guid":{"rendered":"http:\/\/lantb.net\/uebersicht\/?p=3645"},"modified":"2011-08-28T06:40:18","modified_gmt":"2011-08-28T04:40:18","slug":"jean-starobinski-le-masque-et-le-pseudonyme","status":"publish","type":"post","link":"https:\/\/lantb.net\/uebersicht\/?p=3645","title":{"rendered":"Jean Starobinski. Le masque, le pseudonyme&#8230;"},"content":{"rendered":"<p>Jean Starobinski. \u00abLe masque\u00bb<br \/>\nin <em>Entretiens avec Jean Starobinski<\/em>, <em>Lire, \u00e9couter, parler, \u00e9crire<\/em>, 2 CD <a href=\"http:\/\/www.editionszoe.ch\/\" target=\"_blank\">http:\/\/www.editionszoe.ch\/<\/a><br \/>\n<img loading=\"lazy\" decoding=\"async\" class=\"alignnone size-full wp-image-3646\" title=\"Starobinski\" src=\"http:\/\/lantb.net\/uebersicht\/wp-content\/uploads\/2011\/08\/Starobinski.jpg\" alt=\"\" width=\"163\" height=\"292\" \/><br \/>\n\u00abJean Starobinski, professeur \u00e0 l\u2019universit\u00e9 de Gen\u00e8ve, fut tr\u00e8s engag\u00e9 \u00e0  la fois dans son enseignement o\u00f9 il savait \u00e9clairer le pr\u00e9sent par le  pass\u00e9 et dans la vie citoyenne, notamment lors des Rencontres  Internationales de Gen\u00e8ve, initi\u00e9es d\u00e8s l\u2019imm\u00e9diat apr\u00e8s-guerre pour  donner la parole aux penseurs impliqu\u00e9s dans la reconstruction  europ\u00e9enne et capables, contre toute attente, de maintenir un dialogue  entre l\u2019est et l\u2019ouest, et en maintes autres occasions fournies par  l\u2019actualit\u00e9, qu\u2019elle soit universelle, suisse, romande ou genevoise. Dans les enregistrements donn\u00e9s ici \u00e0 entendre, vous  d\u00e9couvrirez l\u2019engagement du critique pour lequel tout se joue entre la  raison \u2013 avec ses exigences d\u2019ordre et de clart\u00e9 \u2013 et la passion vive.  Il transmet, par le biais des \u0153uvres d\u2019art, les n\u00e9cessit\u00e9s de la vie  int\u00e9rieure, imagination comprise, sans lesquelles la vie n\u2019est qu\u2019un  leurre ou une tr\u00e8s mauvaise farce. Starobinski est la s\u00e9duction faite  voix, non pour vous mener perdre, mais pour vous donner \u00e0 bien vivre et  le monde et vous-m\u00eame.\u00bb<\/p>\n<blockquote><p>Transcription [les trois voies de la notion de masque]<br \/>\nJ. S.: \u00ab[&#8230;] Le recours au masque, le moyen de fasciner, de s\u00e9duire les autres, qui \u00e0 l&rsquo;\u00e9poque se manifestait dans les r\u00e9gimes de type nazi ou fasciste par ce masque par excellence qu&rsquo;est l&rsquo;uniforme, le d\u00e9fil\u00e9. Il y a toute une conduite de fascination et m\u00eame d&rsquo;hypnotisation par le masque qui m&rsquo;int\u00e9ressait \u00e0 l&rsquo;\u00e9poque, ce qui fait que je me suis engag\u00e9 dans une recherche des conduites masqu\u00e9es, une analyse des conduites masqu\u00e9es, apr\u00e8s tout il n&rsquo;y a pas que les collectivit\u00e9s qui se masquent, il y a aussi des individus qui se masquent. Ceci m&rsquo;a conduit \u00e0 examiner d&rsquo;assez pr\u00e8s les pseudonymes de Stendhal, les conduites masqu\u00e9es d&rsquo;un Stendhal, cela fait partie de la politique de l&rsquo;individu face aux autres, dont il d\u00e9sire d\u00e9jouer l&rsquo;hostilit\u00e9.<br \/>\nQ.: [&#8230;] Stendhal a une valeur exemplaire, mais est-ce que chaque homme porte un masque, se camoufle?<br \/>\nJ. S.: Je crois qu&rsquo;il faut dater la conduite de Stendhal et le recours aux pseudonymes chez Stendhal, c&rsquo;est un comportement\u00a0 qui caract\u00e9rise l&rsquo;individu du romantisme naissant, l&rsquo;individu qui a pris conscience de son moi, de l&rsquo;opposition entre son moi et les autres, qui tient son moi pour pr\u00e9cieux et qui d\u00e9sire le prot\u00e9ger. <span style=\"color: #008000;\">Le masque et le pseudonyme, c&rsquo;est une arme \u00e0 la fois d\u00e9fensive et offensive mais derri\u00e8re laquelle se cache la conscience de soi et la volont\u00e9 de s&rsquo;imposer aux autres<\/span>.<br \/>\nJe ne g\u00e9n\u00e9raliserai pas, je ne crois pas que la conduite pseudonymique de Stendhal soit universalisable. Elle a son insertion socio-historique tr\u00e8s\u00a0 nette. C&rsquo;est la raison pour laquelle, le probl\u00e8me du masque ne me para\u00eet pas \u00eatre un probl\u00e8me \u00e9ternel ou non dat\u00e9. C&rsquo;est une possibilit\u00e9 \u00e9ternelle de l&rsquo;homme, mais qui change de signification selon les cultures, les \u00e9poques, les moments historiques.<br \/>\nQ.: D&rsquo;autres exemples de masque?<br \/>\nJ. S.: Il n&rsquo;y a pas que le masque que l&rsquo;on rev\u00eat. Il y a aussi une attitude courante aujourd&rsquo;hui\u00a0 et qui prend naissance, il est difficile de voir o\u00f9 elle prend naissance, car on la trouve d\u00e9j\u00e0 cette attitude dans l&rsquo;antiquit\u00e9, c&rsquo;est la d\u00e9nonciation du masque, c&rsquo;est l&rsquo;attitude du soup\u00e7on, du grief qui consiste \u00e0 r\u00e9cuser les apparences, \u00e0 d\u00e9clarer qu&rsquo;elles sont trompeuses, qu&rsquo;il faut chercher derri\u00e8re la grimace, la v\u00e9rit\u00e9 de l&rsquo;homme, derri\u00e8re le sourire ou la s\u00e9duction, une v\u00e9rit\u00e9 diff\u00e9rente. Cela peut tr\u00e8s rapidement conduire aux th\u00e9ories que les th\u00e9ologiens formaient au 17e et 18e si\u00e8cle de la fausse conscience. Bourdaloue dit que nous nous formons une conscience selon nos int\u00e9r\u00eats et nos d\u00e9sirs. Et puis il y a tout le courant qui se pla\u00eet \u00e0 arracher des masques ou des id\u00e9ologies pour mettre \u00e0 nu sous le masque, sous l&rsquo;id\u00e9ologie, une r\u00e9alit\u00e9 sous-jacente, une infrastructure. Vous voyez que cela conduit tr\u00e8s loin, cette analyse du masque, soit que le th\u00e8me soit pris par son c\u00f4t\u00e9 offensif (le port du masque, la conduite de celui qui s&rsquo;est masqu\u00e9) soit que le th\u00e8me soit pris par son c\u00f4t\u00e9 n\u00e9gatif ou critique, le refus du masque, la d\u00e9fiance \u00e0 l&rsquo;\u00e9gard de ce qui se pr\u00e9sente \u00e0 nous sous une forme masqu\u00e9e.<br \/>\nOr ma d\u00e9couverte, c&rsquo;est que le refus du masque, la d\u00e9nonciation du monde comme un th\u00e9\u00e2tre, comme un jeu de masques et de vains masques, c&rsquo;est le propre du m\u00e9lancolique dans la tradition litt\u00e9raire.<br \/>\nDans <em>As You Like It<\/em>, celui qui d\u00e9veloppe admirablement le th\u00e8me du monde masqu\u00e9 et qui prend, qui \u00e9prouve une distance invincible \u00e0 l&rsquo;\u00e9gard de ce monde masqu\u00e9, c&rsquo;est Jacques\u00a0 et c&rsquo;est le type m\u00eame du m\u00e9lancolique. Si vous poursuivez l&rsquo;enqu\u00eate, vous vous apercevrez que le m\u00e9lancolique c&rsquo;est le type humain que la tradition culturelle fixe dans l&rsquo;attitude de refus du monde, et le monde est refus\u00e9 parce qu&rsquo;il n&rsquo;est fait que de mines, que de grimaces et cette d\u00e9nonciation, quand c&rsquo;est Montaigne qui la porte, il l&rsquo;attribue d\u00e9lib\u00e9r\u00e9ment, consciemment \u00e0 un penchant m\u00e9lancolique en lui qui le pousse \u00e0 \u00e9crire. Donc, nous voyons s&rsquo;ouvrir devant nous une esp\u00e8ce de perspective double, histoire du masque, histoire du d\u00e9masquage, histoire de la d\u00e9fiance m\u00e9lancolique \u00e0 l&rsquo;\u00e9gard du r\u00e9el.\u00bb<\/p><\/blockquote>\n","protected":false},"excerpt":{"rendered":"<p>Jean Starobinski. \u00abLe masque\u00bb in Entretiens avec Jean Starobinski, Lire, \u00e9couter, parler, \u00e9crire, 2 CD http:\/\/www.editionszoe.ch\/ \u00abJean Starobinski, professeur \u00e0 l\u2019universit\u00e9 de Gen\u00e8ve, fut tr\u00e8s engag\u00e9 \u00e0 la fois dans son enseignement o\u00f9 il savait \u00e9clairer le pr\u00e9sent par le pass\u00e9 et dans la vie citoyenne, notamment lors des Rencontres Internationales de Gen\u00e8ve, initi\u00e9es d\u00e8s &hellip; <a href=\"https:\/\/lantb.net\/uebersicht\/?p=3645\" class=\"more-link\">Continuer la lecture de <span class=\"screen-reader-text\">Jean Starobinski. Le masque, le pseudonyme&#8230;<\/span><\/a><\/p>\n","protected":false},"author":2,"featured_media":0,"comment_status":"closed","ping_status":"closed","sticky":false,"template":"","format":"standard","meta":{"footnotes":""},"categories":[4],"tags":[],"class_list":["post-3645","post","type-post","status-publish","format-standard","hentry","category-varia"],"_links":{"self":[{"href":"https:\/\/lantb.net\/uebersicht\/index.php?rest_route=\/wp\/v2\/posts\/3645","targetHints":{"allow":["GET"]}}],"collection":[{"href":"https:\/\/lantb.net\/uebersicht\/index.php?rest_route=\/wp\/v2\/posts"}],"about":[{"href":"https:\/\/lantb.net\/uebersicht\/index.php?rest_route=\/wp\/v2\/types\/post"}],"author":[{"embeddable":true,"href":"https:\/\/lantb.net\/uebersicht\/index.php?rest_route=\/wp\/v2\/users\/2"}],"replies":[{"embeddable":true,"href":"https:\/\/lantb.net\/uebersicht\/index.php?rest_route=%2Fwp%2Fv2%2Fcomments&post=3645"}],"version-history":[{"count":0,"href":"https:\/\/lantb.net\/uebersicht\/index.php?rest_route=\/wp\/v2\/posts\/3645\/revisions"}],"wp:attachment":[{"href":"https:\/\/lantb.net\/uebersicht\/index.php?rest_route=%2Fwp%2Fv2%2Fmedia&parent=3645"}],"wp:term":[{"taxonomy":"category","embeddable":true,"href":"https:\/\/lantb.net\/uebersicht\/index.php?rest_route=%2Fwp%2Fv2%2Fcategories&post=3645"},{"taxonomy":"post_tag","embeddable":true,"href":"https:\/\/lantb.net\/uebersicht\/index.php?rest_route=%2Fwp%2Fv2%2Ftags&post=3645"}],"curies":[{"name":"wp","href":"https:\/\/api.w.org\/{rel}","templated":true}]}}