{"id":1598,"date":"2009-10-26T11:54:25","date_gmt":"2009-10-26T10:54:25","guid":{"rendered":"http:\/\/lantb.net\/uebersicht\/?p=1598"},"modified":"2009-11-02T08:04:30","modified_gmt":"2009-11-02T07:04:30","slug":"mohammad-malakhel-miakil-julka-et-ghafar-miakhail","status":"publish","type":"post","link":"https:\/\/lantb.net\/uebersicht\/?p=1598","title":{"rendered":"Kaboul. Pr\u00e8s de l&rsquo;a\u00e9roport. 21 octobre 2009."},"content":{"rendered":"<blockquote><p><img loading=\"lazy\" decoding=\"async\" class=\"alignnone size-full wp-image-1599\" title=\"trois\" src=\"http:\/\/lantb.net\/uebersicht\/wp-content\/uploads\/2009\/10\/trois.jpg\" alt=\"trois\" width=\"550\" height=\"370\" \/><br \/>\nKaboul. Mohammad Malakhel, Miakil Julka et Ghafar Miakhail, les trois jeunes Afghans expuls\u00e9s de France, lors d&rsquo;un vol-charter group\u00e9. Ils quittent l&rsquo;a\u00e9roport de Kaboul, le 21 octobre.<br \/>\n\u00a9 AFP\/ROMEO GACAD.<\/p><\/blockquote>\n<blockquote><p><a href=\"http:\/\/lantb.net\/uebersicht\/wp-content\/uploads\/2009\/11\/the-family-of-man.jpg\"><img loading=\"lazy\" decoding=\"async\" class=\"alignnone size-full wp-image-1632\" title=\"the-family-of-man\" src=\"http:\/\/lantb.net\/uebersicht\/wp-content\/uploads\/2009\/11\/the-family-of-man.jpg\" alt=\"the-family-of-man\" width=\"240\" height=\"313\" srcset=\"https:\/\/lantb.net\/uebersicht\/wp-content\/uploads\/2009\/11\/the-family-of-man.jpg 436w, https:\/\/lantb.net\/uebersicht\/wp-content\/uploads\/2009\/11\/the-family-of-man-230x300.jpg 230w\" sizes=\"auto, (max-width: 240px) 100vw, 240px\" \/><\/a><br \/>\nC<a href=\"http:\/\/click.si.edu\/Image.aspx?image=5266&amp;story=273&amp;back=Story\" target=\"_blank\">over of <em>The Family of Man<\/em><\/a>, 1955. Edward Steichen. Publication.<br \/>\nPrivate Collection, \u00a9 1955 The Museum of Modern Art, New York<\/p><\/blockquote>\n","protected":false},"excerpt":{"rendered":"<p>Kaboul. Mohammad Malakhel, Miakil Julka et Ghafar Miakhail, les trois jeunes Afghans expuls\u00e9s de France, lors d&rsquo;un vol-charter group\u00e9. Ils quittent l&rsquo;a\u00e9roport de Kaboul, le 21 octobre. \u00a9 AFP\/ROMEO GACAD. Cover of The Family of Man, 1955. Edward Steichen. Publication. Private Collection, \u00a9 1955 The Museum of Modern Art, New York<\/p>\n","protected":false},"author":2,"featured_media":0,"comment_status":"closed","ping_status":"closed","sticky":false,"template":"","format":"standard","meta":{"footnotes":""},"categories":[90,4],"tags":[147],"class_list":["post-1598","post","type-post","status-publish","format-standard","hentry","category-varia-art","category-varia","tag-afghans"],"_links":{"self":[{"href":"https:\/\/lantb.net\/uebersicht\/index.php?rest_route=\/wp\/v2\/posts\/1598","targetHints":{"allow":["GET"]}}],"collection":[{"href":"https:\/\/lantb.net\/uebersicht\/index.php?rest_route=\/wp\/v2\/posts"}],"about":[{"href":"https:\/\/lantb.net\/uebersicht\/index.php?rest_route=\/wp\/v2\/types\/post"}],"author":[{"embeddable":true,"href":"https:\/\/lantb.net\/uebersicht\/index.php?rest_route=\/wp\/v2\/users\/2"}],"replies":[{"embeddable":true,"href":"https:\/\/lantb.net\/uebersicht\/index.php?rest_route=%2Fwp%2Fv2%2Fcomments&post=1598"}],"version-history":[{"count":0,"href":"https:\/\/lantb.net\/uebersicht\/index.php?rest_route=\/wp\/v2\/posts\/1598\/revisions"}],"wp:attachment":[{"href":"https:\/\/lantb.net\/uebersicht\/index.php?rest_route=%2Fwp%2Fv2%2Fmedia&parent=1598"}],"wp:term":[{"taxonomy":"category","embeddable":true,"href":"https:\/\/lantb.net\/uebersicht\/index.php?rest_route=%2Fwp%2Fv2%2Fcategories&post=1598"},{"taxonomy":"post_tag","embeddable":true,"href":"https:\/\/lantb.net\/uebersicht\/index.php?rest_route=%2Fwp%2Fv2%2Ftags&post=1598"}],"curies":[{"name":"wp","href":"https:\/\/api.w.org\/{rel}","templated":true}]}}