{"id":9888,"date":"2015-01-14T23:32:45","date_gmt":"2015-01-14T22:32:45","guid":{"rendered":"http:\/\/lantb.net\/uebersicht\/?p=9888"},"modified":"2015-01-26T13:18:40","modified_gmt":"2015-01-26T12:18:40","slug":"limprimerie-a-lecole-2","status":"publish","type":"post","link":"http:\/\/lantb.net\/uebersicht\/?p=9888","title":{"rendered":"L&rsquo;imprimerie \u00e0 l&rsquo;\u00e9cole, c\u0153ur de la p\u00e9dagogie Freinet"},"content":{"rendered":"<p>\u00ab\u00a0Freinet, est un mat\u00e9rialiste. Il ne dit pas, faites ceci, faites cela, mais mettez l&rsquo;imprimerie dans votre classe et vous verrez ce qu&rsquo;il advient.\u00a0\u00bb<\/p>\n<p>Dans le d\u00e9partement Arts plastiques, cr\u00e9\u00e9 au sein du Centre universitaire exp\u00e9rimental de Vincennes, s\u2019instaure dans les ann\u00e9es 70 un courant artistique \u00abde terrain\u00bb qu\u2019on peut qualifier r\u00e9trospectivement d&rsquo;\u00abactiviste\u00bb, repr\u00e9sentant une des modalit\u00e9s de l\u2019art contextuel contemporain, avec deux m\u00e9diums <em>do it yourself <\/em>de cr\u00e9ation-\u00e9dition-diffusion d\u2019images et de texte-image: la linogravure \u2014sur une ligne Freinet de \u00abl&rsquo;imprimerie \u00e0 l\u2019\u00e9cole\u00bb\u2014 et la s\u00e9rigraphie, \u2014m\u00e9dium d&rsquo;agit-prop en mai 68, pratiqu\u00e9 selon une nouvelle forme d&rsquo;\u00abimprimerie \u00e0 l&rsquo;\u00e9cole\u00bb, celle de l&rsquo;atelier populaire des Beaux-arts de Paris et de l&rsquo;Ecole sup\u00e9rieure des arts d\u00e9coratifs, rue d&rsquo;Ulm.<\/p>\n<p><span style=\"color: #ffffff;\">\u2026<\/span><br \/>\nLa linogravure, composante image indissociable du \u00abtexte libre\u00bb imprim\u00e9<\/p>\n<p>La technique Freinet, du nom de son fondateur, C\u00e9lestin Freinet, instituteur de classe primaire dans les villages d&rsquo;Alpes Maritimes de Bar-sur-Loup (1920-1928), puis de Vence (1928-1940, 1945-1966), est une \u00ab\u00a0m\u00e9thode nouvelle d&rsquo;\u00e9ducation populaire bas\u00e9e sur l&rsquo;expression libre par l&rsquo;imprimerie \u00e0 l&rsquo;\u00e9cole\u00a0\u00bb (1924): \u00ab\u00a0Il s\u2019agit [dit Freinet] de laisser les enfants \u00e9mettre leurs propres hypoth\u00e8ses, faire leurs propres d\u00e9couvertes, [par la promenade de\u00a0 type anthropologie participative], \u00e9ventuellement constater et admettre leurs \u00e9checs mais aussi parvenir \u00e0 de belles r\u00e9ussites dont ils peuvent se sentir les vrais auteurs\u00a0\u00bb par l&rsquo;effet m\u00eame de \u00abla transcription majestueuse [du texte libre] en caract\u00e8re imprim\u00e9, son illustration [linogravure] et sa diffusion [revue d&rsquo;\u00e9cole]\u00bb.<\/p>\n<p><a href=\"http:\/\/lantb.net\/uebersicht\/wp-content\/uploads\/2015\/01\/page2.jpg\"><img loading=\"lazy\" decoding=\"async\" class=\"alignnone  wp-image-9972\" src=\"http:\/\/lantb.net\/uebersicht\/wp-content\/uploads\/2015\/01\/page2-638x1024.jpg\" alt=\"page2\" width=\"283\" height=\"454\" srcset=\"http:\/\/lantb.net\/uebersicht\/wp-content\/uploads\/2015\/01\/page2-638x1024.jpg 638w, http:\/\/lantb.net\/uebersicht\/wp-content\/uploads\/2015\/01\/page2-187x300.jpg 187w, http:\/\/lantb.net\/uebersicht\/wp-content\/uploads\/2015\/01\/page2.jpg 700w\" sizes=\"auto, (max-width: 283px) 100vw, 283px\" \/><\/a> (1)\u00a0<a href=\"http:\/\/lantb.net\/uebersicht\/wp-content\/uploads\/2015\/01\/cochon2.jpg\"><img loading=\"lazy\" decoding=\"async\" class=\"alignnone  wp-image-9987\" src=\"http:\/\/lantb.net\/uebersicht\/wp-content\/uploads\/2015\/01\/cochon2.jpg\" alt=\"cochon2\" width=\"307\" height=\"454\" srcset=\"http:\/\/lantb.net\/uebersicht\/wp-content\/uploads\/2015\/01\/cochon2.jpg 449w, http:\/\/lantb.net\/uebersicht\/wp-content\/uploads\/2015\/01\/cochon2-203x300.jpg 203w\" sizes=\"auto, (max-width: 307px) 100vw, 307px\" \/><\/a> (2)<br \/>\nL&rsquo;image grav\u00e9e sur linol\u00e9um (1) est associ\u00e9e \u00e0 une composition typographique sur une m\u00eame page (2), de format livret,<\/p>\n<p><a href=\"http:\/\/lantb.net\/uebersicht\/wp-content\/uploads\/2015\/01\/ecole-Freinet-006.jpg\"><img loading=\"lazy\" decoding=\"async\" class=\"alignnone  wp-image-9974\" src=\"http:\/\/lantb.net\/uebersicht\/wp-content\/uploads\/2015\/01\/ecole-Freinet-006.jpg\" alt=\"ecole Freinet 006\" width=\"642\" height=\"438\" srcset=\"http:\/\/lantb.net\/uebersicht\/wp-content\/uploads\/2015\/01\/ecole-Freinet-006.jpg 1016w, http:\/\/lantb.net\/uebersicht\/wp-content\/uploads\/2015\/01\/ecole-Freinet-006-300x205.jpg 300w\" sizes=\"auto, (max-width: 642px) 100vw, 642px\" \/><\/a> <em><br \/>\n<\/em>pour \u00eatre imprim\u00e9e sur la petite presse typographique Lino. Les pages imprim\u00e9es, \u00e9dit\u00e9es en nombre composent des revues d&rsquo;\u00e9coles qui sont diffus\u00e9es et \u00e9chang\u00e9es dans le r\u00e9seau d&rsquo;\u00e9coles Freinet.<br \/>\nLe\u00a0 film<em> L\u2019\u00c9cole buissonni\u00e8re<\/em> de Jean Le Chanois, 1949, est une fiction documentaire de l&rsquo;aventure p\u00e9dagogique de C\u00e9lestin Freinet,\u00a0<a href=\"https:\/\/www.youtube.com\/watch?v=PhXA9Hg18lU\" target=\"_blank\"> https:\/\/www.youtube.com\/watch?v=PhXA9Hg18lU<\/a>.<br \/>\n<span style=\"color: #ffffff;\">.<\/span><\/p>\n<p>Un cadre philosophique possible: le \u00ab\u00a0devenir enfant\u00a0\u00bb<\/p>\n<p>Pour r\u00e9-examiner le c\u0153ur de la p\u00e9dagogie ou technique Freinet \u2014\u00abl\u2019imprimerie \u00e0 l\u2019\u00e9cole\u00bb\u2014 qui s&rsquo;adressait \u00e0 de jeunes \u00e9l\u00e8ves de classe unique \u00e0 la campagne, et que nous-m\u00eame jeunes profs \u00e0 Vincennes pratiquions sous forme de <em>re-enactment<\/em> en 1974, avec les \u00e9tudiants, il semble opportun de lui rendre un cadre philosophique <em>seventies<\/em>: le concept guattaro-deleuzien du devenir-enfant (d\u00e9velopp\u00e9 dans <em>Mille<\/em> <em>plateaux<\/em>, paru en 1980).<\/p>\n<p>Liane Moz\u00e8re, sociologue guattarienne, dans son article \u00abDevenir-enfant\u00bb, <a href=\"http:\/\/leportique.revues.org\/1375\" target=\"_blank\">http:\/\/leportique.revues.org\/1375<\/a>, place ce concept, titre de son article, sur l\u2019axe de l\u2019\u00e9ducation des jeunes enfants,\u2014ce qui lui donne un cachet assez Freinet\u2014 en ouverture du <em>narrative<\/em> qui constitue son article, c&rsquo;est-\u00e0-dire l\u2019histoire de sa vie intellectuelle et sensible sur cinquante ans:<\/p>\n<p>\u00ab Devenir appartient donc aussi bien au pass\u00e9 qu\u2019\u00e0 l\u2019avenir. Le devenir, et le devenir-enfant en particulier, n\u2019est ni imitation, ni identification. Devenir-enfant est un enfant qui coexiste en nous, maintenu en vie par cette coexistence et qui est \u00e0 tout jamais s\u00e9par\u00e9 et \u00e9tranger \u00e0 l\u2019enfant \u2018tari\u2019. [&#8230;] [Car], la triangulation \u0153dipienne trans\u00adforme en effet l\u2019enfant des adultes, des p\u00e9dagogues, des psycho\u00adlogues et des sp\u00e9cialistes de l\u2019enfance en un \u00eatre &lsquo;tari qui fait d\u2019autant mieux l\u2019enfant qu\u2019aucun flux d\u2019enfance n&rsquo;\u00e9mane plus de lui&rsquo; [<em>Mille plateaux<\/em>]. [&#8230;] Il s\u2019agit au con\u00adtraire, d\u2019une part, de mettre au jour et en r\u00e9sonance le <em>dehors<\/em> que constituent les mondes que les jeunes enfants ne cessent de par\u00adcourir, et de l\u2019autre, d\u2019appr\u00e9hender, de mani\u00e8re fine, la mani\u00e8re dont leur d\u00e9sir se d\u00e9ploie.\u00bb<\/p>\n<p>Le devenir-enfant est intimement li\u00e9 au concept de bloc-enfance.<\/p>\n<p><a href=\"http:\/\/www.lespressesdureel.com\/auteur.php?id=633\" target=\"_blank\">Ren\u00e9 Sch\u00e9rer<\/a>, \u2014philosophe, participant avec Deleuze au d\u00e9partement de philosophie inclus dans <a href=\"http:\/\/www-artweb.univ-paris8.fr\/spip.php?article1742\" target=\"_blank\">l&rsquo;Unit\u00e9 de Formation Arts (UFR Arts)<\/a>\u2014, est cit\u00e9 largement par Liane Moz\u00e8re pour expliquer ce qu\u2019est le bloc-enfance ou bloc:<\/p>\n<p>\u00ab\u2018Le bloc est l\u2019enfance pr\u00e9serv\u00e9e, r\u00e9sistante, \u00e9mergeant, comme l\u2019iceberg, de la mer profonde ; l\u2019enfance rayonnante comme un cristal \u2014cristal du temps elle-m\u00eame\u2014 et, contre toute corrosion et menace, faisant bloc\u2019. L\u2019enfance, comme il le dit ailleurs, non \u2018comme souvenir, mais en devenir, pr\u00e9cis\u00e9ment, dans l\u2019orientation cr\u00e9atrice\u2019. Rappelant avec Thomas de Quincey que pour Levana, la d\u00e9esse tut\u00e9laire latine de l\u2019\u00e9ducation, il ne s\u2019agit pas de p\u00e9dagogie \u2018avec ses alphabets et les grammaires\u2019\u2026 mais de \u2018ce vaste syst\u00e8me de forces centrales qui est cach\u00e9 dans le sein profond de la vie humaine et qui travaille incessamment les enfants, leur enseignant tour \u00e0 tour la passion, la lutte, la tentation l\u2019\u00e9nergie de la r\u00e9sistance\u2019. Ren\u00e9 Sch\u00e9rer convoque \u00e9galement Goethe \u00e9crivant dans <em>l\u2019\u00c9l\u00e9gie \u00e0 Marienbad<\/em>: \u2018O\u00f9 que tu sois, sois tout entier comme un enfant\/Alors tu seras tout, tu seras invin\u00adcible\u2019\u00bb. Ren\u00e9 Sch\u00e9rer, <em>Enfantines<\/em>*, Anthropos, 2002)<\/p>\n<p>En \u00e9cho on trouve, cit\u00e9 encore par Liane Moz\u00e8re un autre philosophe deleuzien, Fran\u00e7ois Zourabichvili:<\/p>\n<p>\u00abOn adoptera [\u2026] le point de vue th\u00e9orique de l\u2019enfant, non par enfantillage, mais parce que tel est le bon sens dans lequel il faut consid\u00e9rer la vie humaine\u2026 Spinoza conteste d\u2019ailleurs l\u2019id\u00e9e de l\u2019homme \u2018fait\u2019 qui est, \u00e0 ses yeux une chim\u00e8re, c\u2019est lui ce faux adulte, cet incorrigible r\u00eaveur qui m\u00e9ritera tout au long du <em>Trait\u00e9 th\u00e9ologico-politique<\/em> l\u2019\u00e9pith\u00e8te <em>puerilis<\/em>, ultime avatar de l\u2019<em>infans adultus<\/em>\u00bb. Fran\u00e7ois Zourabichvili, <em>Enfance et royaume. Le conservatisme paradoxal de Spinoza<\/em>, PUF, 2002.<\/p>\n<p>Deleuze, en appelle \u00e0 Nietzche, pour installer la potentialit\u00e9 artistique du concept devenir-enfant dans son <em>Ab\u00e9c\u00e9daire<\/em>, DVD 1, \u00e0 2:04:30\u2013&gt; \u00abc\u2019est une autre t\u00e2che de devenir enfant par l\u2019\u00e9criture, arriver \u00e0 une enfance du monde, restaurer une enfance du monde, \u00e7a, c\u2019est une t\u00e2che de la litt\u00e9rature, Nietzche le savait.\u00bb<\/p>\n<p>Au fil de son <em>narrative<\/em>, Liane Moz\u00e8re dit encore:<br \/>\n\u00abce parcours [le sien] apr\u00e8s tout n\u2019aurait d\u2019int\u00e9r\u00eat si, cinquante apr\u00e8s, ce tropisme, ou ce bloc d\u2019enfance n\u2019avait fonctionn\u00e9 \u00e0 la mani\u00e8re d\u2019une machine d\u00e9sirante, soudain emball\u00e9e.\u00bb<\/p>\n<p>A Vincennes, nous reprenions \u00e0 notre compte cette esp\u00e8ce d&rsquo;\u00e9nergie cr\u00e9atrice \u00e9ditoriale propre \u00e0 la pratique de \u00abl&rsquo;imprimerie \u00e0 l&rsquo;\u00e9cole\u00bb de la classe Freinet, orient\u00e9e contexte social et politique \u2014le <em>dehors<\/em>\u2014 (voir les reproductions des revues Freinet), mais urbain, avec nos ateliers de linogravure et de s\u00e9rigraphie, dans un geste d&rsquo;utopie concr\u00e8te pr\u00e9caire, post soixante huitard et pro-chinois,\u00a0 amarr\u00e9 \u00e0 la gr\u00e8ve des loyers des r\u00e9sidents des foyers Sonacotra de Montreuil et d&rsquo;autres banlieues, \u00e0 des gr\u00e8ves ouvri\u00e8res, \u00e0 des mouvements de coll\u00e9giens d&rsquo;\u00e9tablissements proches ou moins proches et vers lesquels nous nous d\u00e9placions, comme \u00e0 des mouvements internationaux touchant les pays qualifi\u00e9s de Tiers-Monde (Afrique, Antilles, Asie) avec les \u00e9tudiants \u00e9trangers du d\u00e9partement d\u2019arts (nig\u00e9rians, guin\u00e9ens, iraniens, cambodgiens&#8230;).<\/p>\n<p><span style=\"color: #ffffff;\">\u2022<\/span><br \/>\nLa p\u00e9dagogie Freinet, c\u0153ur possible du mouvement de l\u2019\u00e9ducation nouvelle au 20e si\u00e8cle ?<\/p>\n<p>On peut noter qu\u2019un lien non dit existe entre Guattari et Freinet, par l\u2019interm\u00e9diaire du fr\u00e8re de Jean Oury, Fernand, p\u00e9dagogue bri\u00e8vement \u00abfrein\u00e9tique\u00bb et grand ami du F\u00e9lix \u00e9poque auberge de jeunesse et praticien de l\u2019\u00e9ducation populaire ouvri\u00e8re en banlieue parisienne. Fran\u00e7ois Dosse, <a href=\"http:\/\/www.editionsladecouverte.fr\/catalogue\/index-Gilles_Deleuze_Felix_Guattari-9782707158727.html\u2028\" target=\"_blank\"><em>Gilles Deleuze, F\u00e9lix Guattari, Biographie crois\u00e9e.<\/em><\/a><\/p>\n<p>Fernand Deligny est l\u2019autre lien pr\u00e9cieux entre Freinet, Guattari-Deleuze et les fr\u00e8res Oury.<\/p>\n<p>La page Wikip\u00e9dia consacr\u00e9e \u00e0 la p\u00e9dagogie Freinet &gt;<a href=\"http:\/\/fr.wikipedia.org\/wiki\/P%C3%A9dagogie_Freinet\" target=\"_blank\">http:\/\/fr.wikipedia.org\/wiki\/P%C3%A9dagogie_Freinet<\/a>, a la qualit\u00e9 d\u2019\u00eatre rhizomatique. A partir de l\u00e0, on en a d\u00e9j\u00e0 un r\u00e9cit tr\u00e8s circonstanci\u00e9 (voir aussi <a href=\"http:\/\/www.le-temps-des-instituteurs.fr\/ped-freinet.html\" target=\"_blank\">\u00able temps des instituteurs\u00bb<\/a>).<br \/>\nOn peut d\u00e9river par liens wikip\u00e9diatiques sur les p\u00e9dagogues novateurs europ\u00e9ens et am\u00e9ricain au 20e si\u00e8cle, \u00e0 l\u2019\u00e8re de l\u2019apr\u00e8s premi\u00e8re guerre, de l\u2019entre-deux guerres et de la seconde guerre puis de l\u2019apr\u00e8s-guerre: \u00e0 partir de la page Freinet, on part vers <a href=\"http:\/\/fr.wikipedia.org\/wiki\/Adolphe_Ferri%C3%A8re\" target=\"_blank\">Adolphe Ferri\u00e8re<\/a>, puis vers Gen\u00e8ve, foyer de m\u00e9thodes d\u2019\u00e9ducation nouvelle. Jean Starobinski fut \u00e9l\u00e8ve de l\u2019\u00e9cole de Clapar\u00e8de \u00e0 Gen\u00e8ve.<\/p>\n<blockquote><p><img loading=\"lazy\" decoding=\"async\" class=\"alignnone size-full wp-image-9776\" src=\"http:\/\/lantb.net\/uebersicht\/wp-content\/uploads\/2015\/01\/ConferenceBE.jpg\" alt=\"ConferenceBE\" width=\"425\" height=\"259\" srcset=\"http:\/\/lantb.net\/uebersicht\/wp-content\/uploads\/2015\/01\/ConferenceBE.jpg 425w, http:\/\/lantb.net\/uebersicht\/wp-content\/uploads\/2015\/01\/ConferenceBE-300x183.jpg 300w\" sizes=\"auto, (max-width: 425px) 100vw, 425px\" \/><a title=\"Ovide Decroly\" href=\"http:\/\/fr.wikipedia.org\/wiki\/Ovide_Decroly\" target=\"_blank\"><br \/>\nOvide Decroly<\/a>, <a title=\"Pierre Bovet\" href=\"http:\/\/fr.wikipedia.org\/wiki\/Pierre_Bovet\" target=\"_blank\">Pierre Bovet<\/a>, <a title=\"Beatrice Ensor\" href=\"http:\/\/fr.wikipedia.org\/wiki\/Beatrice_Ensor\" target=\"_blank\">Beatrice Ensor<\/a>, <a class=\"mw-redirect\" title=\"Edouard Clapar\u00e8de\" href=\"http:\/\/fr.wikipedia.org\/wiki\/Edouard_Clapar%C3%A8de\" target=\"_blank\">Edouard Clapar\u00e8de<\/a>, <a title=\"Paul Geheeb\" href=\"http:\/\/fr.wikipedia.org\/wiki\/Paul_Geheeb\" target=\"_blank\">Paul Geheeb<\/a> et Adolphe Ferri\u00e8re, lors d&rsquo;une conf\u00e9rence de la <a title=\"Ligue internationale pour l'\u00e9ducation nouvelle\" href=\"http:\/\/fr.wikipedia.org\/wiki\/Ligue_internationale_pour_l%27%C3%A9ducation_nouvelle\" target=\"_blank\">Ligue internationale pour l&rsquo;\u00e9ducation nouvelle<\/a><\/p><\/blockquote>\n<p>De lien en lien des pages wikip\u00e9dia, on retrouve toute une g\u00e9n\u00e9alogie de p\u00e9dagogues, de Rousseau \u00e0 Pestalozzi \u00e0 Maria Montessori \u00e0 John Dewey\u2026 Pour nombre de ces p\u00e9dagogues, le mat\u00e9riel \u00e9ducatif est concret, tr\u00e8s sensoriel, artistique (Fr\u00f6bel, Montessori). Un tableau r\u00e9capitulatif succinct de ce que fut l\u2019\u00e9ducation nouvelle\u00a0\u2014tableau repris ici d&rsquo;une page wikip\u00e9dia\u2014 peut \u00eatre un point de d\u00e9part\u00a0 pour une analyse de ses diverses figures.**<\/p>\n<div class=\"navbox_group\">\n<table class=\"navbox collapsible noprint autocollapse\">\n<tbody>\n<tr>\n<th colspan=\"2\"><a title=\"\u00c9ducation nouvelle\" href=\"http:\/\/fr.wikipedia.org\/wiki\/%C3%89ducation_nouvelle\" target=\"_blank\">\u00c9ducation nouvelle<\/a><\/th>\n<\/tr>\n<tr>\n<td class=\"group\">Les pr\u00e9curseurs<\/td>\n<td class=\"list\"><span class=\"nowrap\"><a title=\"Jean-Jacques Rousseau\" href=\"http:\/\/fr.wikipedia.org\/wiki\/Jean-Jacques_Rousseau\" target=\"_blank\">Rousseau<\/a> \u00a0\u00b7 \u00a0<\/span><span class=\"nowrap\"><a title=\"Johann Heinrich Pestalozzi\" href=\"http:\/\/fr.wikipedia.org\/wiki\/Johann_Heinrich_Pestalozzi\" target=\"_blank\">Pestalozzi<\/a> \u00a0\u00b7 \u00a0<\/span><span class=\"nowrap\"><a title=\"Friedrich Fr\u00f6bel\" href=\"http:\/\/fr.wikipedia.org\/wiki\/Friedrich_Fr%C3%B6bel\" target=\"_blank\">Fr\u00f6bel<\/a><\/span><\/td>\n<\/tr>\n<tr>\n<td class=\"group\">Les fondateurs<\/td>\n<td class=\"list even\"><span class=\"nowrap\"><a title=\"Adolphe Ferri\u00e8re\" href=\"http:\/\/fr.wikipedia.org\/wiki\/Adolphe_Ferri%C3%A8re\" target=\"_blank\">Adolphe Ferri\u00e8re<\/a> \u00a0\u00b7 \u00a0<\/span><span class=\"nowrap\"><a title=\"John Dewey\" href=\"http:\/\/fr.wikipedia.org\/wiki\/John_Dewey\" target=\"_blank\">John Dewey<\/a> \u00a0\u00b7 \u00a0<\/span><span class=\"nowrap\"><a title=\"Maria Montessori\" href=\"http:\/\/fr.wikipedia.org\/wiki\/Maria_Montessori\" target=\"_blank\">Maria Montessori<\/a> \u00a0\u00b7 \u00a0<\/span><span class=\"nowrap\"><a title=\"C\u00e9lestin Freinet\" href=\"http:\/\/fr.wikipedia.org\/wiki\/C%C3%A9lestin_Freinet\" target=\"_blank\">C\u00e9lestin Freinet<\/a><\/span><\/td>\n<\/tr>\n<tr>\n<td class=\"group\">Les pratiques<\/td>\n<td class=\"list\"><span class=\"nowrap\"><a title=\"P\u00e9dagogie active\" href=\"http:\/\/fr.wikipedia.org\/wiki\/P%C3%A9dagogie_active\" target=\"_blank\">P\u00e9dagogie active<\/a> \u00a0\u00b7 \u00a0<\/span><span class=\"nowrap\"><a title=\"Mixit\u00e9 (\u00e9ducation)\" href=\"http:\/\/fr.wikipedia.org\/wiki\/Mixit%C3%A9_%28%C3%A9ducation%29\" target=\"_blank\">Mixit\u00e9<\/a> \u00a0\u00b7 \u00a0<\/span><span class=\"nowrap\"><a title=\"P\u00e9dagogie de projet\" href=\"http:\/\/fr.wikipedia.org\/wiki\/P%C3%A9dagogie_de_projet\" target=\"_blank\">P\u00e9dagogie de projet<\/a> \u00a0\u00b7 \u00a0<\/span><span class=\"nowrap\"><strong class=\"selflink\">P\u00e9dagogie institutionnelle<\/strong><\/span><\/td>\n<\/tr>\n<tr>\n<td class=\"group\">Mouvements internationaux<\/td>\n<td class=\"list even\"><span class=\"nowrap\"><a title=\"Ligue internationale pour l'\u00e9ducation nouvelle\" href=\"http:\/\/fr.wikipedia.org\/wiki\/Ligue_internationale_pour_l%27%C3%A9ducation_nouvelle\" target=\"_blank\">Ligue internationale pour l&rsquo;\u00e9ducation nouvelle<\/a> \u00a0\u00b7 \u00a0<\/span><span class=\"nowrap\"><a title=\"Mouvement de l'\u00c9cole moderne\" href=\"http:\/\/fr.wikipedia.org\/wiki\/Mouvement_de_l%27%C3%89cole_moderne\" target=\"_blank\">Mouvement de l&rsquo;\u00c9cole moderne<\/a> \u00a0\u00b7 \u00a0<\/span><span class=\"nowrap\"><a title=\"Association Montessori internationale\" href=\"http:\/\/fr.wikipedia.org\/wiki\/Association_Montessori_internationale\" target=\"_blank\">Association Montessori internationale<\/a><\/span><\/td>\n<\/tr>\n<\/tbody>\n<\/table>\n<\/div>\n<p><a href=\"http:\/\/fr.wikipedia.org\/wiki\/P%C3%A9dagogie_institutionnelle\" target=\"_blank\"><br \/>\nFernand Oury<\/a> sort du mouvement Freinet (1961) et d\u00e9place la sc\u00e8ne p\u00e9dagogique campagnarde initiale en ville.\u00a0 Il invente la p\u00e9dagogie institutionnelle, d\u00e9clin\u00e9e en psychoth\u00e9rapie institutionnelle***, prolong\u00e9e en analyse institutionnelle qui se d\u00e9ploie \u00e0 la fac de Vincennes en sciences de l\u2019\u00e9ducation et en sociologie, notamment avec toutes les ruptures que cela occasionnera.<\/p>\n<p>*<em>Enfantines<\/em>, est le titre de la collection des revues r\u00e9\u00e9dit\u00e9es de l\u2019\u00e9cole Freinet. Une reproduction figure sur ce site \u00e0 explorer:\u00a0 <a href=\"http:\/\/www.le-temps-des-instituteurs.fr\/ped-freinet.html\" target=\"_blank\">\u00able temps des instituteurs\u00bb <\/a><br \/>\n** Pour lancer une recherche &gt;<a href=\"http:\/\/www.cemea.asso.fr\/spip.php?article1106\" target=\"_blank\">http:\/\/www.cemea.asso.fr\/spip.php?article1106<\/a>)<br \/>\n*** On note avec amusement (dans la page wikip\u00e9dia cit\u00e9e sur Fernand Oury), que la psychoth\u00e9rapie institutionnelle de Tosquelles, n\u00e9e dans les ann\u00e9es de guerre \u00e0 Saint-Alban, en Loz\u00e8re aurait une origine dans la p\u00e9dagogie de terrain de type Freinet men\u00e9e par l\u2019instituteur local.<\/p>\n","protected":false},"excerpt":{"rendered":"<p>\u00ab\u00a0Freinet, est un mat\u00e9rialiste. Il ne dit pas, faites ceci, faites cela, mais mettez l&rsquo;imprimerie dans votre classe et vous verrez ce qu&rsquo;il advient.\u00a0\u00bb Dans le d\u00e9partement Arts plastiques, cr\u00e9\u00e9 au sein du Centre universitaire exp\u00e9rimental de Vincennes, s\u2019instaure dans les ann\u00e9es 70 un courant artistique \u00abde terrain\u00bb qu\u2019on peut qualifier r\u00e9trospectivement d&rsquo;\u00abactiviste\u00bb, repr\u00e9sentant une &hellip; <a href=\"http:\/\/lantb.net\/uebersicht\/?p=9888\" class=\"more-link\">Continuer la lecture de <span class=\"screen-reader-text\">L&rsquo;imprimerie \u00e0 l&rsquo;\u00e9cole, c\u0153ur de la p\u00e9dagogie Freinet<\/span><\/a><\/p>\n","protected":false},"author":2,"featured_media":0,"comment_status":"closed","ping_status":"closed","sticky":false,"template":"","format":"standard","meta":{"footnotes":""},"categories":[4],"tags":[],"class_list":["post-9888","post","type-post","status-publish","format-standard","hentry","category-varia"],"_links":{"self":[{"href":"http:\/\/lantb.net\/uebersicht\/index.php?rest_route=\/wp\/v2\/posts\/9888","targetHints":{"allow":["GET"]}}],"collection":[{"href":"http:\/\/lantb.net\/uebersicht\/index.php?rest_route=\/wp\/v2\/posts"}],"about":[{"href":"http:\/\/lantb.net\/uebersicht\/index.php?rest_route=\/wp\/v2\/types\/post"}],"author":[{"embeddable":true,"href":"http:\/\/lantb.net\/uebersicht\/index.php?rest_route=\/wp\/v2\/users\/2"}],"replies":[{"embeddable":true,"href":"http:\/\/lantb.net\/uebersicht\/index.php?rest_route=%2Fwp%2Fv2%2Fcomments&post=9888"}],"version-history":[{"count":0,"href":"http:\/\/lantb.net\/uebersicht\/index.php?rest_route=\/wp\/v2\/posts\/9888\/revisions"}],"wp:attachment":[{"href":"http:\/\/lantb.net\/uebersicht\/index.php?rest_route=%2Fwp%2Fv2%2Fmedia&parent=9888"}],"wp:term":[{"taxonomy":"category","embeddable":true,"href":"http:\/\/lantb.net\/uebersicht\/index.php?rest_route=%2Fwp%2Fv2%2Fcategories&post=9888"},{"taxonomy":"post_tag","embeddable":true,"href":"http:\/\/lantb.net\/uebersicht\/index.php?rest_route=%2Fwp%2Fv2%2Ftags&post=9888"}],"curies":[{"name":"wp","href":"https:\/\/api.w.org\/{rel}","templated":true}]}}