{"id":6962,"date":"2013-04-26T23:50:15","date_gmt":"2013-04-26T21:50:15","guid":{"rendered":"http:\/\/lantb.net\/uebersicht\/?p=6962"},"modified":"2013-05-11T09:08:50","modified_gmt":"2013-05-11T07:08:50","slug":"maniere-dexposition","status":"publish","type":"post","link":"http:\/\/lantb.net\/uebersicht\/?p=6962","title":{"rendered":"Mani\u00e8re de faire des expositions"},"content":{"rendered":"<p>Vu dans la Galerie des Galeries Lafayette*. Des reproductions photographiques de pages de journaux et d&rsquo;affiches, mont\u00e9es sous profil\u00e9s plastiques et accroch\u00e9es \u00e0 des cintres \u00e0 pinces pour pantalons ou jupes, sur toute la longueur d&rsquo;un portant : un des \u00e9l\u00e9ments de l&rsquo;exposition <a href=\"http:\/\/www.galeriedesgaleries.com\/frFR\/exposition\/i-36\/19122012chroniquesdunparcourscratif.html\" target=\"_blank\"><em>1912-2012 : Chroniques d&rsquo;un parcours cr\u00e9atif <\/em><\/a>(16 octobre 2012 au 26 janvier 2013)<br \/>\n\u00c0 l\u2019occasion des 100 ans de la construction de la Coupole, les Galeries Lafayette c\u00e9l\u00e8brent ce monument Art nouveau. L&rsquo;exposition a \u00e9t\u00e9 realis\u00e9e par Rem Koolhaas \u2013 et son bureau d\u2019\u00e9tude OMA \u2013 et Yann Kersal\u00e9.<br \/>\n* Cette galerie est une sorte de grotte aussi (voir ci-dessous)<\/p>\n<p><a href=\"http:\/\/lantb.net\/uebersicht\/wp-content\/uploads\/2013\/04\/20130430-095258.jpg\"><img loading=\"lazy\" decoding=\"async\" class=\"alignnone \" src=\"http:\/\/lantb.net\/uebersicht\/wp-content\/uploads\/2013\/04\/20130430-095258.jpg\" alt=\"20130430-095258.jpg\" width=\"640\" height=\"477\" \/><\/a><\/p>\n<p><a href=\"http:\/\/lantb.net\/uebersicht\/wp-content\/uploads\/2013\/04\/20130430-095757.jpg\"><img loading=\"lazy\" decoding=\"async\" class=\"alignnone \" src=\"http:\/\/lantb.net\/uebersicht\/wp-content\/uploads\/2013\/04\/20130430-095757.jpg\" alt=\"20130430-095757.jpg\" width=\"640\" height=\"478\" \/><\/a><\/p>\n<p><a href=\"http:\/\/www.galeriedesgaleries.com\/frFR\/exposition\/i-36\/19122012chroniquesdunparcourscratif.html\" target=\"_blank\"><img loading=\"lazy\" decoding=\"async\" class=\"alignnone \" src=\"http:\/\/lantb.net\/uebersicht\/wp-content\/uploads\/2013\/04\/20130430-105853.jpg\" alt=\"20130430-105853.jpg\" width=\"640\" height=\"427\" \/><\/a><\/p>\n<p>&nbsp;<\/p>\n<p>&nbsp;<\/p>\n","protected":false},"excerpt":{"rendered":"<p>Vu dans la Galerie des Galeries Lafayette*. Des reproductions photographiques de pages de journaux et d&rsquo;affiches, mont\u00e9es sous profil\u00e9s plastiques et accroch\u00e9es \u00e0 des cintres \u00e0 pinces pour pantalons ou jupes, sur toute la longueur d&rsquo;un portant : un des \u00e9l\u00e9ments de l&rsquo;exposition 1912-2012 : Chroniques d&rsquo;un parcours cr\u00e9atif (16 octobre 2012 au 26 janvier &hellip; <a href=\"http:\/\/lantb.net\/uebersicht\/?p=6962\" class=\"more-link\">Continuer la lecture de <span class=\"screen-reader-text\">Mani\u00e8re de faire des expositions<\/span><\/a><\/p>\n","protected":false},"author":2,"featured_media":0,"comment_status":"closed","ping_status":"closed","sticky":false,"template":"","format":"standard","meta":{"footnotes":""},"categories":[242,90],"tags":[],"class_list":["post-6962","post","type-post","status-publish","format-standard","hentry","category-livre-2","category-varia-art"],"_links":{"self":[{"href":"http:\/\/lantb.net\/uebersicht\/index.php?rest_route=\/wp\/v2\/posts\/6962","targetHints":{"allow":["GET"]}}],"collection":[{"href":"http:\/\/lantb.net\/uebersicht\/index.php?rest_route=\/wp\/v2\/posts"}],"about":[{"href":"http:\/\/lantb.net\/uebersicht\/index.php?rest_route=\/wp\/v2\/types\/post"}],"author":[{"embeddable":true,"href":"http:\/\/lantb.net\/uebersicht\/index.php?rest_route=\/wp\/v2\/users\/2"}],"replies":[{"embeddable":true,"href":"http:\/\/lantb.net\/uebersicht\/index.php?rest_route=%2Fwp%2Fv2%2Fcomments&post=6962"}],"version-history":[{"count":0,"href":"http:\/\/lantb.net\/uebersicht\/index.php?rest_route=\/wp\/v2\/posts\/6962\/revisions"}],"wp:attachment":[{"href":"http:\/\/lantb.net\/uebersicht\/index.php?rest_route=%2Fwp%2Fv2%2Fmedia&parent=6962"}],"wp:term":[{"taxonomy":"category","embeddable":true,"href":"http:\/\/lantb.net\/uebersicht\/index.php?rest_route=%2Fwp%2Fv2%2Fcategories&post=6962"},{"taxonomy":"post_tag","embeddable":true,"href":"http:\/\/lantb.net\/uebersicht\/index.php?rest_route=%2Fwp%2Fv2%2Ftags&post=6962"}],"curies":[{"name":"wp","href":"https:\/\/api.w.org\/{rel}","templated":true}]}}