{"id":6613,"date":"2013-03-02T12:28:30","date_gmt":"2013-03-02T11:28:30","guid":{"rendered":"http:\/\/lantb.net\/uebersicht\/?p=6613"},"modified":"2013-03-02T13:52:49","modified_gmt":"2013-03-02T12:52:49","slug":"le-grand-livre-de-la-nature","status":"publish","type":"post","link":"http:\/\/lantb.net\/uebersicht\/?p=6613","title":{"rendered":"Jean-Fran\u00e7ois P\u00e9ret. Walden Memories. Le grand livre de la nature"},"content":{"rendered":"<blockquote><p><img loading=\"lazy\" decoding=\"async\" class=\"alignnone  wp-image-6616\" title=\"WaldenMemories\" src=\"http:\/\/lantb.net\/uebersicht\/wp-content\/uploads\/2013\/03\/WaldenMemories.jpg\" alt=\"\" width=\"300\" height=\"469\" srcset=\"http:\/\/lantb.net\/uebersicht\/wp-content\/uploads\/2013\/03\/WaldenMemories.jpg 510w, http:\/\/lantb.net\/uebersicht\/wp-content\/uploads\/2013\/03\/WaldenMemories-191x300.jpg 191w\" sizes=\"auto, (max-width: 300px) 100vw, 300px\" \/><br \/>\nCommuniqu\u00e9 de presse du Fresnoy<br \/>\n\u00ab\u00c9crit il y a un si\u00e8cle et demi par Thoreau, apr\u00e8s deux ans et deux mois pass\u00e9s dans une cabane au bord de l&rsquo;\u00e9tang\u00a0 de Walden dans le Massachusetts, Walden est \u00e0 la fois le r\u00e9cit d&rsquo;un homme qui s&rsquo;isole pour repenser le monde,\u00a0 un essai, une ode \u00e0 la frugalit\u00e9, un hymne \u00e0 la nature.<br \/>\n<span style=\"color: #008000;\">Jean-Fran\u00e7ois Peyret<\/span> a con\u00e7u un projet \u00e0 g\u00e9om\u00e9trie variable : installation, performance, sur <em>Open simulator<\/em>\u00a0 et au Fresnoy, en version installation construite autour d&rsquo;une cabane augment\u00e9e technologiquement, o\u00f9 les\u00a0 connexions visuelles et sonores feront dialoguer la performance, la science et la technologie. L&rsquo;installation sera\u00a0 une chambre d&rsquo;\u00e9chos o\u00f9 r\u00e9sonne le d\u00e9sir de vivre autrement, cette fois par images interpos\u00e9es, recompos\u00e9es, par\u00a0 des musiques improvis\u00e9es, qui s&rsquo;allient au po\u00e8me, lui aussi \u00a0\u00bb augment\u00e9 \u00ab\u00a0.<br \/>\nLes mots de Thoreau qui poussent sur l&rsquo;\u00e9cran comme bourgeons au printemps, nous placent en m\u00eame temps au\u00a0 dedans et au dehors de la cabane, au pass\u00e9 et au futur, comme si l&rsquo;esprit de Walden s&rsquo;actualisait devant nous,\u00a0 dans un fondu encha\u00een\u00e9 avec le pr\u00e9sent. <span style=\"color: #008000;\">Re : Walden<\/span> aborde une conjoncture particuli\u00e8re, celle de l&rsquo;esp\u00e8ce\u00a0 humaine \u00e0 l&rsquo;heure de la soci\u00e9t\u00e9 scientifique. Ceci par le prisme d&rsquo;un texte fondateur de la critique de la technique\u00a0 consid\u00e9r\u00e9 comme le premier manifeste \u00e9cologique.\u00bb<br \/>\nInstallation \/ performances &#8211; Conception :<span style=\"color: #008000;\"> Jean Fran\u00e7ois Peyret<\/span> &#8211; Commissaire : <span style=\"color: #008000;\">Pascale Pronnier<\/span>\u00a0 Son : Alexandros Markeas ; dispositif \u00e9lectro-acoustique et informatique : Thierry Coduys ;\u00a0 vid\u00e9o : Pierre Nouvel ; <span style=\"color: #008000;\">monde virtuel : <a href=\"http:\/\/www.arpla.fr\/odnm\/?page_id=6871\" target=\"_blank\">Agn\u00e8s de Cayeux<\/a><\/span><\/p>\n<p><span style=\"color: #008000;\">LA NATURE EST-ELLE UN GRAND LIVRE ?<\/span><br \/>\nConversations autour du livre \u00ab\u00a0Walden\u00a0\u00bb de Henry-David Thoreau<br \/>\nJeudi 21 mars | 16H00 &gt; 19H00<br \/>\nOrganis\u00e9 avec le soutien de la chaire \u00a0\u00bb Processus morphog\u00e9n\u00e9tiques \u00a0\u00bb<br \/>\n(Coll\u00e8ge de France).<\/p>\n<p>Soit d&rsquo;un c\u00f4t\u00e9 une exposition, <em>Walden Memories<\/em>, (le lieu de nos conversations), une d\u00e9riv\u00e9e du chef d&rsquo;oeuvre de HD Thoreau, Walden, un grand livre sur la Nature, un grand livre o\u00f9 la Nature s&rsquo;est \u00e9crite, et en langage po\u00e9tique (litt\u00e9raire). Soit de l&rsquo;autre c\u00f4t\u00e9 une phrase-cl\u00e9 de la r\u00e9volution<br \/>\nscientifique moderne : \u00a0\u00bb Le grand livre de la Nature est \u00e9crit en langage math\u00e9matique \u00ab\u00a0.<\/p>\n<p>Intervenants :<br \/>\nFran\u00e7oise Balibar, physicienne, professeur \u00e9m\u00e9rite \u00e0 l&rsquo;Universit\u00e9 Paris 7.<br \/>\nG\u00e9rard Berry, informaticien, professeur au Coll\u00e8ge de France.<br \/>\nPhilippe Descola, anthropologue, professeur au Coll\u00e8ge de France.<br \/>\nElie During, philosophe, ma\u00eetre de conf\u00e9rences \u00e0 l&rsquo;Universit\u00e9 Paris-Ouest Nanterre.<br \/>\nAlain Prochiantz, biologiste, professeur au Coll\u00e8ge de France.<br \/>\nFr\u00e9d\u00e9ric Worms, philosophe, professeur \u00e0 l&rsquo;Universit\u00e9 Lille 3 (sous r\u00e9serve).<\/p>\n<p>Mod\u00e9ration :<br \/>\nJean-Fran\u00e7ois Peyret, metteur en sc\u00e8ne,<br \/>\net Alain Fleischer directeur du Fresnoy.<\/p><\/blockquote>\n<p>Lien &gt; <a href=\"http:\/\/www.ruedescartes.org\/articles\/2012-2-le-grand-livre-de-la-nature-est-uvre-humaine-inachevee-inachevable\/\">http:\/\/www.ruedescartes.org\/articles\/2012-2-le-grand-livre-de-la-nature-est-uvre-humaine-inachevee-inachevable\/<\/a><\/p>\n","protected":false},"excerpt":{"rendered":"<p>Communiqu\u00e9 de presse du Fresnoy \u00ab\u00c9crit il y a un si\u00e8cle et demi par Thoreau, apr\u00e8s deux ans et deux mois pass\u00e9s dans une cabane au bord de l&rsquo;\u00e9tang\u00a0 de Walden dans le Massachusetts, Walden est \u00e0 la fois le r\u00e9cit d&rsquo;un homme qui s&rsquo;isole pour repenser le monde,\u00a0 un essai, une ode \u00e0 la &hellip; <a href=\"http:\/\/lantb.net\/uebersicht\/?p=6613\" class=\"more-link\">Continuer la lecture de <span class=\"screen-reader-text\">Jean-Fran\u00e7ois P\u00e9ret. Walden Memories. Le grand livre de la nature<\/span><\/a><\/p>\n","protected":false},"author":2,"featured_media":0,"comment_status":"closed","ping_status":"closed","sticky":false,"template":"","format":"standard","meta":{"footnotes":""},"categories":[162,250,90,4],"tags":[],"class_list":["post-6613","post","type-post","status-publish","format-standard","hentry","category-green-attitude","category-la-figure-dans-le-paysage-2","category-varia-art","category-varia"],"_links":{"self":[{"href":"http:\/\/lantb.net\/uebersicht\/index.php?rest_route=\/wp\/v2\/posts\/6613","targetHints":{"allow":["GET"]}}],"collection":[{"href":"http:\/\/lantb.net\/uebersicht\/index.php?rest_route=\/wp\/v2\/posts"}],"about":[{"href":"http:\/\/lantb.net\/uebersicht\/index.php?rest_route=\/wp\/v2\/types\/post"}],"author":[{"embeddable":true,"href":"http:\/\/lantb.net\/uebersicht\/index.php?rest_route=\/wp\/v2\/users\/2"}],"replies":[{"embeddable":true,"href":"http:\/\/lantb.net\/uebersicht\/index.php?rest_route=%2Fwp%2Fv2%2Fcomments&post=6613"}],"version-history":[{"count":0,"href":"http:\/\/lantb.net\/uebersicht\/index.php?rest_route=\/wp\/v2\/posts\/6613\/revisions"}],"wp:attachment":[{"href":"http:\/\/lantb.net\/uebersicht\/index.php?rest_route=%2Fwp%2Fv2%2Fmedia&parent=6613"}],"wp:term":[{"taxonomy":"category","embeddable":true,"href":"http:\/\/lantb.net\/uebersicht\/index.php?rest_route=%2Fwp%2Fv2%2Fcategories&post=6613"},{"taxonomy":"post_tag","embeddable":true,"href":"http:\/\/lantb.net\/uebersicht\/index.php?rest_route=%2Fwp%2Fv2%2Ftags&post=6613"}],"curies":[{"name":"wp","href":"https:\/\/api.w.org\/{rel}","templated":true}]}}