{"id":6138,"date":"2012-10-23T11:47:46","date_gmt":"2012-10-23T09:47:46","guid":{"rendered":"http:\/\/lantb.net\/uebersicht\/?p=6138"},"modified":"2012-10-23T12:38:34","modified_gmt":"2012-10-23T10:38:34","slug":"histoires-de-fantomes-pour-grandes-personnes","status":"publish","type":"post","link":"http:\/\/lantb.net\/uebersicht\/?p=6138","title":{"rendered":"Histoires de fant\u00f4mes pour grandes personnes"},"content":{"rendered":"<p><em>Histoires de fant\u00f4mes pour grandes personnes<\/em>, exposition con\u00e7ue par Georges Didi-Huberman, avec la collaboration de Arno Gisinger.<br \/>\nau <a href=\"http:\/\/www.lefresnoy.net\/\" target=\"_blank\">Fresnoy<\/a> du 05\/10\/2012 &#8211; 30\/12\/2012. Journ\u00e9e d&rsquo;\u00e9tudes<strong> le 12 novembre<\/strong>&#8230;<\/p>\n<blockquote><p>Cette exposition traite de la vie fantomatique des images dont notre pr\u00e9sent, autant que notre m\u00e9moire \u2014 historique ou artistique \u2014 est constitu\u00e9. Ce que nous \u00e9prouvons en effet chaque jour dans l\u2019actualit\u00e9 des images, celles de l\u2019art comme celles des m\u00e9dias, appara\u00eet souvent comme un m\u00e9lange de choses nouvelles et de survivances qui viennent de tr\u00e8s loin dans l\u2019histoire des hommes, un peu comme dans le r\u00eave de la nuit derni\u00e8re peuvent agir des images de notre plus profond pass\u00e9.<br \/>\n<a href=\"http:\/\/lantb.net\/uebersicht\/wp-content\/uploads\/2012\/10\/MED_BD_4422_A.jpg\"><img loading=\"lazy\" decoding=\"async\" class=\"alignnone  wp-image-6140\" title=\"MED_BD_4422_A\" src=\"http:\/\/lantb.net\/uebersicht\/wp-content\/uploads\/2012\/10\/MED_BD_4422_A.jpg\" alt=\"\" width=\"340\" height=\"425\" srcset=\"http:\/\/lantb.net\/uebersicht\/wp-content\/uploads\/2012\/10\/MED_BD_4422_A.jpg 436w, http:\/\/lantb.net\/uebersicht\/wp-content\/uploads\/2012\/10\/MED_BD_4422_A-240x300.jpg 240w\" sizes=\"auto, (max-width: 340px) 100vw, 340px\" \/><\/a><\/p>\n<p>L\u2019exposition se pr\u00e9sente comme un hommage contemporain \u00e0 l\u2019oeuvre d\u2019Aby Warburg (1866-1929) qui a jou\u00e9, dans le domaine de l\u2019histoire de l\u2019art, le m\u00eame r\u00f4le fondateur que Sigmund Freud a pu jouer dans celui de la psychologie : tous deux ont fait \u00ab lever les fant\u00f4mes \u00bb de nos activit\u00e9s de chaque instant. Freud l\u2019a fait, notamment, dans son grand livre sur l\u2019interpr\u00e9tation des r\u00eaves, en faisant un montage \u00e9tonnant de r\u00e9cits oniriques donnant lieu \u00e0 une premi\u00e8re et magistrale th\u00e9orie de l\u2019inconscient psychique. Warburg l\u2019a fait, de son c\u00f4t\u00e9, dans un grand atlas d\u2019images \u2014 intitul\u00e9 Mn\u00e9mosyne, nom grec de la d\u00e9esse de la m\u00e9moire \u2014 r\u00e9unissant un millier d\u2019exemples figuratifs o\u00f9 toute l\u2019histoire des images occidentales se dispose de fa\u00e7on \u00e0 nous faire entrevoir les probl\u00e8mes les plus fondamentaux de la civilisation.<\/p>\n<p>Une premi\u00e8re s\u00e9rie d\u2019oeuvres, intitul\u00e9e Atlas, suite est constitu\u00e9e d\u2019environ cent-vingt photographies r\u00e9alis\u00e9es et rigoureusement ajoint\u00e9es par Arno Gisinger : c\u2019est un travail d\u2019interpr\u00e9tation et de remontage \u00e0 partir d\u2019une grande exposition produite en 2010 par le Mus\u00e9e Reina Sof\u00eda de Madrid et qui a voyag\u00e9 en Allemagne o\u00f9 les photographies ont \u00e9t\u00e9 prises. Atlas, suite est un essai visuel sur certaines constellations d\u2019images \u00e0 partir desquelles de nouvelles rencontres, de nouvelles significations surgissent, comme lorsque les visages anonymes de Walker Evans viennent se refl\u00e9ter dans les portraits d\u2019hommes c\u00e9l\u00e8bres par Gerhard Richter.<\/p>\n<p>Un second travail de Georges Didi-Huberman, intitul\u00e9 <em>Mn\u00e9mosyne 42<\/em>, propose une vue immense du montage con\u00e7u par Warburg autour du motif de la lamentation des morts, cette vue \u00e9tant elle-m\u00eame \u00ab compl\u00e9t\u00e9e \u00bb par une interpr\u00e9tation nouvelle de ce th\u00e8me sous la forme d\u2019une gigantesque planche d\u2019atlas horizontale \u2014 sur les mille m\u00e8tres carr\u00e9s de la grande nef du Fresnoy \u2014 faite de documents en tous genre, d\u2019images fixes et mouvantes qui se r\u00e9pondent, de Giotto \u00e0 l\u2019art contemporain, d\u2019Eisenstein aux printemps arabes\u2026<br \/>\nGeorges Didi-Huberman<\/p><\/blockquote>\n","protected":false},"excerpt":{"rendered":"<p>Histoires de fant\u00f4mes pour grandes personnes, exposition con\u00e7ue par Georges Didi-Huberman, avec la collaboration de Arno Gisinger. au Fresnoy du 05\/10\/2012 &#8211; 30\/12\/2012. Journ\u00e9e d&rsquo;\u00e9tudes le 12 novembre&#8230; Cette exposition traite de la vie fantomatique des images dont notre pr\u00e9sent, autant que notre m\u00e9moire \u2014 historique ou artistique \u2014 est constitu\u00e9. Ce que nous \u00e9prouvons &hellip; <a href=\"http:\/\/lantb.net\/uebersicht\/?p=6138\" class=\"more-link\">Continuer la lecture de <span class=\"screen-reader-text\">Histoires de fant\u00f4mes pour grandes personnes<\/span><\/a><\/p>\n","protected":false},"author":2,"featured_media":0,"comment_status":"closed","ping_status":"closed","sticky":false,"template":"","format":"standard","meta":{"footnotes":""},"categories":[90],"tags":[],"class_list":["post-6138","post","type-post","status-publish","format-standard","hentry","category-varia-art"],"_links":{"self":[{"href":"http:\/\/lantb.net\/uebersicht\/index.php?rest_route=\/wp\/v2\/posts\/6138","targetHints":{"allow":["GET"]}}],"collection":[{"href":"http:\/\/lantb.net\/uebersicht\/index.php?rest_route=\/wp\/v2\/posts"}],"about":[{"href":"http:\/\/lantb.net\/uebersicht\/index.php?rest_route=\/wp\/v2\/types\/post"}],"author":[{"embeddable":true,"href":"http:\/\/lantb.net\/uebersicht\/index.php?rest_route=\/wp\/v2\/users\/2"}],"replies":[{"embeddable":true,"href":"http:\/\/lantb.net\/uebersicht\/index.php?rest_route=%2Fwp%2Fv2%2Fcomments&post=6138"}],"version-history":[{"count":0,"href":"http:\/\/lantb.net\/uebersicht\/index.php?rest_route=\/wp\/v2\/posts\/6138\/revisions"}],"wp:attachment":[{"href":"http:\/\/lantb.net\/uebersicht\/index.php?rest_route=%2Fwp%2Fv2%2Fmedia&parent=6138"}],"wp:term":[{"taxonomy":"category","embeddable":true,"href":"http:\/\/lantb.net\/uebersicht\/index.php?rest_route=%2Fwp%2Fv2%2Fcategories&post=6138"},{"taxonomy":"post_tag","embeddable":true,"href":"http:\/\/lantb.net\/uebersicht\/index.php?rest_route=%2Fwp%2Fv2%2Ftags&post=6138"}],"curies":[{"name":"wp","href":"https:\/\/api.w.org\/{rel}","templated":true}]}}