{"id":6131,"date":"2012-10-23T11:20:52","date_gmt":"2012-10-23T09:20:52","guid":{"rendered":"http:\/\/lantb.net\/uebersicht\/?p=6131"},"modified":"2012-10-23T11:39:22","modified_gmt":"2012-10-23T09:39:22","slug":"pop-philosophie","status":"publish","type":"post","link":"http:\/\/lantb.net\/uebersicht\/?p=6131","title":{"rendered":"Pop philosophie"},"content":{"rendered":"<p><a href=\"http:\/\/www.semainedelapopphilosophie.fr\" target=\"_blank\">http:\/\/www.semainedelapopphilosophie.fr<\/a><\/p>\n<p>Point\u00e9 par Robert Maggiori, dans <em>Lib\u00e9ration<\/em> 22 octobre, <a href=\"http:\/\/www.semainedelapopphilosophie.fr\/programme-spp4\/nuit-de-la-pop-philosophie\/\" target=\"_blank\">http:\/\/www.semainedelapopphilosophie.fr\/programme-spp4\/nuit-de-la-pop-philosophie\/<\/a><\/p>\n<blockquote>\n<h4>Vincent Billard (philosophe)<\/h4>\n<h4>Mon iPhone philosophe<\/h4>\n<p>Les produits Apple (iPhone, iPad, iPod, iMac\u2026) sont aujourd\u2019hui mondialement c\u00e9l\u00e8bres. La philosophie a-t-elle quelque chose \u00e0 en dire?<br \/>\nOn peut proposer trois approches.<br \/>\nEsth\u00e9tique: les produits Apple sont consid\u00e9r\u00e9s comme beaux. Pourquoi? Qu\u2019est-ce qui esth\u00e9tiquement s\u00e9duit chez eux? Comment caract\u00e9riser cette beaut\u00e9?<br \/>\n\u00c9thique: les produits Apple sont consid\u00e9r\u00e9s comme \u00abferm\u00e9s\u00bb. Qu\u2019est-ce que cela veut dire? Comment d\u00e9finir l\u2019\u00e9tat d\u2019esprit qui pr\u00e9side \u00e0 leur \u00e9laboration et \u00e0 leur fonctionnement?<br \/>\nOntologique: avec un iPhone dans ma poche, ou un iPad sous mon bras, j\u2019ai un dilemme ontologique \u00e0 r\u00e9soudre, sur lequel les philosophes ne sont pas d\u2019accord: l\u2019iPhone est-il un objet nouveau, une r\u00e9alit\u00e9 in\u00e9dite apparue dans le monde ou rien d\u2019autre qu\u2019une chose tr\u00e8s ancienne simplement remise au go\u00fbt du jour?<br \/>\nOn essayera de r\u00e9pondre \u00e0 ces questions et dans une br\u00e8ve conclusion d\u2019esquisser l\u2019approche fondamentale qui manque, \u00e0 la fois politique et \u00e9conomique: les cr\u00e9ations d\u2019Apple sont-elles d\u2019inutiles produits construits de mani\u00e8re immorale dans les usines asiatiques en exploitant pour une classe de nantis les ressources pr\u00e9cieuses de la plan\u00e8te?<\/p>\n<p>Lien <a href=\"http:\/\/www.actu-philosophia.com\/spip.php?article333\" target=\"_blank\"><br \/>\n<\/a>Vincent Billard, auteur de i-philosophie<a href=\"http:\/\/www.actu-philosophia.com\/spip.php?article333\" target=\"_blank\"><br \/>\nhttp:\/\/www.actu-philosophia.com\/spip.php?article333<\/a><\/p><\/blockquote>\n","protected":false},"excerpt":{"rendered":"<p>http:\/\/www.semainedelapopphilosophie.fr Point\u00e9 par Robert Maggiori, dans Lib\u00e9ration 22 octobre, http:\/\/www.semainedelapopphilosophie.fr\/programme-spp4\/nuit-de-la-pop-philosophie\/ Vincent Billard (philosophe) Mon iPhone philosophe Les produits Apple (iPhone, iPad, iPod, iMac\u2026) sont aujourd\u2019hui mondialement c\u00e9l\u00e8bres. La philosophie a-t-elle quelque chose \u00e0 en dire? On peut proposer trois approches. Esth\u00e9tique: les produits Apple sont consid\u00e9r\u00e9s comme beaux. Pourquoi? Qu\u2019est-ce qui esth\u00e9tiquement s\u00e9duit chez eux? &hellip; <a href=\"http:\/\/lantb.net\/uebersicht\/?p=6131\" class=\"more-link\">Continuer la lecture de <span class=\"screen-reader-text\">Pop philosophie<\/span><\/a><\/p>\n","protected":false},"author":2,"featured_media":0,"comment_status":"closed","ping_status":"closed","sticky":false,"template":"","format":"standard","meta":{"footnotes":""},"categories":[242,4],"tags":[],"class_list":["post-6131","post","type-post","status-publish","format-standard","hentry","category-livre-2","category-varia"],"_links":{"self":[{"href":"http:\/\/lantb.net\/uebersicht\/index.php?rest_route=\/wp\/v2\/posts\/6131","targetHints":{"allow":["GET"]}}],"collection":[{"href":"http:\/\/lantb.net\/uebersicht\/index.php?rest_route=\/wp\/v2\/posts"}],"about":[{"href":"http:\/\/lantb.net\/uebersicht\/index.php?rest_route=\/wp\/v2\/types\/post"}],"author":[{"embeddable":true,"href":"http:\/\/lantb.net\/uebersicht\/index.php?rest_route=\/wp\/v2\/users\/2"}],"replies":[{"embeddable":true,"href":"http:\/\/lantb.net\/uebersicht\/index.php?rest_route=%2Fwp%2Fv2%2Fcomments&post=6131"}],"version-history":[{"count":0,"href":"http:\/\/lantb.net\/uebersicht\/index.php?rest_route=\/wp\/v2\/posts\/6131\/revisions"}],"wp:attachment":[{"href":"http:\/\/lantb.net\/uebersicht\/index.php?rest_route=%2Fwp%2Fv2%2Fmedia&parent=6131"}],"wp:term":[{"taxonomy":"category","embeddable":true,"href":"http:\/\/lantb.net\/uebersicht\/index.php?rest_route=%2Fwp%2Fv2%2Fcategories&post=6131"},{"taxonomy":"post_tag","embeddable":true,"href":"http:\/\/lantb.net\/uebersicht\/index.php?rest_route=%2Fwp%2Fv2%2Ftags&post=6131"}],"curies":[{"name":"wp","href":"https:\/\/api.w.org\/{rel}","templated":true}]}}