{"id":6003,"date":"2012-09-09T23:53:21","date_gmt":"2012-09-09T21:53:21","guid":{"rendered":"http:\/\/lantb.net\/uebersicht\/?p=6003"},"modified":"2012-09-10T00:04:07","modified_gmt":"2012-09-09T22:04:07","slug":"jewyo-rhii-two","status":"publish","type":"post","link":"http:\/\/lantb.net\/uebersicht\/?p=6003","title":{"rendered":"Jewyo Rhii. Two."},"content":{"rendered":"<p>Jewyo Rhii, vit \u00e0 S\u00e9oul. <em>Two<\/em>, 1999-2002. Publi\u00e9 en 2002. Dessins, crayon, crayon de couleur sur papier. Courtesy Galerie Ursula Walbr\u00f6l, D\u00fcsseldorf. <a href=\"http:\/\/www.latriennale.org\/fr\/artistes\/jewyo-rhii\" target=\"_blank\">http:\/\/www.latriennale.org\/fr\/artistes\/jewyo-rhii<\/a><br \/>\n<em>Two<\/em>, A book for two people who are weak and tired, together in private.<\/p>\n<blockquote>\n<h4>Extrait: \u00abBack Pain, Mal au dos\u00bb<\/p>\n<p><a href=\"http:\/\/lantb.net\/uebersicht\/wp-content\/uploads\/2012\/09\/Rhii04.jpg\"><img loading=\"lazy\" decoding=\"async\" class=\"alignnone  wp-image-6008\" title=\"Rhii04\" src=\"http:\/\/lantb.net\/uebersicht\/wp-content\/uploads\/2012\/09\/Rhii04.jpg\" alt=\"\" width=\"480\" height=\"360\" srcset=\"http:\/\/lantb.net\/uebersicht\/wp-content\/uploads\/2012\/09\/Rhii04.jpg 1280w, http:\/\/lantb.net\/uebersicht\/wp-content\/uploads\/2012\/09\/Rhii04-300x224.jpg 300w\" sizes=\"auto, (max-width: 480px) 100vw, 480px\" \/><\/a><br \/>\n<a href=\"http:\/\/lantb.net\/uebersicht\/wp-content\/uploads\/2012\/09\/Rhii03.jpg\"><img loading=\"lazy\" decoding=\"async\" class=\"alignnone  wp-image-6007\" title=\"Rhii03\" src=\"http:\/\/lantb.net\/uebersicht\/wp-content\/uploads\/2012\/09\/Rhii03.jpg\" alt=\"\" width=\"480\" height=\"355\" srcset=\"http:\/\/lantb.net\/uebersicht\/wp-content\/uploads\/2012\/09\/Rhii03.jpg 1280w, http:\/\/lantb.net\/uebersicht\/wp-content\/uploads\/2012\/09\/Rhii03-300x221.jpg 300w, http:\/\/lantb.net\/uebersicht\/wp-content\/uploads\/2012\/09\/Rhii03-1024x757.jpg 1024w\" sizes=\"auto, (max-width: 480px) 100vw, 480px\" \/><\/a><br \/>\n<a href=\"http:\/\/lantb.net\/uebersicht\/wp-content\/uploads\/2012\/09\/Rhii02.jpg\"><img loading=\"lazy\" decoding=\"async\" class=\"alignnone  wp-image-6006\" title=\"Rhii02\" src=\"http:\/\/lantb.net\/uebersicht\/wp-content\/uploads\/2012\/09\/Rhii02.jpg\" alt=\"\" width=\"480\" height=\"359\" srcset=\"http:\/\/lantb.net\/uebersicht\/wp-content\/uploads\/2012\/09\/Rhii02.jpg 1280w, http:\/\/lantb.net\/uebersicht\/wp-content\/uploads\/2012\/09\/Rhii02-300x224.jpg 300w, http:\/\/lantb.net\/uebersicht\/wp-content\/uploads\/2012\/09\/Rhii02-1024x764.jpg 1024w\" sizes=\"auto, (max-width: 480px) 100vw, 480px\" \/><br \/>\n<\/a><a href=\"http:\/\/lantb.net\/uebersicht\/wp-content\/uploads\/2012\/09\/Rihii01.jpg\"><img loading=\"lazy\" decoding=\"async\" class=\"alignnone  wp-image-6009\" title=\"Rihii01\" src=\"http:\/\/lantb.net\/uebersicht\/wp-content\/uploads\/2012\/09\/Rihii01.jpg\" alt=\"\" width=\"480\" height=\"311\" srcset=\"http:\/\/lantb.net\/uebersicht\/wp-content\/uploads\/2012\/09\/Rihii01.jpg 1280w, http:\/\/lantb.net\/uebersicht\/wp-content\/uploads\/2012\/09\/Rihii01-300x194.jpg 300w, http:\/\/lantb.net\/uebersicht\/wp-content\/uploads\/2012\/09\/Rihii01-1024x664.jpg 1024w\" sizes=\"auto, (max-width: 480px) 100vw, 480px\" \/><\/a><a href=\"http:\/\/lantb.net\/uebersicht\/wp-content\/uploads\/2012\/09\/Rhii02.jpg\"><br \/>\n<\/a><\/h4>\n<\/blockquote>\n","protected":false},"excerpt":{"rendered":"<p>Jewyo Rhii, vit \u00e0 S\u00e9oul. Two, 1999-2002. Publi\u00e9 en 2002. Dessins, crayon, crayon de couleur sur papier. Courtesy Galerie Ursula Walbr\u00f6l, D\u00fcsseldorf. http:\/\/www.latriennale.org\/fr\/artistes\/jewyo-rhii Two, A book for two people who are weak and tired, together in private. Extrait: \u00abBack Pain, Mal au dos\u00bb<\/p>\n","protected":false},"author":2,"featured_media":0,"comment_status":"closed","ping_status":"closed","sticky":false,"template":"","format":"standard","meta":{"footnotes":""},"categories":[250,242,90],"tags":[],"class_list":["post-6003","post","type-post","status-publish","format-standard","hentry","category-la-figure-dans-le-paysage-2","category-livre-2","category-varia-art"],"_links":{"self":[{"href":"http:\/\/lantb.net\/uebersicht\/index.php?rest_route=\/wp\/v2\/posts\/6003","targetHints":{"allow":["GET"]}}],"collection":[{"href":"http:\/\/lantb.net\/uebersicht\/index.php?rest_route=\/wp\/v2\/posts"}],"about":[{"href":"http:\/\/lantb.net\/uebersicht\/index.php?rest_route=\/wp\/v2\/types\/post"}],"author":[{"embeddable":true,"href":"http:\/\/lantb.net\/uebersicht\/index.php?rest_route=\/wp\/v2\/users\/2"}],"replies":[{"embeddable":true,"href":"http:\/\/lantb.net\/uebersicht\/index.php?rest_route=%2Fwp%2Fv2%2Fcomments&post=6003"}],"version-history":[{"count":0,"href":"http:\/\/lantb.net\/uebersicht\/index.php?rest_route=\/wp\/v2\/posts\/6003\/revisions"}],"wp:attachment":[{"href":"http:\/\/lantb.net\/uebersicht\/index.php?rest_route=%2Fwp%2Fv2%2Fmedia&parent=6003"}],"wp:term":[{"taxonomy":"category","embeddable":true,"href":"http:\/\/lantb.net\/uebersicht\/index.php?rest_route=%2Fwp%2Fv2%2Fcategories&post=6003"},{"taxonomy":"post_tag","embeddable":true,"href":"http:\/\/lantb.net\/uebersicht\/index.php?rest_route=%2Fwp%2Fv2%2Ftags&post=6003"}],"curies":[{"name":"wp","href":"https:\/\/api.w.org\/{rel}","templated":true}]}}