{"id":475,"date":"2009-05-27T18:50:13","date_gmt":"2009-05-27T17:50:13","guid":{"rendered":"http:\/\/lantb.net\/uebersicht\/?p=475"},"modified":"2009-06-11T16:12:10","modified_gmt":"2009-06-11T15:12:10","slug":"printemps-1955-corbonod","status":"publish","type":"post","link":"http:\/\/lantb.net\/uebersicht\/?p=475","title":{"rendered":"Printemps 1955. Corbonod"},"content":{"rendered":"<p><a href=\"http:\/\/lantb.net\/uebersicht\/wp-content\/uploads\/2009\/05\/corbono195572.jpg\"><img loading=\"lazy\" decoding=\"async\" class=\"alignnone size-full wp-image-476\" title=\"corbono195572\" src=\"http:\/\/lantb.net\/uebersicht\/wp-content\/uploads\/2009\/05\/corbono195572.jpg\" alt=\"corbono195572\" width=\"450\" height=\"630\" \/><\/a><br \/>\nDe haut en bas, de gauche \u00e0 droite: Michelle, Eveline, Fanfinet, Chantal, Hild\u00e9e, Liliane (communion d&rsquo;Hild\u00e9e?)<\/p>\n<blockquote><p><a href=\"http:\/\/lantb.net\/uebersicht\/wp-content\/uploads\/2009\/05\/michelle.jpg\"><img loading=\"lazy\" decoding=\"async\" class=\"alignnone size-full wp-image-491\" title=\"michelle\" src=\"http:\/\/lantb.net\/uebersicht\/wp-content\/uploads\/2009\/05\/michelle.jpg\" alt=\"michelle\" width=\"240\" height=\"264\" \/><br \/>\n<\/a>Michelle, 1954 (10 ans)<\/p><\/blockquote>\n<blockquote><p><a href=\"http:\/\/lantb.net\/uebersicht\/wp-content\/uploads\/2009\/05\/picasso501.jpg\"><img loading=\"lazy\" decoding=\"async\" class=\"alignnone size-full wp-image-502\" title=\"picasso501\" src=\"http:\/\/lantb.net\/uebersicht\/wp-content\/uploads\/2009\/05\/picasso501.jpg\" alt=\"picasso501\" width=\"240\" height=\"141\" \/><\/a><br \/>\nPicasso, <em>Le visage de la paix<\/em>, 5.12.1950<\/p><\/blockquote>\n<p>&#8230; et les guerres<br \/>\n\u00abLa <a href=\"http:\/\/fr.wikipedia.org\/wiki\/Guerre_d%27Indochine\" target=\"_blank\"><em>guerre d\u2019Indochine<\/em><\/a> s&rsquo;est d\u00e9roul\u00e9e de 1946 \u00e0 1954 en <a title=\"Indochine fran\u00e7aise\" href=\"http:\/\/fr.wikipedia.org\/wiki\/Indochine_fran%C3%A7aise\" target=\"_blank\">Indochine fran\u00e7aise<\/a>, et a oppos\u00e9 les forces du <a title=\"Corps exp\u00e9ditionnaire fran\u00e7ais en Extr\u00eame-Orient\" href=\"http:\/\/fr.wikipedia.org\/wiki\/Corps_exp%C3%A9ditionnaire_fran%C3%A7ais_en_Extr%C3%AAme-Orient\">Corps exp\u00e9ditionnaire fran\u00e7ais en Extr\u00eame-Orient<\/a> (CEFEO) fran\u00e7ais, soutenu \u00e0 partir de 1949 (victoire communiste en Chine) et surtout 1950 (guerre de Cor\u00e9e) par les \u00c9tats-Unis, aux forces du <a title=\"Vi\u00eat Minh\" href=\"http:\/\/fr.wikipedia.org\/wiki\/Vi%C3%AAt_Minh\" target=\"_blank\">Vi\u00eat Minh<\/a> (Front de l&rsquo;ind\u00e9pendance du <a class=\"mw-redirect\" title=\"Vietnam\" href=\"http:\/\/fr.wikipedia.org\/wiki\/Vietnam\">Vietnam<\/a>) nationaliste et communiste, soutenu par la Chine (\u00e0 partir de 1949) et l&rsquo;Union sovi\u00e9tique. Elle s&rsquo;est conclue par la victoire du Vi\u00eat Minh, sous la conduite d&rsquo;<a title=\"H? Ch\u00ed Minh\" href=\"http:\/\/fr.wikipedia.org\/wiki\/H%E1%BB%93_Ch%C3%AD_Minh\" target=\"_blank\">H? Ch\u00ed Minh<\/a>. Celle-ci co\u00efncide sensiblement avec le d\u00e9but de la guerre d&rsquo;Alg\u00e9rie, qui durera huit ans elle aussi, et qui a peut-\u00eatre \u00e9t\u00e9 encourag\u00e9e par cette d\u00e9faite coloniale de la France.\u00bb (source Wikipedia)<br \/>\n\u00abLa <em><a title=\"Guerre d'Alg\u00e9rie\" href=\"http:\/\/fr.wikipedia.org\/wiki\/Guerre_d%27Alg%C3%A9rie\" target=\"_blank\">guerre d&rsquo;Alg\u00e9rie<\/a><\/em> se d\u00e9roule de 1954 \u00e0 1962 et d\u00e9bouche sur l&rsquo;ind\u00e9pendance de l&rsquo;<a title=\"Alg\u00e9rie\" href=\"http:\/\/fr.wikipedia.org\/wiki\/Alg%C3%A9rie\" target=\"_blank\">Alg\u00e9rie<\/a>, d&rsquo;abord <a title=\"Liste des colonies fran\u00e7aises\" href=\"http:\/\/fr.wikipedia.org\/wiki\/Liste_des_colonies_fran%C3%A7aises\" target=\"_blank\">colonie fran\u00e7aise<\/a> 1832 \u00e0 1848, puis partie int\u00e9grante du territoire de la R\u00e9publique fran\u00e7aise.\u00bb (source Wikipedia)<\/p>\n","protected":false},"excerpt":{"rendered":"<p>De haut en bas, de gauche \u00e0 droite: Michelle, Eveline, Fanfinet, Chantal, Hild\u00e9e, Liliane (communion d&rsquo;Hild\u00e9e?) Michelle, 1954 (10 ans) Picasso, Le visage de la paix, 5.12.1950 &#8230; et les guerres \u00abLa guerre d\u2019Indochine s&rsquo;est d\u00e9roul\u00e9e de 1946 \u00e0 1954 en Indochine fran\u00e7aise, et a oppos\u00e9 les forces du Corps exp\u00e9ditionnaire fran\u00e7ais en Extr\u00eame-Orient (CEFEO) &hellip; <a href=\"http:\/\/lantb.net\/uebersicht\/?p=475\" class=\"more-link\">Continuer la lecture de <span class=\"screen-reader-text\">Printemps 1955. Corbonod<\/span><\/a><\/p>\n","protected":false},"author":2,"featured_media":0,"comment_status":"closed","ping_status":"closed","sticky":false,"template":"","format":"standard","meta":{"footnotes":""},"categories":[5,8,14],"tags":[61,62,76,84,83,20],"class_list":["post-475","post","type-post","status-publish","format-standard","hentry","category-claudine","category-liliane","category-philippine","tag-corbonod","tag-cousines","tag-kawaii","tag-la-guerre","tag-la-paix","tag-picasso"],"_links":{"self":[{"href":"http:\/\/lantb.net\/uebersicht\/index.php?rest_route=\/wp\/v2\/posts\/475","targetHints":{"allow":["GET"]}}],"collection":[{"href":"http:\/\/lantb.net\/uebersicht\/index.php?rest_route=\/wp\/v2\/posts"}],"about":[{"href":"http:\/\/lantb.net\/uebersicht\/index.php?rest_route=\/wp\/v2\/types\/post"}],"author":[{"embeddable":true,"href":"http:\/\/lantb.net\/uebersicht\/index.php?rest_route=\/wp\/v2\/users\/2"}],"replies":[{"embeddable":true,"href":"http:\/\/lantb.net\/uebersicht\/index.php?rest_route=%2Fwp%2Fv2%2Fcomments&post=475"}],"version-history":[{"count":0,"href":"http:\/\/lantb.net\/uebersicht\/index.php?rest_route=\/wp\/v2\/posts\/475\/revisions"}],"wp:attachment":[{"href":"http:\/\/lantb.net\/uebersicht\/index.php?rest_route=%2Fwp%2Fv2%2Fmedia&parent=475"}],"wp:term":[{"taxonomy":"category","embeddable":true,"href":"http:\/\/lantb.net\/uebersicht\/index.php?rest_route=%2Fwp%2Fv2%2Fcategories&post=475"},{"taxonomy":"post_tag","embeddable":true,"href":"http:\/\/lantb.net\/uebersicht\/index.php?rest_route=%2Fwp%2Fv2%2Ftags&post=475"}],"curies":[{"name":"wp","href":"https:\/\/api.w.org\/{rel}","templated":true}]}}