{"id":3832,"date":"2011-11-08T09:16:47","date_gmt":"2011-11-08T08:16:47","guid":{"rendered":"http:\/\/lantb.net\/uebersicht\/?p=3832"},"modified":"2011-12-28T23:11:53","modified_gmt":"2011-12-28T22:11:53","slug":"jean-louis-chaneac-jean-dubuisson-architectes","status":"publish","type":"post","link":"http:\/\/lantb.net\/uebersicht\/?p=3832","title":{"rendered":"Jean-Louis Chan\u00e9ac &#038; Jean Dubuisson. Architectes en Savoie."},"content":{"rendered":"<blockquote><p><strong>Jean-Louis Chan\u00e9ac<\/strong><br \/>\nTrop tard pour aller \u00e0 Lyon, au <a href=\"http:\/\/www.caue69.fr\/\/modules\/smartsection\/item.php?itemid=2\" target=\"_blank\">CAUE<\/a>, 6 bis quai St-Vincent voir l&rsquo;exposition <em>Jean-Louis Chan\u00e9ac, itin\u00e9raire d&rsquo;un architecte libre<\/em>, <a href=\"http:\/\/www.caue69.fr\/modules\/news\/article.php?storyid=240\" target=\"_blank\">http:\/\/www.caue69.fr\/modules\/news\/article.php?storyid=240<\/a> mais on pourra visiter ses r\u00e9alisations \u00e0 Aix-les-Bains (sa maison troglodyte), sa longue Marina \u00e0 interruptions au bord du Lac*, l&rsquo;h\u00f4tel Cerf-volant \u00e0 Voglans, le plan-masse de Chamb\u00e9ry-Tecnolac, le lyc\u00e9e du Granier \u00e0 la Ravoire,un centre commercial et logements HLM \u00e0 Saint-Jean de Maurienne etc., d&rsquo;autant que l&rsquo;exposition vient \u00e0 Chamb\u00e9ry \u00e0 partir du 16 novembre<\/p><\/blockquote>\n<p>*Immeuble <a href=\"http:\/\/jlggb.net\/blog3\/?p=379\" target=\"_blank\"><em>Les Bords du lac<\/em><\/a>, 1, 3, 5 rue des Go\u00e9lands, Aix-les-Bains 1972-1980<br \/>\n<a href=\"http:\/\/architecturerhonealpes.org\/patrimoine\/historique_bis.php3?id_loca=104\" target=\"_blank\">http:\/\/architecturerhonealpes.org\/patrimoine\/historique_bis.php3?id_loca=104<\/a><br \/>\n\u00abCet immeuble de logements situ\u00e9 en bordure du lac du Bourget est caract\u00e9ris\u00e9 par ses fa\u00e7ades tr\u00e8s inclin\u00e9es, parfois presque verticales. C\u00f4t\u00e9 montagne, celles-ci sont sombres pour rappeler le massif de la Dent du Chat qui leur fait face. C\u00f4t\u00e9 lac, les fa\u00e7ades se dressent en s&rsquo;inclinant tr\u00e8s fortement.\u00bb Ces fa\u00e7ades sombres gris ardoise (en ardoise ou imitation) sont un gimmick tr\u00e8s aixois, dentduchatien donc \u2014lorsque le soleil vient de se coucher derri\u00e8re la dite montagne, celle-ci s&rsquo;assombrit et toute la cha\u00eene qui va avec, subrepticement, comme notre moral au cr\u00e9puscule&#8230;\u2014, de suiveurs aixois en architecture de Chan\u00e9ac comme Pierre Rault semble-t-il, qui a travaill\u00e9 avec lui, et a inond\u00e9 Aix-les-Bains de ces toits gris retombant lourdement sur les fa\u00e7ades d&rsquo;immeubles, r\u00e9miniscence moderniste aussi des longs toits de style Louis XIII de la r\u00e9sidence ex-Hotel Bernascon (1900) <a href=\"http:\/\/www.patrimoine-aixlesbains.fr\/?page=fiches&amp;p=IA73001076\" target=\"_blank\">http:\/\/www.patrimoine-aixlesbains.fr\/?page=fiches&amp;p=IA73001076<\/a>, par exemple.<br \/>\nJean-Louis Chan\u00e9ac a repris cette architecture faite de plans tr\u00e8s inclin\u00e9s pour <a href=\"http:\/\/jlggb.net\/blog3\/?p=428\" target=\"_blank\">la maison-atelier de P. G. P\u00e9guy Br\u00e8s (1961) \u00e0 Brison Saint Innocent<\/a> et l&rsquo;H\u00f4tel Le Cerf-Volant (1973), \u00e0 Voglans.<br \/>\nMais Chan\u00e9ac est aussi l&rsquo;auteur avec Pierre Rault de la premi\u00e8re version du Palais des Fleurs (1975), centre des congr\u00e8s, dont l&rsquo;incroyable toiture en gradins en b\u00e9ton aurait d\u00fb \u00eatre accessible et paysag\u00e8re, et qui a malheureusement \u00e9t\u00e9 \u00abr\u00e9nov\u00e9\u00bb en 2004. Toute l&rsquo;histoire sur <a href=\"http:\/\/www.patrimoine-aixlesbains.fr\/?page=fiches&amp;p=IA73001798\" target=\"_blank\">http:\/\/www.patrimoine-aixlesbains.fr\/?page=fiches&amp;p=IA73001798<\/a><br \/>\nLe \u00abr\u00e9gionalisme synchr\u00e9tique\u00bb de Chan\u00e9ac s&rsquo;exerce \u00e0 Val d&rsquo;Is\u00e8re <a href=\"http:\/\/www.sabaudia.org\/v2\/dossiers\/archimontagne\/public15.php\" target=\"_blank\">http:\/\/www.sabaudia.org\/v2\/dossiers\/archimontagne\/public15.php<\/a>: \u00abL&rsquo;industrie de la neige, r\u00e9alit\u00e9 \u00e9conomique, g\u00e9ographique et culturelle pour la Savoie est aussi un champ d&rsquo;exp\u00e9rimentation valable pour les architectes qui, comme moi, refusent les copies vernaculaires \u00e9dulcor\u00e9es.\u00bb Jean-Louis Chaneac cit\u00e9 dans <em>Le Moniteur<\/em> du 19.1.90.<br \/>\nLe Val Village de Chan\u00e9ac est pens\u00e9 comme un \u00abauthentique vrai faux village alpin\u00bb <a href=\"http:\/\/www.parcoursinventaire.rhonealpes.fr\/stationski\/-Val-d-Isere-.html\" target=\"_blank\">http:\/\/www.parcoursinventaire.rhonealpes.fr\/stationski\/-Val-d-Isere-.html<\/a><br \/>\nIl est aussi l&rsquo;auteur du manifeste de l&rsquo;architecture insurrectionnelle: <a href=\"http:\/\/laboratoireurbanismeinsurrectionnel.blogspot.com\/2011\/05\/chaneac-le-manifeste-de-larchitecture.html\" target=\"_blank\">http:\/\/laboratoireurbanismeinsurrectionnel.blogspot.com\/2011\/05\/chaneac-le-manifeste-de-larchitecture.html<\/a>, lu le 4 mai 1968 \u00e0 l&rsquo;Acad\u00e9mie royale d&rsquo;architecture \u00e0 Bruxelles. Il propose aux habitants des tristes grands ensembles, le concept de \u00abcellules parasites\u00bb clandestines \u00e0 implanter sur les fa\u00e7ades des immeubles et cite l&rsquo;exemple de Marcel Lachat* qui r\u00e9alise \u00e0 Gen\u00e8ve en 1971, une bulle pirate pour agrandir son appartement\u00a0 et y installer son premier enfant. (Alain Bublex n&rsquo;a-t-il pas repris cette id\u00e9e chan\u00e9achienne dans ses accrochages urbains d&rsquo;Alg\u00e9co? <a href=\"http:\/\/www.arpla.fr\/odnm\/?page_id=4507\" target=\"_blank\">http:\/\/www.arpla.fr\/odnm\/?page_id=4507<\/a>)<\/p>\n<p>*suite et explication dans le <em>M\u00e9tropolitains<\/em> de Fran\u00e7ois Chaslin du dimanche 27 novembre, \u00e0 l&rsquo;occasion de l&rsquo;hommage \u00e0 un autre architecte suisse de maisons-bulles, <a href=\"http:\/\/www.city-furniture.be\/wordpress\/2011\/08\/24\/pascal-hausermann-visionair-architect\/\" target=\"_blank\">Pascal Ha\u00fcsermann<\/a>, avec Julien Donada, auteur du film<em> La bulle pirate <\/em>(2007), \u00e0 propos de Marcel Lachat,<em> La bulle et l&rsquo;architecte<\/em> (2003), 53&prime; et de plusieurs livres consacr\u00e9s \u00e0 ce type d&rsquo;architecture-bulle<em>: Pratique du voile de b\u00e9ton en autoconstruction<\/em>, Jo\u00ebl Unal, pr\u00e9face de Claude Ha\u00fcsermann-Costy** et Pascal Ha\u00fcsermann, Alternatives, AnArchitecture, 1981, 166 pages.<em> Bulles, conversation avec Pascal Ha\u00fcsermann<\/em>, Julien Donada, pr\u00e9face de Michel Ragon, Facteur humain, 2010. <em>Architecture interdite<\/em>, Jean-Louis Chan\u00e9ac (manuscrit de 1980), introduction de Dominique Amouroux, Linteau, 2005. L&rsquo;architecture <em>bullaire<\/em> se pr\u00e9sentait comme une alternative \u00e0 la construction des grands ensembles parall\u00e9l\u00e9pip\u00e9diques. A \u00e9t\u00e9 cit\u00e9 Yona Friedman encore vivant et dont le travail est d\u00e9sormais int\u00e9gr\u00e9 au monde de l&rsquo;art contemporain. Tout cela est cit\u00e9 dans <a href=\"http:\/\/www.franceculture.fr\/emission-metropolitains-logement-un-ilot-experimental-la-rue-rebiere-a-paris-2011-11-27\" target=\"_blank\">http:\/\/www.franceculture.fr\/emission-metropolitains-logement-un-ilot-experimental-la-rue-rebiere-a-paris-2011-11-27<\/a><\/p>\n<p>**Claude Ha\u00fcsermann-Costy est poti\u00e8re dans un village de Haute Savoie, (route du cr\u00eat, Minzier, 74270 Frangy): <a href=\"http:\/\/la.ruine.free.fr\/situation.htm\" target=\"_blank\">http:\/\/la.ruine.free.fr\/situation.htm<\/a><\/p>\n<blockquote><p><strong><br \/>\nJean Dubuisson<\/strong><br \/>\nHommage \u00e0 Jean Dubuisson (1914-22 octobre 2011). <em>M\u00e9tropolitains<\/em>, France culture, dimanche 6 novembre 2011: <a href=\"http:\/\/www.franceculture.fr\/emission-metropolitains-hommage-a-jean-dubuisson-refection-de-la-tour-bois-le-pretre-a-paris-2011-11\" target=\"_blank\">http:\/\/www.franceculture.fr\/emission-metropolitains-hommage-a-jean-dubuisson-refection-de-la-tour-bois-le-pretre-a-paris-2011-11<\/a><br \/>\n1962-1980\u00a0: a construit la <a title=\"ZUP\" href=\"http:\/\/fr.wikipedia.org\/wiki\/ZUP\">ZUP<\/a> puis <a title=\"ZAC\" href=\"http:\/\/fr.wikipedia.org\/wiki\/ZAC\">ZAC<\/a> les Hauts de <a title=\"Chamb\u00e9ry\" href=\"http:\/\/fr.wikipedia.org\/wiki\/Chamb%C3%A9ry\">Chamb\u00e9ry<\/a><a href=\"http:\/\/fr.wikipedia.org\/wiki\/Jean_Dubuisson#cite_note-2\">3<\/a>, \u00e0 visiter. On voit des Dubuisson partout en Savoie&#8230;<\/p><\/blockquote>\n","protected":false},"excerpt":{"rendered":"<p>Jean-Louis Chan\u00e9ac Trop tard pour aller \u00e0 Lyon, au CAUE, 6 bis quai St-Vincent voir l&rsquo;exposition Jean-Louis Chan\u00e9ac, itin\u00e9raire d&rsquo;un architecte libre, http:\/\/www.caue69.fr\/modules\/news\/article.php?storyid=240 mais on pourra visiter ses r\u00e9alisations \u00e0 Aix-les-Bains (sa maison troglodyte), sa longue Marina \u00e0 interruptions au bord du Lac*, l&rsquo;h\u00f4tel Cerf-volant \u00e0 Voglans, le plan-masse de Chamb\u00e9ry-Tecnolac, le lyc\u00e9e du Granier &hellip; <a href=\"http:\/\/lantb.net\/uebersicht\/?p=3832\" class=\"more-link\">Continuer la lecture de <span class=\"screen-reader-text\">Jean-Louis Chan\u00e9ac &#038; Jean Dubuisson. Architectes en Savoie.<\/span><\/a><\/p>\n","protected":false},"author":2,"featured_media":0,"comment_status":"closed","ping_status":"closed","sticky":false,"template":"","format":"standard","meta":{"footnotes":""},"categories":[11,90,4],"tags":[],"class_list":["post-3832","post","type-post","status-publish","format-standard","hentry","category-aix-les-bains","category-varia-art","category-varia"],"_links":{"self":[{"href":"http:\/\/lantb.net\/uebersicht\/index.php?rest_route=\/wp\/v2\/posts\/3832","targetHints":{"allow":["GET"]}}],"collection":[{"href":"http:\/\/lantb.net\/uebersicht\/index.php?rest_route=\/wp\/v2\/posts"}],"about":[{"href":"http:\/\/lantb.net\/uebersicht\/index.php?rest_route=\/wp\/v2\/types\/post"}],"author":[{"embeddable":true,"href":"http:\/\/lantb.net\/uebersicht\/index.php?rest_route=\/wp\/v2\/users\/2"}],"replies":[{"embeddable":true,"href":"http:\/\/lantb.net\/uebersicht\/index.php?rest_route=%2Fwp%2Fv2%2Fcomments&post=3832"}],"version-history":[{"count":0,"href":"http:\/\/lantb.net\/uebersicht\/index.php?rest_route=\/wp\/v2\/posts\/3832\/revisions"}],"wp:attachment":[{"href":"http:\/\/lantb.net\/uebersicht\/index.php?rest_route=%2Fwp%2Fv2%2Fmedia&parent=3832"}],"wp:term":[{"taxonomy":"category","embeddable":true,"href":"http:\/\/lantb.net\/uebersicht\/index.php?rest_route=%2Fwp%2Fv2%2Fcategories&post=3832"},{"taxonomy":"post_tag","embeddable":true,"href":"http:\/\/lantb.net\/uebersicht\/index.php?rest_route=%2Fwp%2Fv2%2Ftags&post=3832"}],"curies":[{"name":"wp","href":"https:\/\/api.w.org\/{rel}","templated":true}]}}