{"id":3742,"date":"2011-10-08T11:20:13","date_gmt":"2011-10-08T09:20:13","guid":{"rendered":"http:\/\/lantb.net\/uebersicht\/?p=3742"},"modified":"2011-10-10T22:35:41","modified_gmt":"2011-10-10T20:35:41","slug":"josef-albers-a-la-galleria-civica-di-modena","status":"publish","type":"post","link":"http:\/\/lantb.net\/uebersicht\/?p=3742","title":{"rendered":"Josef Albers \u00e0 la Galleria Civica di Modena. Y aller!"},"content":{"rendered":"<blockquote><p><img loading=\"lazy\" decoding=\"async\" class=\"alignnone size-full wp-image-3743\" title=\"albers\" src=\"http:\/\/lantb.net\/uebersicht\/wp-content\/uploads\/2011\/10\/albers.jpg\" alt=\"\" width=\"301\" height=\"220\" srcset=\"http:\/\/lantb.net\/uebersicht\/wp-content\/uploads\/2011\/10\/albers.jpg 301w, http:\/\/lantb.net\/uebersicht\/wp-content\/uploads\/2011\/10\/albers-300x219.jpg 300w\" sizes=\"auto, (max-width: 301px) 100vw, 301px\" \/><br \/>\n8 octobre 2011 &#8211; 8 janvier 2012<\/p><\/blockquote>\n<p><a href=\"http:\/\/www.comune.modena.it\/galleria\/exhibitions\/josef-albers\" target=\"_blank\">http:\/\/www.comune.modena.it\/galleria\/exhibitions\/josef-albers<\/a> \u00e0 500km d&rsquo;Aix-les-Bains.<br \/>\nAlbers au Bauhaus: <a href=\"http:\/\/www.arpla.fr\/canal2\/figureblog\/?page_id=5728\" target=\"_blank\">http:\/\/www.arpla.fr\/canal2\/figureblog\/?page_id=5728<\/a><br \/>\nAlbers, <em>key man<\/em> au Black Mountain College <a href=\"http:\/\/www.arpla.fr\/canal2\/figureblog\/?page_id=10224\" target=\"_blank\">http:\/\/www.arpla.fr\/canal2\/figureblog\/?page_id=1022<\/a><\/p>\n<p>et aussi du 8 octobre 2011 au 3 janvier 2012 \u00e0 Londres <em>&gt; The Indiscipline of Painting, international abstraction from 1960s to now<\/em><br \/>\n<a href=\"http:\/\/www.tate.org.uk\/stives\/exhibitions\/the_indiscipline_of_painting\/default.shtm\" target=\"_blank\">http:\/\/www.tate.org.uk\/stives\/exhibitions\/the_indiscipline_of_painting\/default.shtm<\/a><\/p>\n<p>\u00abY\u00bb aller. L&rsquo;\u00ab<span style=\"color: #008000;\">Y<\/span>\u00bb si savo<span style=\"color: #008000;\">Y<\/span>ard : \u00abmais n&rsquo;est-ce pas dans ce moment pr\u00e9cis o\u00f9 nous \u00aby\u00bb sommes que cette pr\u00e9sence radicale dans le lieu de l&rsquo;\u00abici\u00bb annule toute la dimension du \u00abl\u00e0-bas\u00bb de l&rsquo;\u00eatre comme porteur de nom?\u00bb <em>and so on<\/em>&#8230; <em>dixit<\/em> Marc-Alain Ouaknin in <em>Biblioth\u00e9rapie<\/em>, page 114. D&rsquo;o\u00f9 la n\u00e9cessit\u00e9 constante d&rsquo;y aller: \u00abon y va?\u00bb<\/p>\n","protected":false},"excerpt":{"rendered":"<p>8 octobre 2011 &#8211; 8 janvier 2012 http:\/\/www.comune.modena.it\/galleria\/exhibitions\/josef-albers \u00e0 500km d&rsquo;Aix-les-Bains. Albers au Bauhaus: http:\/\/www.arpla.fr\/canal2\/figureblog\/?page_id=5728 Albers, key man au Black Mountain College http:\/\/www.arpla.fr\/canal2\/figureblog\/?page_id=1022 et aussi du 8 octobre 2011 au 3 janvier 2012 \u00e0 Londres &gt; The Indiscipline of Painting, international abstraction from 1960s to now http:\/\/www.tate.org.uk\/stives\/exhibitions\/the_indiscipline_of_painting\/default.shtm \u00abY\u00bb aller. L&rsquo;\u00abY\u00bb si savoYard : \u00abmais n&rsquo;est-ce &hellip; <a href=\"http:\/\/lantb.net\/uebersicht\/?p=3742\" class=\"more-link\">Continuer la lecture de <span class=\"screen-reader-text\">Josef Albers \u00e0 la Galleria Civica di Modena. Y aller!<\/span><\/a><\/p>\n","protected":false},"author":2,"featured_media":0,"comment_status":"closed","ping_status":"closed","sticky":false,"template":"","format":"standard","meta":{"footnotes":""},"categories":[212,90],"tags":[],"class_list":["post-3742","post","type-post","status-publish","format-standard","hentry","category-couleurs","category-varia-art"],"_links":{"self":[{"href":"http:\/\/lantb.net\/uebersicht\/index.php?rest_route=\/wp\/v2\/posts\/3742","targetHints":{"allow":["GET"]}}],"collection":[{"href":"http:\/\/lantb.net\/uebersicht\/index.php?rest_route=\/wp\/v2\/posts"}],"about":[{"href":"http:\/\/lantb.net\/uebersicht\/index.php?rest_route=\/wp\/v2\/types\/post"}],"author":[{"embeddable":true,"href":"http:\/\/lantb.net\/uebersicht\/index.php?rest_route=\/wp\/v2\/users\/2"}],"replies":[{"embeddable":true,"href":"http:\/\/lantb.net\/uebersicht\/index.php?rest_route=%2Fwp%2Fv2%2Fcomments&post=3742"}],"version-history":[{"count":0,"href":"http:\/\/lantb.net\/uebersicht\/index.php?rest_route=\/wp\/v2\/posts\/3742\/revisions"}],"wp:attachment":[{"href":"http:\/\/lantb.net\/uebersicht\/index.php?rest_route=%2Fwp%2Fv2%2Fmedia&parent=3742"}],"wp:term":[{"taxonomy":"category","embeddable":true,"href":"http:\/\/lantb.net\/uebersicht\/index.php?rest_route=%2Fwp%2Fv2%2Fcategories&post=3742"},{"taxonomy":"post_tag","embeddable":true,"href":"http:\/\/lantb.net\/uebersicht\/index.php?rest_route=%2Fwp%2Fv2%2Ftags&post=3742"}],"curies":[{"name":"wp","href":"https:\/\/api.w.org\/{rel}","templated":true}]}}