{"id":3444,"date":"2011-06-16T09:30:52","date_gmt":"2011-06-16T07:30:52","guid":{"rendered":"http:\/\/lantb.net\/uebersicht\/?p=3444"},"modified":"2012-01-29T20:34:08","modified_gmt":"2012-01-29T19:34:08","slug":"le-birchermuesli-des-paquis","status":"publish","type":"post","link":"http:\/\/lantb.net\/uebersicht\/?p=3444","title":{"rendered":"Le Birchermuesli des P\u00e2quis"},"content":{"rendered":"<blockquote><p><a href=\"http:\/\/lantb.net\/uebersicht\/wp-content\/uploads\/2011\/06\/birchermuesli.jpg\"><img loading=\"lazy\" decoding=\"async\" class=\"alignnone size-full wp-image-3445\" title=\"birchermuesli\" src=\"http:\/\/lantb.net\/uebersicht\/wp-content\/uploads\/2011\/06\/birchermuesli.jpg\" alt=\"\" width=\"480\" height=\"361\" srcset=\"http:\/\/lantb.net\/uebersicht\/wp-content\/uploads\/2011\/06\/birchermuesli.jpg 1280w, http:\/\/lantb.net\/uebersicht\/wp-content\/uploads\/2011\/06\/birchermuesli-300x225.jpg 300w, http:\/\/lantb.net\/uebersicht\/wp-content\/uploads\/2011\/06\/birchermuesli-1024x768.jpg 1024w\" sizes=\"auto, (max-width: 480px) 100vw, 480px\" \/><\/a><br \/>\njeudi 16 juin, 9h 30. Petit d\u00e9jeuner au Birchermuesli maison (tr\u00e8s fruit\u00e9 frais) de la buvette des Bains des P\u00e2quis \u00e0 Gen\u00e8ve. Un must!<br \/>\n<a href=\"http:\/\/www.buvettedesbains.ch\/pages\/petits_dejeuner.html\" target=\"_blank\">http:\/\/www.buvettedesbains.ch\/pages\/petits_dejeuner.html<\/a><br \/>\n<a href=\"http:\/\/www.bains-des-paquis.ch\/\" target=\"_blank\">http:\/\/www.bains-des-paquis.ch<\/a>\/<a href=\"http:\/\/lantb.net\/uebersicht\/wp-content\/uploads\/2011\/06\/Buvettepaquis.jpg\"><br \/>\n<\/a><br \/>\n<a href=\"http:\/\/www.bains-des-paquis.ch\" target=\"_blank\"><br \/>\n<\/a><\/p><\/blockquote>\n","protected":false},"excerpt":{"rendered":"<p>jeudi 16 juin, 9h 30. Petit d\u00e9jeuner au Birchermuesli maison (tr\u00e8s fruit\u00e9 frais) de la buvette des Bains des P\u00e2quis \u00e0 Gen\u00e8ve. Un must! http:\/\/www.buvettedesbains.ch\/pages\/petits_dejeuner.html http:\/\/www.bains-des-paquis.ch\/<\/p>\n","protected":false},"author":2,"featured_media":0,"comment_status":"closed","ping_status":"closed","sticky":false,"template":"","format":"standard","meta":{"footnotes":""},"categories":[220],"tags":[],"class_list":["post-3444","post","type-post","status-publish","format-standard","hentry","category-cuisine"],"_links":{"self":[{"href":"http:\/\/lantb.net\/uebersicht\/index.php?rest_route=\/wp\/v2\/posts\/3444","targetHints":{"allow":["GET"]}}],"collection":[{"href":"http:\/\/lantb.net\/uebersicht\/index.php?rest_route=\/wp\/v2\/posts"}],"about":[{"href":"http:\/\/lantb.net\/uebersicht\/index.php?rest_route=\/wp\/v2\/types\/post"}],"author":[{"embeddable":true,"href":"http:\/\/lantb.net\/uebersicht\/index.php?rest_route=\/wp\/v2\/users\/2"}],"replies":[{"embeddable":true,"href":"http:\/\/lantb.net\/uebersicht\/index.php?rest_route=%2Fwp%2Fv2%2Fcomments&post=3444"}],"version-history":[{"count":0,"href":"http:\/\/lantb.net\/uebersicht\/index.php?rest_route=\/wp\/v2\/posts\/3444\/revisions"}],"wp:attachment":[{"href":"http:\/\/lantb.net\/uebersicht\/index.php?rest_route=%2Fwp%2Fv2%2Fmedia&parent=3444"}],"wp:term":[{"taxonomy":"category","embeddable":true,"href":"http:\/\/lantb.net\/uebersicht\/index.php?rest_route=%2Fwp%2Fv2%2Fcategories&post=3444"},{"taxonomy":"post_tag","embeddable":true,"href":"http:\/\/lantb.net\/uebersicht\/index.php?rest_route=%2Fwp%2Fv2%2Ftags&post=3444"}],"curies":[{"name":"wp","href":"https:\/\/api.w.org\/{rel}","templated":true}]}}