{"id":2978,"date":"2011-02-20T20:24:56","date_gmt":"2011-02-20T19:24:56","guid":{"rendered":"http:\/\/lantb.net\/uebersicht\/?p=2978"},"modified":"2011-03-03T14:31:12","modified_gmt":"2011-03-03T13:31:12","slug":"les-thermes-daix-les-bains","status":"publish","type":"post","link":"http:\/\/lantb.net\/uebersicht\/?p=2978","title":{"rendered":"Les Thermes d&rsquo;Aix-les-Bains et Sky Cat"},"content":{"rendered":"<p>\u00abC&rsquo;est la Compagnie Europ\u00e9enne des Bains (CEB), filiale du groupe Valvital, qui a \u00e9t\u00e9 d\u00e9sign\u00e9e pour la reprise des Thermes Nationaux d&rsquo;Aix-les-Bains, \u00e0 l&rsquo;issue de l&rsquo;appel d&rsquo;offre initi\u00e9 le 6 octobre 2010 dernier. \u00ab\u00a0Cette offre est apparue la mieux-disante au regard d&rsquo;un ensemble de crit\u00e8res incluant notamment le prix et la qualit\u00e9 du projet industriel\u00a0\u00bb, souligne le Minist\u00e8re de l&rsquo;Economie fran\u00e7ais dans un communiqu\u00e9. Le contrat de cession a \u00e9t\u00e9 paraph\u00e9 hier [15 f\u00e9vrier 2011], apr\u00e8s l&rsquo;avis favorable des instances repr\u00e9sentatives du personnel. \u00ab\u00a0Cette modernisation de l&rsquo;\u00e9tablissement vise \u00e0 permettre une acc\u00e9l\u00e9ration du d\u00e9veloppement de la soci\u00e9t\u00e9 et \u00e0 favoriser son adaptation aux \u00e9volutions du march\u00e9 du thermalisme en France\u00a0\u00bb, ajoute Bercy. La Ministre Christine Lagarde signera \u00ab\u00a0dans les prochaines semaines\u00a0\u00bb l&rsquo;arr\u00eat\u00e9 fixant les modalit\u00e9s du transfert au secteur priv\u00e9 des Thermes nationaux d&rsquo;Aix-les-Bains, sur l&rsquo;avis conforme de la commission des participations et des transferts.\u00bb <a href=\"http:\/\/www.mediaconseilpresse.com\/fr\/press-releases\/thermes-nationaux-daix-les-bains-le-nouveau-vaisseau-amiral-du-groupe-valvital_370\/page_2.html\" target=\"_blank\">\u00e0 surveiller<\/a>&#8230;.<\/p>\n<blockquote>\n<p><a href=\"http:\/\/lantb.net\/uebersicht\/wp-content\/uploads\/2011\/02\/minette.jpg\"><img loading=\"lazy\" decoding=\"async\" class=\"alignnone size-full wp-image-2982\" title=\"minette\" src=\"http:\/\/lantb.net\/uebersicht\/wp-content\/uploads\/2011\/02\/minette.jpg\" alt=\"\" width=\"400\" height=\"299\" srcset=\"http:\/\/lantb.net\/uebersicht\/wp-content\/uploads\/2011\/02\/minette.jpg 1280w, http:\/\/lantb.net\/uebersicht\/wp-content\/uploads\/2011\/02\/minette-300x225.jpg 300w, http:\/\/lantb.net\/uebersicht\/wp-content\/uploads\/2011\/02\/minette-1024x768.jpg 1024w\" sizes=\"auto, (max-width: 400px) 100vw, 400px\" \/><\/a><\/p>\n<p>Sky Cat au Murget, 17 f\u00e9vrier 2011.<\/p>\n<p>Elle s&rsquo;appelle Sky Cat, car, lors de son transfert en voiture entre Chindrieux et Aix, seule la radio Skyrock l&rsquo;avait calm\u00e9e. Retour sur sa biographie: Sky Cat, est n\u00e9e le 21 juin 2000, le jour de la f\u00eate de la musique, chez Eveline, rue des Peupliers \u00e0 Saint-Egr\u00e8ve. Ce \u00abchat merveilleux\u00bb a \u00e9t\u00e9 donn\u00e9 \u00e0 Nicole par Eveline, apr\u00e8s avoir transit\u00e9 par Chindrieux chez Chantal avant de rejoindre le Murget. \u00abAvant 1999\u00bb, dit Eveline, \u00ab j&rsquo;avais des chatons chaque ann\u00e9e et il fallait absolument leur trouver &lsquo;une bonne maison&rsquo;, Sky Cat en fait partie! Sa m\u00e8re \u00e9tait toute noire \u00e0 l&rsquo;exception d&rsquo;une tache blanche sous le menton, elle \u00e9tait extr\u00eamement intelligente et tr\u00e8s attach\u00e9e \u00e0 nous, tr\u00e8s tr\u00e8s maternelle aussi. Elle avait fait le forcing pour qu&rsquo;on l&rsquo;adopte un jour qu&rsquo;elle \u00e9tait enferm\u00e9e par accident chez notre voisin de palier, c&rsquo;\u00e9tait un week end et elle avait fait un tel ramdam dans l&rsquo;appartement d&rsquo;\u00e0 c\u00f4t\u00e9 qu&rsquo;on avait tout mis en \u0153uvre pour joindre le propri\u00e9taire afin qu&rsquo;il vienne au plus vite voir ce qui se passait dans son appartement!! Ensuite elle n&rsquo;a plus voulu nous quitter. Ce qui \u00e9tait remarquable c&rsquo;\u00e9tait son nez, tr\u00e8s plat et long comme une panth\u00e8re.\u00bb Question: cette chatte existe-t-elle encore?<\/p>\n","protected":false},"excerpt":{"rendered":"<p>\u00abC&rsquo;est la Compagnie Europ\u00e9enne des Bains (CEB), filiale du groupe Valvital, qui a \u00e9t\u00e9 d\u00e9sign\u00e9e pour la reprise des Thermes Nationaux d&rsquo;Aix-les-Bains, \u00e0 l&rsquo;issue de l&rsquo;appel d&rsquo;offre initi\u00e9 le 6 octobre 2010 dernier. \u00ab\u00a0Cette offre est apparue la mieux-disante au regard d&rsquo;un ensemble de crit\u00e8res incluant notamment le prix et la qualit\u00e9 du projet industriel\u00a0\u00bb, &hellip; <a href=\"http:\/\/lantb.net\/uebersicht\/?p=2978\" class=\"more-link\">Continuer la lecture de <span class=\"screen-reader-text\">Les Thermes d&rsquo;Aix-les-Bains et Sky Cat<\/span><\/a><\/p>\n","protected":false},"author":2,"featured_media":0,"comment_status":"closed","ping_status":"closed","sticky":false,"template":"","format":"standard","meta":{"footnotes":""},"categories":[11,6,14],"tags":[215],"class_list":["post-2978","post","type-post","status-publish","format-standard","hentry","category-aix-les-bains","category-nicole","category-philippine","tag-murget"],"_links":{"self":[{"href":"http:\/\/lantb.net\/uebersicht\/index.php?rest_route=\/wp\/v2\/posts\/2978","targetHints":{"allow":["GET"]}}],"collection":[{"href":"http:\/\/lantb.net\/uebersicht\/index.php?rest_route=\/wp\/v2\/posts"}],"about":[{"href":"http:\/\/lantb.net\/uebersicht\/index.php?rest_route=\/wp\/v2\/types\/post"}],"author":[{"embeddable":true,"href":"http:\/\/lantb.net\/uebersicht\/index.php?rest_route=\/wp\/v2\/users\/2"}],"replies":[{"embeddable":true,"href":"http:\/\/lantb.net\/uebersicht\/index.php?rest_route=%2Fwp%2Fv2%2Fcomments&post=2978"}],"version-history":[{"count":0,"href":"http:\/\/lantb.net\/uebersicht\/index.php?rest_route=\/wp\/v2\/posts\/2978\/revisions"}],"wp:attachment":[{"href":"http:\/\/lantb.net\/uebersicht\/index.php?rest_route=%2Fwp%2Fv2%2Fmedia&parent=2978"}],"wp:term":[{"taxonomy":"category","embeddable":true,"href":"http:\/\/lantb.net\/uebersicht\/index.php?rest_route=%2Fwp%2Fv2%2Fcategories&post=2978"},{"taxonomy":"post_tag","embeddable":true,"href":"http:\/\/lantb.net\/uebersicht\/index.php?rest_route=%2Fwp%2Fv2%2Ftags&post=2978"}],"curies":[{"name":"wp","href":"https:\/\/api.w.org\/{rel}","templated":true}]}}