{"id":2912,"date":"2011-02-11T01:40:58","date_gmt":"2011-02-11T00:40:58","guid":{"rendered":"http:\/\/lantb.net\/uebersicht\/?p=2912"},"modified":"2011-02-15T17:08:22","modified_gmt":"2011-02-15T16:08:22","slug":"il-faudra-compter-avec-la-place-tahrir","status":"publish","type":"post","link":"http:\/\/lantb.net\/uebersicht\/?p=2912","title":{"rendered":"Il faut compter avec la Place Tahrir"},"content":{"rendered":"<blockquote><p><a href=\"http:\/\/lantb.net\/uebersicht\/wp-content\/uploads\/2011\/02\/tahrir.jpg\"><img loading=\"lazy\" decoding=\"async\" class=\"alignnone size-full wp-image-2913\" title=\"tahrir\" src=\"http:\/\/lantb.net\/uebersicht\/wp-content\/uploads\/2011\/02\/tahrir.jpg\" alt=\"\" width=\"400\" height=\"300\" srcset=\"http:\/\/lantb.net\/uebersicht\/wp-content\/uploads\/2011\/02\/tahrir.jpg 1280w, http:\/\/lantb.net\/uebersicht\/wp-content\/uploads\/2011\/02\/tahrir-300x225.jpg 300w, http:\/\/lantb.net\/uebersicht\/wp-content\/uploads\/2011\/02\/tahrir-1024x768.jpg 1024w\" sizes=\"auto, (max-width: 400px) 100vw, 400px\" \/><\/a><br \/>\nComme il est dit \u00e0 LCI, ce jeudi 10 f\u00e9vrier \u00e0 17h 51. Field n&rsquo;est pas mal!<\/p><\/blockquote>\n<blockquote><p>[flv:http:\/\/lantb.net\/uebersicht\/wp-flv\/obama.flv 400 222]Le \u00abparagraphe\u00bb sur l&rsquo;Egypte extrait du discours d&rsquo;Obama sur les nouvelles technologies et internet, \u00e0 <a href=\"http:\/\/www.google.com\/hostednews\/afp\/article\/ALeqM5hPj4XCKC0gZC4oxdPhk7AYnBt93A?docId=CNG.c409a8e16134631526f16070445b8c43.5c1\" target=\"_blank\">Marquette<\/a>, et retransmis un peu plus tard dans le m\u00eame 17-20h de Field.<\/p><\/blockquote>\n<p>Le blog d&rsquo;Aalam Wassef, artiste, \u00e9diteur, chroniqueur et bloggeur :<\/p>\n<blockquote><p><a href=\"http:\/\/crisdegypte.blogs.liberation.fr\/cairote\/\" target=\"_blank\">http:\/\/crisdegypte.blogs.liberation.fr\/cairote<\/a><\/p><\/blockquote>\n<p>Le commentaire d&rsquo;Olivier Roy, extrait de son article titr\u00e9 \u00abR\u00e9volution post-islamiste\u00bb, <em>le Monde<\/em> du 12.02. 2011 :<\/p>\n<blockquote><p>\u00abLa demande d\u00e9mocratique butera donc partout dans le monde arabe sur  l&rsquo;enracinement social des r\u00e9seaux de client\u00e9lisme de chaque r\u00e9gime. Il y  a ici une dimension anthropologique int\u00e9ressante\u00a0: la demande de  d\u00e9mocratie est-elle capable de d\u00e9passer les r\u00e9seaux complexes  d&rsquo;all\u00e9geances et d&rsquo;appartenances \u00e0 des corps sociaux interm\u00e9diaires  (qu&rsquo;il s&rsquo;agisse de l&rsquo;arm\u00e9e, de tribus, de client\u00e8les politiques, etc.).  Quelle est la capacit\u00e9 des r\u00e9gimes \u00e0 jouer sur les all\u00e9geances  traditionnelles (les B\u00e9douins en Jordanie, les tribus au Y\u00e9men)\u00a0?  Comment ces groupes sociaux peuvent-ils ou non se brancher sur cette  demande de d\u00e9mocratie et en devenir des acteurs\u00a0? Comment la r\u00e9f\u00e9rence  religieuse va se diversifier et s&rsquo;adapter \u00e0 des nouvelles situations\u00a0?  Le processus va \u00eatre long et chaotique, mais une chose est certaine\u00a0:  nous ne sommes plus dans l&rsquo;exceptionnalisme arabo-musulman. Les  \u00e9v\u00e9nements actuels refl\u00e8tent un changement en profondeur des soci\u00e9t\u00e9s du  monde arabe. Ces changements sont en cours depuis longtemps, mais ils  \u00e9taient occult\u00e9s par les clich\u00e9s tenaces que l&rsquo;Occident accrochaient sur  le Moyen-Orient.\u00bb<\/p><\/blockquote>\n","protected":false},"excerpt":{"rendered":"<p>Comme il est dit \u00e0 LCI, ce jeudi 10 f\u00e9vrier \u00e0 17h 51. Field n&rsquo;est pas mal! [flv:http:\/\/lantb.net\/uebersicht\/wp-flv\/obama.flv 400 222]Le \u00abparagraphe\u00bb sur l&rsquo;Egypte extrait du discours d&rsquo;Obama sur les nouvelles technologies et internet, \u00e0 Marquette, et retransmis un peu plus tard dans le m\u00eame 17-20h de Field. Le blog d&rsquo;Aalam Wassef, artiste, \u00e9diteur, chroniqueur et &hellip; <a href=\"http:\/\/lantb.net\/uebersicht\/?p=2912\" class=\"more-link\">Continuer la lecture de <span class=\"screen-reader-text\">Il faut compter avec la Place Tahrir<\/span><\/a><\/p>\n","protected":false},"author":2,"featured_media":0,"comment_status":"closed","ping_status":"closed","sticky":false,"template":"","format":"standard","meta":{"footnotes":""},"categories":[4],"tags":[],"class_list":["post-2912","post","type-post","status-publish","format-standard","hentry","category-varia"],"_links":{"self":[{"href":"http:\/\/lantb.net\/uebersicht\/index.php?rest_route=\/wp\/v2\/posts\/2912","targetHints":{"allow":["GET"]}}],"collection":[{"href":"http:\/\/lantb.net\/uebersicht\/index.php?rest_route=\/wp\/v2\/posts"}],"about":[{"href":"http:\/\/lantb.net\/uebersicht\/index.php?rest_route=\/wp\/v2\/types\/post"}],"author":[{"embeddable":true,"href":"http:\/\/lantb.net\/uebersicht\/index.php?rest_route=\/wp\/v2\/users\/2"}],"replies":[{"embeddable":true,"href":"http:\/\/lantb.net\/uebersicht\/index.php?rest_route=%2Fwp%2Fv2%2Fcomments&post=2912"}],"version-history":[{"count":0,"href":"http:\/\/lantb.net\/uebersicht\/index.php?rest_route=\/wp\/v2\/posts\/2912\/revisions"}],"wp:attachment":[{"href":"http:\/\/lantb.net\/uebersicht\/index.php?rest_route=%2Fwp%2Fv2%2Fmedia&parent=2912"}],"wp:term":[{"taxonomy":"category","embeddable":true,"href":"http:\/\/lantb.net\/uebersicht\/index.php?rest_route=%2Fwp%2Fv2%2Fcategories&post=2912"},{"taxonomy":"post_tag","embeddable":true,"href":"http:\/\/lantb.net\/uebersicht\/index.php?rest_route=%2Fwp%2Fv2%2Ftags&post=2912"}],"curies":[{"name":"wp","href":"https:\/\/api.w.org\/{rel}","templated":true}]}}