{"id":234,"date":"2009-04-29T00:07:42","date_gmt":"2009-04-28T23:07:42","guid":{"rendered":"http:\/\/lantb.net\/uebersicht\/?p=234"},"modified":"2010-09-02T08:38:36","modified_gmt":"2010-09-02T06:38:36","slug":"vienne-aix-les-bains","status":"publish","type":"post","link":"http:\/\/lantb.net\/uebersicht\/?p=234","title":{"rendered":"Vienne \u2014 Aix-les-Bains. Correspondance"},"content":{"rendered":"<p><a href=\"http:\/\/lantb.net\/uebersicht\/wp-content\/uploads\/2009\/04\/claude01.jpg\"><img loading=\"lazy\" decoding=\"async\" class=\"alignnone size-full wp-image-235\" title=\"claude01\" src=\"http:\/\/lantb.net\/uebersicht\/wp-content\/uploads\/2009\/04\/claude01.jpg\" alt=\"claude01\" width=\"509\" height=\"332\" srcset=\"http:\/\/lantb.net\/uebersicht\/wp-content\/uploads\/2009\/04\/claude01.jpg 1027w, http:\/\/lantb.net\/uebersicht\/wp-content\/uploads\/2009\/04\/claude01-300x195.jpg 300w, http:\/\/lantb.net\/uebersicht\/wp-content\/uploads\/2009\/04\/claude01-1024x668.jpg 1024w\" sizes=\"auto, (max-width: 509px) 100vw, 509px\" \/><\/a><\/p>\n<p><a href=\"http:\/\/lantb.net\/uebersicht\/wp-content\/uploads\/2009\/04\/claude02.jpg\"><img loading=\"lazy\" decoding=\"async\" class=\"alignnone size-full wp-image-236\" title=\"claude02\" src=\"http:\/\/lantb.net\/uebersicht\/wp-content\/uploads\/2009\/04\/claude02.jpg\" alt=\"claude02\" width=\"258\" height=\"391\" \/><\/a> <a href=\"http:\/\/lantb.net\/uebersicht\/wp-content\/uploads\/2009\/04\/stalag01.jpg\"><img loading=\"lazy\" decoding=\"async\" class=\"alignnone size-full wp-image-238\" title=\"stalag01\" src=\"http:\/\/lantb.net\/uebersicht\/wp-content\/uploads\/2009\/04\/stalag01.jpg\" alt=\"stalag01\" width=\"261\" height=\"391\" srcset=\"http:\/\/lantb.net\/uebersicht\/wp-content\/uploads\/2009\/04\/stalag01.jpg 640w, http:\/\/lantb.net\/uebersicht\/wp-content\/uploads\/2009\/04\/stalag01-200x300.jpg 200w\" sizes=\"auto, (max-width: 261px) 100vw, 261px\" \/><br \/>\n<\/a>Claude prisonnier de guerre \u00e0 Vienne en Autriche, premi\u00e8re moiti\u00e9 des ann\u00e9es 40<\/p>\n<p><a href=\"http:\/\/lantb.net\/uebersicht\/wp-content\/uploads\/2009\/04\/claunic.jpg\"><img loading=\"lazy\" decoding=\"async\" class=\"alignnone size-full wp-image-241\" title=\"claunic\" src=\"http:\/\/lantb.net\/uebersicht\/wp-content\/uploads\/2009\/04\/claunic.jpg\" alt=\"claunic\" width=\"253\" height=\"353\" srcset=\"http:\/\/lantb.net\/uebersicht\/wp-content\/uploads\/2009\/04\/claunic.jpg 640w, http:\/\/lantb.net\/uebersicht\/wp-content\/uploads\/2009\/04\/claunic-215x300.jpg 215w\" sizes=\"auto, (max-width: 253px) 100vw, 253px\" \/><\/a> <a href=\"http:\/\/lantb.net\/uebersicht\/wp-content\/uploads\/2009\/04\/stalag02.jpg\"><img loading=\"lazy\" decoding=\"async\" class=\"alignnone size-full wp-image-242\" title=\"stalag02\" src=\"http:\/\/lantb.net\/uebersicht\/wp-content\/uploads\/2009\/04\/stalag02.jpg\" alt=\"stalag02\" width=\"248\" height=\"349\" srcset=\"http:\/\/lantb.net\/uebersicht\/wp-content\/uploads\/2009\/04\/stalag02.jpg 774w, http:\/\/lantb.net\/uebersicht\/wp-content\/uploads\/2009\/04\/stalag02-214x300.jpg 214w, http:\/\/lantb.net\/uebersicht\/wp-content\/uploads\/2009\/04\/stalag02-730x1024.jpg 730w\" sizes=\"auto, (max-width: 248px) 100vw, 248px\" \/><br \/>\n<\/a>Claudine et Nicole, 24 bis avenue Marie \u00e0 Aix-les-Bains, premi\u00e8re moiti\u00e9 des ann\u00e9es 40<\/p>\n","protected":false},"excerpt":{"rendered":"<p>Claude prisonnier de guerre \u00e0 Vienne en Autriche, premi\u00e8re moiti\u00e9 des ann\u00e9es 40 Claudine et Nicole, 24 bis avenue Marie \u00e0 Aix-les-Bains, premi\u00e8re moiti\u00e9 des ann\u00e9es 40<\/p>\n","protected":false},"author":2,"featured_media":0,"comment_status":"closed","ping_status":"closed","sticky":false,"template":"","format":"standard","meta":{"footnotes":""},"categories":[11,5],"tags":[25],"class_list":["post-234","post","type-post","status-publish","format-standard","hentry","category-aix-les-bains","category-claudine","tag-deuxieme-guerre-mondiale"],"_links":{"self":[{"href":"http:\/\/lantb.net\/uebersicht\/index.php?rest_route=\/wp\/v2\/posts\/234","targetHints":{"allow":["GET"]}}],"collection":[{"href":"http:\/\/lantb.net\/uebersicht\/index.php?rest_route=\/wp\/v2\/posts"}],"about":[{"href":"http:\/\/lantb.net\/uebersicht\/index.php?rest_route=\/wp\/v2\/types\/post"}],"author":[{"embeddable":true,"href":"http:\/\/lantb.net\/uebersicht\/index.php?rest_route=\/wp\/v2\/users\/2"}],"replies":[{"embeddable":true,"href":"http:\/\/lantb.net\/uebersicht\/index.php?rest_route=%2Fwp%2Fv2%2Fcomments&post=234"}],"version-history":[{"count":0,"href":"http:\/\/lantb.net\/uebersicht\/index.php?rest_route=\/wp\/v2\/posts\/234\/revisions"}],"wp:attachment":[{"href":"http:\/\/lantb.net\/uebersicht\/index.php?rest_route=%2Fwp%2Fv2%2Fmedia&parent=234"}],"wp:term":[{"taxonomy":"category","embeddable":true,"href":"http:\/\/lantb.net\/uebersicht\/index.php?rest_route=%2Fwp%2Fv2%2Fcategories&post=234"},{"taxonomy":"post_tag","embeddable":true,"href":"http:\/\/lantb.net\/uebersicht\/index.php?rest_route=%2Fwp%2Fv2%2Ftags&post=234"}],"curies":[{"name":"wp","href":"https:\/\/api.w.org\/{rel}","templated":true}]}}