{"id":222,"date":"2009-04-27T10:28:52","date_gmt":"2009-04-27T09:28:52","guid":{"rendered":"http:\/\/lantb.net\/uebersicht\/?p=222"},"modified":"2009-05-14T09:43:43","modified_gmt":"2009-05-14T08:43:43","slug":"donzere-direction-calais","status":"publish","type":"post","link":"http:\/\/lantb.net\/uebersicht\/?p=222","title":{"rendered":"Donz\u00e8re, direction Calais"},"content":{"rendered":"<p><a href=\"http:\/\/lantb.net\/uebersicht\/wp-content\/uploads\/2009\/04\/donzere_2007.jpg\"><img loading=\"lazy\" decoding=\"async\" class=\"alignnone size-full wp-image-223\" title=\"donzere_2007\" src=\"http:\/\/lantb.net\/uebersicht\/wp-content\/uploads\/2009\/04\/donzere_2007.jpg\" alt=\"donzere_2007\" width=\"640\" height=\"480\" srcset=\"http:\/\/lantb.net\/uebersicht\/wp-content\/uploads\/2009\/04\/donzere_2007.jpg 1024w, http:\/\/lantb.net\/uebersicht\/wp-content\/uploads\/2009\/04\/donzere_2007-300x225.jpg 300w\" sizes=\"auto, (max-width: 640px) 100vw, 640px\" \/><\/a><br \/>\nDonz\u00e8re 15 f\u00e9vrier 2007 18h19<\/p>\n<p>Donz\u00e8re, ville dont le maire est le ministre de l&rsquo;Immigration Eric Besson. En visite \u00e0 Calais,\u00a0 jeudi 23 avril 2009, il a confirm\u00e9 son intention de fermer \u00abavant la fin de l&rsquo;ann\u00e9e\u00bb le campement de fortune qui accueille nombre de migrants:<\/p>\n<blockquote><p>\u00abDans la zone industrielle des dunes, pr\u00e8s du port, entre les grands parkings et les usines, survivent dans des campements de fortune des centaines de migrants sur un espace sablonneux et bois\u00e9. C\u2019est \u00ab<em>la jungle<\/em>\u00bb, comme l\u2019appellent les migrants. Le ministre de l\u2019Immigration est l\u00e0 pour pr\u00e9senter un train de mesures pour Calais. [&#8230;] Devant la mairie o\u00f9 le ministre doit faire son allocution, quelques manifestants. Suzanne, militante \u00e0 l\u2019association Salam s\u2019interroge: \u00ab<em>Mes chiens sont mieux trait\u00e9s que ces jeunes migrants. Qu\u2019est-ce qu\u2019on en fait?<\/em>\u00bb Elle rit, am\u00e8re. \u00ab<em>\u00c7a fait six ans que je r\u00e9p\u00e8te la m\u00eame chose.\u00a0Quand ils ont ferm\u00e9 Sangatte, il y avait peut-\u00eatre 200 migrants. Maintenant, ils sont 800. \u00c7a n\u2019a strictement rien chang\u00e9. <\/em>\u00bb\u00a0 (<em>Lib\u00e9ration<\/em>, 23 avril 2009)<\/p><\/blockquote>\n<blockquote><p><a href=\"http:\/\/lantb.net\/uebersicht\/wp-content\/uploads\/2009\/04\/calais.jpg\"><img loading=\"lazy\" decoding=\"async\" class=\"alignnone size-full wp-image-224\" title=\"calais\" src=\"http:\/\/lantb.net\/uebersicht\/wp-content\/uploads\/2009\/04\/calais.jpg\" alt=\"calais\" width=\"320\" height=\"214\" srcset=\"http:\/\/lantb.net\/uebersicht\/wp-content\/uploads\/2009\/04\/calais.jpg 459w, http:\/\/lantb.net\/uebersicht\/wp-content\/uploads\/2009\/04\/calais-300x200.jpg 300w\" sizes=\"auto, (max-width: 320px) 100vw, 320px\" \/><\/a><br \/>\nMardi 21 avril 2009, apr\u00e8s l&rsquo;op\u00e9ration de police,<br \/>\n(200 personnes arr\u00eat\u00e9es puis rel\u00e2ch\u00e9es)<br \/>\ndes migrants s&rsquo;en retournent au campement.<br \/>\n(REUTERS), <em>Lib\u00e9ration<\/em><\/p>\n<p><em><a href=\"http:\/\/lantb.net\/uebersicht\/wp-content\/uploads\/2009\/04\/younggob1.jpg\"><a href=\"http:\/\/lantb.net\/uebersicht\/wp-content\/uploads\/2009\/04\/younggob.jpg\"><img loading=\"lazy\" decoding=\"async\" class=\"alignnone size-full wp-image-372\" title=\"younggob\" src=\"http:\/\/lantb.net\/uebersicht\/wp-content\/uploads\/2009\/04\/younggob.jpg\" alt=\"younggob\" width=\"320\" height=\"474\" srcset=\"http:\/\/lantb.net\/uebersicht\/wp-content\/uploads\/2009\/04\/younggob.jpg 381w, http:\/\/lantb.net\/uebersicht\/wp-content\/uploads\/2009\/04\/younggob-202x300.jpg 202w\" sizes=\"auto, (max-width: 320px) 100vw, 320px\" \/><\/a><br \/>\n<\/a><\/em>Neal Bogg, <em>Sans titre<\/em>, 2008<br \/>\n[en arri\u00e8re-plan du dessin, le palais de la Porte Dor\u00e9e (ex-Mus\u00e9e des colonies, ex-Mus\u00e9e des Arts Africains et Oc\u00e9aniens)]<\/p><\/blockquote>\n","protected":false},"excerpt":{"rendered":"<p>Donz\u00e8re 15 f\u00e9vrier 2007 18h19 Donz\u00e8re, ville dont le maire est le ministre de l&rsquo;Immigration Eric Besson. En visite \u00e0 Calais,\u00a0 jeudi 23 avril 2009, il a confirm\u00e9 son intention de fermer \u00abavant la fin de l&rsquo;ann\u00e9e\u00bb le campement de fortune qui accueille nombre de migrants: \u00abDans la zone industrielle des dunes, pr\u00e8s du port, &hellip; <a href=\"http:\/\/lantb.net\/uebersicht\/?p=222\" class=\"more-link\">Continuer la lecture de <span class=\"screen-reader-text\">Donz\u00e8re, direction Calais<\/span><\/a><\/p>\n","protected":false},"author":2,"featured_media":0,"comment_status":"closed","ping_status":"closed","sticky":false,"template":"","format":"standard","meta":{"footnotes":""},"categories":[8],"tags":[26],"class_list":["post-222","post","type-post","status-publish","format-standard","hentry","category-liliane","tag-immigration"],"_links":{"self":[{"href":"http:\/\/lantb.net\/uebersicht\/index.php?rest_route=\/wp\/v2\/posts\/222","targetHints":{"allow":["GET"]}}],"collection":[{"href":"http:\/\/lantb.net\/uebersicht\/index.php?rest_route=\/wp\/v2\/posts"}],"about":[{"href":"http:\/\/lantb.net\/uebersicht\/index.php?rest_route=\/wp\/v2\/types\/post"}],"author":[{"embeddable":true,"href":"http:\/\/lantb.net\/uebersicht\/index.php?rest_route=\/wp\/v2\/users\/2"}],"replies":[{"embeddable":true,"href":"http:\/\/lantb.net\/uebersicht\/index.php?rest_route=%2Fwp%2Fv2%2Fcomments&post=222"}],"version-history":[{"count":0,"href":"http:\/\/lantb.net\/uebersicht\/index.php?rest_route=\/wp\/v2\/posts\/222\/revisions"}],"wp:attachment":[{"href":"http:\/\/lantb.net\/uebersicht\/index.php?rest_route=%2Fwp%2Fv2%2Fmedia&parent=222"}],"wp:term":[{"taxonomy":"category","embeddable":true,"href":"http:\/\/lantb.net\/uebersicht\/index.php?rest_route=%2Fwp%2Fv2%2Fcategories&post=222"},{"taxonomy":"post_tag","embeddable":true,"href":"http:\/\/lantb.net\/uebersicht\/index.php?rest_route=%2Fwp%2Fv2%2Ftags&post=222"}],"curies":[{"name":"wp","href":"https:\/\/api.w.org\/{rel}","templated":true}]}}