{"id":2186,"date":"2010-04-22T10:07:43","date_gmt":"2010-04-22T08:07:43","guid":{"rendered":"http:\/\/lantb.net\/uebersicht\/?p=2186"},"modified":"2010-09-11T06:27:12","modified_gmt":"2010-09-11T04:27:12","slug":"bon-anniversaire","status":"publish","type":"post","link":"http:\/\/lantb.net\/uebersicht\/?p=2186","title":{"rendered":"Bon anniversaire!"},"content":{"rendered":"<p><a href=\"http:\/\/lantb.net\/uebersicht\/wp-content\/uploads\/2010\/04\/savoieFrance1280.jpg\"><img loading=\"lazy\" decoding=\"async\" class=\"alignnone size-full wp-image-2187\" title=\"savoieFrance1280\" src=\"http:\/\/lantb.net\/uebersicht\/wp-content\/uploads\/2010\/04\/savoieFrance1280.jpg\" alt=\"\" width=\"318\" height=\"475\" srcset=\"http:\/\/lantb.net\/uebersicht\/wp-content\/uploads\/2010\/04\/savoieFrance1280.jpg 825w, http:\/\/lantb.net\/uebersicht\/wp-content\/uploads\/2010\/04\/savoieFrance1280-200x300.jpg 200w, http:\/\/lantb.net\/uebersicht\/wp-content\/uploads\/2010\/04\/savoieFrance1280-684x1024.jpg 684w\" sizes=\"auto, (max-width: 318px) 100vw, 318px\" \/><\/a><a href=\"http:\/\/lantb.net\/uebersicht\/wp-content\/uploads\/2010\/04\/savoieFrancedos1280.jpg\"><img loading=\"lazy\" decoding=\"async\" class=\"alignnone size-full wp-image-2188\" title=\"savoieFrancedos1280\" src=\"http:\/\/lantb.net\/uebersicht\/wp-content\/uploads\/2010\/04\/savoieFrancedos1280.jpg\" alt=\"\" width=\"318\" height=\"212\" srcset=\"http:\/\/lantb.net\/uebersicht\/wp-content\/uploads\/2010\/04\/savoieFrancedos1280.jpg 1280w, http:\/\/lantb.net\/uebersicht\/wp-content\/uploads\/2010\/04\/savoieFrancedos1280-300x200.jpg 300w, http:\/\/lantb.net\/uebersicht\/wp-content\/uploads\/2010\/04\/savoieFrancedos1280-1024x683.jpg 1024w\" sizes=\"auto, (max-width: 318px) 100vw, 318px\" \/><\/a><br \/>\n50e anniversaire du rattachement de la Savoie \u00e0 la France. Au dos de la carte: Le copain Bugnard, Claudius Barbier, La Chambotte, Chindrieux, le \u00ab<span style=\"color: #ff0000;\">y<\/span>\u00bb indispensable, the best of\u00a0 the Savoie!<\/p>\n<p><img loading=\"lazy\" decoding=\"async\" class=\"alignnone size-full wp-image-2199\" title=\"timbresNiceSavoie\" src=\"http:\/\/lantb.net\/uebersicht\/wp-content\/uploads\/2010\/04\/timbresNiceSavoie.jpg\" alt=\"\" width=\"480\" height=\"169\" \/><br \/>\n100e anniversaire!<br \/>\n[flv:http:\/\/lantb.net\/uebersicht\/wp-flv\/Savoie.flv 480 348] Pour le 150e,\u00a0un long film (un peu grandiloquent) sur l&rsquo;histoire de la Maison de Savoie dans l&rsquo;\u00e9mission de t\u00e9l\u00e9 <em>Des Racines et des ailes<\/em>. Jean Luquet conservateur des archives et du patrimoine de Savoie en introduit l&rsquo;histoire\u00a0 puis intervient tr\u00e8s bien tout au long de cet extrait du film repris ici: \u00abLa Maison de Savoie, [19 comtes, 15 ducs, 8 rois, compos\u00e9e de morceaux de territoires dont les Alpes, des pi\u00e8ces de puzzle \u00e0 g\u00e9om\u00e9trie variable, dispers\u00e9es, dont l&rsquo;une est la Sardaigne,] c&rsquo;est une dynastie qui appara\u00eet au 10e si\u00e8cle sur les restes de l&#8217;empire carolingien et jusqu&rsquo;en 1860, date du rattachement \u00e0 la France [des \u00e9l\u00e9ments du puzzle qui permettent enfin de dessiner l&rsquo;hexagone de notre identit\u00e9 territoriale-nationale fran\u00e7aise toute r\u00e9cente donc], les comtes et les ducs vont r\u00e9gner sur la Savoie pour une raison strat\u00e9gique pr\u00e9cise, c&rsquo;est qu&rsquo;ils contr\u00f4lent les passages des Alpes et ces passages des Alpes, c&rsquo;est une des grandes routes de la civilisation europ\u00e9enne entre l&rsquo;Italie et la France, c&rsquo;est la route de l&rsquo;\u00e9conomie, c&rsquo;est la route de la culture, c&rsquo;est la route des grands mouvements de population.\u00bb<\/p>\n<p>On peut dire que pendant 800 ans, la Savoie a \u00e9t\u00e9 une<a href=\"http:\/\/www.lyber-eclat.net\/lyber\/taz.html\" target=\"_blank\"> TAZ in\u00e9dite telle que d\u00e9finie par Hakim Bey<\/a>, (Zone Autonome Temporaire), construite autour d&rsquo;une barri\u00e8re g\u00e9ographique Les Alpes convertie en lieu de passage, et \u00e9gren\u00e9e de part et d&rsquo;autre de cette barri\u00e8re.<br \/>\n<span style=\"color: #ffffff;\">\u2022\u2022\u2022<\/span><\/p>\n<p>[flv:http:\/\/lantb.net\/uebersicht\/wp-flv\/ThermesAixlesBains.flv 480 348] Bande d&rsquo;actualit\u00e9 o\u00f9 l&rsquo;on voit la fa\u00e7ade du b\u00e2timent des Thermes Pellegrini avec son arche tr\u00e8s <em>Campanus style<\/em>, son auvent court et sur la courte vol\u00e9e d&rsquo;escalier d&rsquo;entr\u00e9e de laquelle Claude et Claudine vinrent se faire photographier en 1935, <a href=\"http:\/\/lantb.net\/uebersicht\/?p=59\">http:\/\/lantb.net\/uebersicht\/?p=59<\/a>, fa\u00e7ade\u00a0 qui n&rsquo;existe plus, saccag\u00e9e m\u00e9chamment dans les ann\u00e9es 70 par une restauration b\u00e9tonneuse d\u00e9sastreuse. Lien<\/p>\n","protected":false},"excerpt":{"rendered":"<p>50e anniversaire du rattachement de la Savoie \u00e0 la France. Au dos de la carte: Le copain Bugnard, Claudius Barbier, La Chambotte, Chindrieux, le \u00aby\u00bb indispensable, the best of\u00a0 the Savoie! 100e anniversaire! [flv:http:\/\/lantb.net\/uebersicht\/wp-flv\/Savoie.flv 480 348] Pour le 150e,\u00a0un long film (un peu grandiloquent) sur l&rsquo;histoire de la Maison de Savoie dans l&rsquo;\u00e9mission de t\u00e9l\u00e9 &hellip; <a href=\"http:\/\/lantb.net\/uebersicht\/?p=2186\" class=\"more-link\">Continuer la lecture de <span class=\"screen-reader-text\">Bon anniversaire!<\/span><\/a><\/p>\n","protected":false},"author":2,"featured_media":0,"comment_status":"closed","ping_status":"closed","sticky":false,"template":"","format":"standard","meta":{"footnotes":""},"categories":[11,4],"tags":[260,199,206],"class_list":["post-2186","post","type-post","status-publish","format-standard","hentry","category-aix-les-bains","category-varia","tag-aix-les-bains","tag-savoie","tag-taz"],"_links":{"self":[{"href":"http:\/\/lantb.net\/uebersicht\/index.php?rest_route=\/wp\/v2\/posts\/2186","targetHints":{"allow":["GET"]}}],"collection":[{"href":"http:\/\/lantb.net\/uebersicht\/index.php?rest_route=\/wp\/v2\/posts"}],"about":[{"href":"http:\/\/lantb.net\/uebersicht\/index.php?rest_route=\/wp\/v2\/types\/post"}],"author":[{"embeddable":true,"href":"http:\/\/lantb.net\/uebersicht\/index.php?rest_route=\/wp\/v2\/users\/2"}],"replies":[{"embeddable":true,"href":"http:\/\/lantb.net\/uebersicht\/index.php?rest_route=%2Fwp%2Fv2%2Fcomments&post=2186"}],"version-history":[{"count":0,"href":"http:\/\/lantb.net\/uebersicht\/index.php?rest_route=\/wp\/v2\/posts\/2186\/revisions"}],"wp:attachment":[{"href":"http:\/\/lantb.net\/uebersicht\/index.php?rest_route=%2Fwp%2Fv2%2Fmedia&parent=2186"}],"wp:term":[{"taxonomy":"category","embeddable":true,"href":"http:\/\/lantb.net\/uebersicht\/index.php?rest_route=%2Fwp%2Fv2%2Fcategories&post=2186"},{"taxonomy":"post_tag","embeddable":true,"href":"http:\/\/lantb.net\/uebersicht\/index.php?rest_route=%2Fwp%2Fv2%2Ftags&post=2186"}],"curies":[{"name":"wp","href":"https:\/\/api.w.org\/{rel}","templated":true}]}}