{"id":2174,"date":"2010-04-18T05:46:56","date_gmt":"2010-04-18T03:46:56","guid":{"rendered":"http:\/\/lantb.net\/uebersicht\/?p=2174"},"modified":"2010-04-18T06:44:43","modified_gmt":"2010-04-18T04:44:43","slug":"luc-bronner-conversation-banlieues-et-medias-une-incomprehension-mutuelle","status":"publish","type":"post","link":"http:\/\/lantb.net\/uebersicht\/?p=2174","title":{"rendered":"Luc Bronner. Conversation. Banlieues et m\u00e9dias: une incompr\u00e9hension mutuelle"},"content":{"rendered":"<p>Luc Bronner, journaliste au <em>Monde<\/em>, \u00aben charge\u00bb des banlieues. A la  question pos\u00e9e:<br \/>\n\u00abVotre travail semble souvent s\u2019apparenter \u00e0 un travail d\u2019ethnographe.  Comment faites-vous pour vous faire accepter dans ces quartiers ?  Comment parvenez-vous \u00e0 cr\u00e9er des liens avec ces populations ?\u00bb<br \/>\nLuc Bronner : \u00abLe facteur temps est essentiel. J\u2019ai la chance, en  travaillant au <em>Monde<\/em>, de pouvoir consacrer un plein-temps \u00e0 mon  travail dans les quartiers, donc de pouvoir intervenir dans les phases  de crise, \u00e9videmment, mais aussi dans les p\u00e9riodes calmes, celles o\u00f9 on  peut cr\u00e9er des contacts, celles o\u00f9 on peut raconter les banlieues dans  leur complexit\u00e9.? Sur Tremblay en France, par exemple, je suis le  quartier populaire de cette ville de Seine-Saint-Denis depuis pr\u00e8s d\u2019un  an, pour essayer de comprendre son \u00e9volution. Je crois que c\u2019est une des  pistes pour am\u00e9liorer les relations entre les m\u00e9dias et les quartiers :  \u00e9viter les traitements en dents de scie \u2013 extr\u00eames en p\u00e9riode de crise,  quasiment inexistants le reste du temps \u2013 et montrer qu\u2019on s\u2019int\u00e9resse \u00e0  ces territoires sur le long terme. Au fond, ce qui me frappe, ce n\u2019est  pas tant le fait qu\u2019il y ait des violences urbaines que le silence de  ces quartiers. On conna\u00eet en France un niveau \u00e9lev\u00e9 de s\u00e9gr\u00e9gation  sociale et ethnique sans que les habitants protestent r\u00e9ellement. Ou  alors par l\u2019abstention. Pour moi, le taux extr\u00eamement \u00e9lev\u00e9 de  l\u2019abstention aux \u00e9lections r\u00e9gionales aurait d\u00fb \u00eatre consid\u00e9r\u00e9 comme un  \u00e9v\u00e9nement plus grave que les \u00e9meutes de 2005, parce que plus massif,  touchant des centaines de milliers d\u2019adultes, et pas seulement quelques  milliers d\u2019\u00e9meutiers.\u00bb<br \/>\n<a href=\"http:\/\/lantb.net\/uebersicht\/wp-pdf\/BronnerBanlieue.pdf\" target=\"_blank\"><img loading=\"lazy\" decoding=\"async\" title=\"pdf\" src=\"http:\/\/www.arpla.fr\/canal2\/figureblog\/wp-content\/uploads\/2010\/04\/pdf.jpg\" alt=\"\" width=\"48\" height=\"48\" \/><\/a>T\u00e9l\u00e9charger le texte du chat,  accessible sur <a href=\"http:\/\/www.lemonde.fr\/societe\/article\/2010\/04\/02\/banlieues-et-medias-une-incomprehension-mutuelle_1328147_3224.html\" target=\"_blank\">le monde.fr<\/a><\/p>\n<p><object classid=\"clsid:d27cdb6e-ae6d-11cf-96b8-444553540000\" width=\"480\" height=\"270\" codebase=\"http:\/\/download.macromedia.com\/pub\/shockwave\/cabs\/flash\/swflash.cab#version=6,0,40,0\"><param name=\"allowFullScreen\" value=\"true\" \/><param name=\"allowScriptAccess\" value=\"always\" \/><param name=\"src\" value=\"http:\/\/www.dailymotion.com\/swf\/video\/xcawzf\" \/><param name=\"allowfullscreen\" value=\"true\" \/><embed type=\"application\/x-shockwave-flash\" width=\"480\" height=\"270\" src=\"http:\/\/www.dailymotion.com\/swf\/video\/xcawzf\" allowscriptaccess=\"always\" allowfullscreen=\"true\"><\/embed><\/object><br \/>\n<strong><a href=\"http:\/\/www.dailymotion.com\/video\/xcawzf_ecole-du-blog-avec-luc-bronner_news\">Ecole du blog avec Luc Bronner<\/a><\/strong><br \/>\n<em>envoy\u00e9 par <a href=\"http:\/\/www.dailymotion.com\/Bondy_Blog\">Bondy_Blog<\/a>. &#8211; <a href=\"http:\/\/www.dailymotion.com\/fr\/channel\/news\">L&rsquo;info internationale vid\u00e9o.<br \/>\n<\/a><\/em><a href=\"http:\/\/yahoo.bondyblog.fr\/news\/201002221145\/vouloir-faire-des-sujets-positifs-ou-negatifs-sur-les-banlieues-est-un-non-sens-journalistique\" target=\"_blank\">Ecole Du blog. Samedi 13 f\u00e9vrier 2010, Luc Bronner expose sa fa\u00e7on de travailler<\/a>.<a href=\"http:\/\/www.dailymotion.com\/fr\/channel\/news\"><br \/>\n<\/a><em><a href=\"http:\/\/www.dailymotion.com\/fr\/channel\/news\"><\/a><\/em><\/p>\n","protected":false},"excerpt":{"rendered":"<p>Luc Bronner, journaliste au Monde, \u00aben charge\u00bb des banlieues. A la question pos\u00e9e: \u00abVotre travail semble souvent s\u2019apparenter \u00e0 un travail d\u2019ethnographe. Comment faites-vous pour vous faire accepter dans ces quartiers ? Comment parvenez-vous \u00e0 cr\u00e9er des liens avec ces populations ?\u00bb Luc Bronner : \u00abLe facteur temps est essentiel. J\u2019ai la chance, en travaillant &hellip; <a href=\"http:\/\/lantb.net\/uebersicht\/?p=2174\" class=\"more-link\">Continuer la lecture de <span class=\"screen-reader-text\">Luc Bronner. Conversation. Banlieues et m\u00e9dias: une incompr\u00e9hension mutuelle<\/span><\/a><\/p>\n","protected":false},"author":2,"featured_media":0,"comment_status":"closed","ping_status":"closed","sticky":false,"template":"","format":"standard","meta":{"footnotes":""},"categories":[4],"tags":[186],"class_list":["post-2174","post","type-post","status-publish","format-standard","hentry","category-varia","tag-banlieue"],"_links":{"self":[{"href":"http:\/\/lantb.net\/uebersicht\/index.php?rest_route=\/wp\/v2\/posts\/2174","targetHints":{"allow":["GET"]}}],"collection":[{"href":"http:\/\/lantb.net\/uebersicht\/index.php?rest_route=\/wp\/v2\/posts"}],"about":[{"href":"http:\/\/lantb.net\/uebersicht\/index.php?rest_route=\/wp\/v2\/types\/post"}],"author":[{"embeddable":true,"href":"http:\/\/lantb.net\/uebersicht\/index.php?rest_route=\/wp\/v2\/users\/2"}],"replies":[{"embeddable":true,"href":"http:\/\/lantb.net\/uebersicht\/index.php?rest_route=%2Fwp%2Fv2%2Fcomments&post=2174"}],"version-history":[{"count":0,"href":"http:\/\/lantb.net\/uebersicht\/index.php?rest_route=\/wp\/v2\/posts\/2174\/revisions"}],"wp:attachment":[{"href":"http:\/\/lantb.net\/uebersicht\/index.php?rest_route=%2Fwp%2Fv2%2Fmedia&parent=2174"}],"wp:term":[{"taxonomy":"category","embeddable":true,"href":"http:\/\/lantb.net\/uebersicht\/index.php?rest_route=%2Fwp%2Fv2%2Fcategories&post=2174"},{"taxonomy":"post_tag","embeddable":true,"href":"http:\/\/lantb.net\/uebersicht\/index.php?rest_route=%2Fwp%2Fv2%2Ftags&post=2174"}],"curies":[{"name":"wp","href":"https:\/\/api.w.org\/{rel}","templated":true}]}}