{"id":1612,"date":"2009-10-27T17:48:48","date_gmt":"2009-10-27T16:48:48","guid":{"rendered":"http:\/\/lantb.net\/uebersicht\/?p=1612"},"modified":"2009-11-02T08:05:28","modified_gmt":"2009-11-02T07:05:28","slug":"kaboul-pres-de-laeroport-26-octobre-2009","status":"publish","type":"post","link":"http:\/\/lantb.net\/uebersicht\/?p=1612","title":{"rendered":"Kaboul. Pr\u00e8s de l&rsquo;a\u00e9roport. 25 octobre 2009."},"content":{"rendered":"<blockquote><p><a href=\"http:\/\/lantb.net\/uebersicht\/wp-content\/uploads\/2009\/10\/trois+.jpg\"><\/a><a href=\"http:\/\/lantb.net\/uebersicht\/wp-content\/uploads\/2009\/10\/trois+.jpg\"><img loading=\"lazy\" decoding=\"async\" class=\"alignnone size-full wp-image-1635\" title=\"trois+\" src=\"http:\/\/lantb.net\/uebersicht\/wp-content\/uploads\/2009\/10\/trois+.jpg\" alt=\"trois+\" width=\"550\" height=\"412\" srcset=\"http:\/\/lantb.net\/uebersicht\/wp-content\/uploads\/2009\/10\/trois+.jpg 760w, http:\/\/lantb.net\/uebersicht\/wp-content\/uploads\/2009\/10\/trois+-300x225.jpg 300w\" sizes=\"auto, (max-width: 550px) 100vw, 550px\" \/><\/a><br \/>\nLuc Mathieu, correspondant de Lib\u00e9ration \u00e0 Kaboul rencontre les trois jeunes Afghans expuls\u00e9s de France. Leurs noms sont\u00a0 Waheed Saleem, Khodaidad Khan et Nik Khan Hashimkhil. (?)<br \/>\n<a href=\"http:\/\/lantb.net\/uebersicht\/wp-pdf\/kaboul_suite.pdf\">T\u00e9l\u00e9charger des extraits de l&rsquo;article en pdf<\/a><\/p><\/blockquote>\n","protected":false},"excerpt":{"rendered":"<p>Luc Mathieu, correspondant de Lib\u00e9ration \u00e0 Kaboul rencontre les trois jeunes Afghans expuls\u00e9s de France. Leurs noms sont\u00a0 Waheed Saleem, Khodaidad Khan et Nik Khan Hashimkhil. (?) T\u00e9l\u00e9charger des extraits de l&rsquo;article en pdf<\/p>\n","protected":false},"author":2,"featured_media":0,"comment_status":"closed","ping_status":"closed","sticky":false,"template":"","format":"standard","meta":{"footnotes":""},"categories":[4],"tags":[147,148],"class_list":["post-1612","post","type-post","status-publish","format-standard","hentry","category-varia","tag-afghans","tag-liberation"],"_links":{"self":[{"href":"http:\/\/lantb.net\/uebersicht\/index.php?rest_route=\/wp\/v2\/posts\/1612","targetHints":{"allow":["GET"]}}],"collection":[{"href":"http:\/\/lantb.net\/uebersicht\/index.php?rest_route=\/wp\/v2\/posts"}],"about":[{"href":"http:\/\/lantb.net\/uebersicht\/index.php?rest_route=\/wp\/v2\/types\/post"}],"author":[{"embeddable":true,"href":"http:\/\/lantb.net\/uebersicht\/index.php?rest_route=\/wp\/v2\/users\/2"}],"replies":[{"embeddable":true,"href":"http:\/\/lantb.net\/uebersicht\/index.php?rest_route=%2Fwp%2Fv2%2Fcomments&post=1612"}],"version-history":[{"count":0,"href":"http:\/\/lantb.net\/uebersicht\/index.php?rest_route=\/wp\/v2\/posts\/1612\/revisions"}],"wp:attachment":[{"href":"http:\/\/lantb.net\/uebersicht\/index.php?rest_route=%2Fwp%2Fv2%2Fmedia&parent=1612"}],"wp:term":[{"taxonomy":"category","embeddable":true,"href":"http:\/\/lantb.net\/uebersicht\/index.php?rest_route=%2Fwp%2Fv2%2Fcategories&post=1612"},{"taxonomy":"post_tag","embeddable":true,"href":"http:\/\/lantb.net\/uebersicht\/index.php?rest_route=%2Fwp%2Fv2%2Ftags&post=1612"}],"curies":[{"name":"wp","href":"https:\/\/api.w.org\/{rel}","templated":true}]}}