{"id":1403,"date":"2009-08-27T11:46:08","date_gmt":"2009-08-27T10:46:08","guid":{"rendered":"http:\/\/lantb.net\/uebersicht\/?p=1403"},"modified":"2009-08-29T16:22:43","modified_gmt":"2009-08-29T15:22:43","slug":"abi-nouane-les-pays-moins-avances","status":"publish","type":"post","link":"http:\/\/lantb.net\/uebersicht\/?p=1403","title":{"rendered":"Habib Ouane. Les Pays les Moins Avanc\u00e9s."},"content":{"rendered":"<blockquote><p><!-- Date --><\/p>\n<p title=\"Jeudi 13 ao\u00fbt 2009\">[flv:http:\/\/lantb.net\/uebersicht\/wp-flv\/Habib0uane.flv 320 238]<br \/>\nHabib Ouane, directeur en charge de l&rsquo;Afrique et des pays les moins avanc\u00e9s de la Cnuced, commente le rapport 2009 de la conf\u00e9rence des Nations unies sur le commerce et le d\u00e9veloppement qui analyse l&rsquo;impact de la crise sur les pays pauvres [les Pays les Moins Avanc\u00e9s dits les PMA]. <a href=\"http:\/\/www.france24.com\/fr\/20090813-l-entretien-habib-ouane\" target=\"_blank\">France 24, jeudi 13 ao\u00fbt 2009<\/a>.<\/p><\/blockquote>\n<p title=\"Jeudi 13 ao\u00fbt 2009\">Les PMA ou cet \u00abautre monde\u00bb&#8230;<\/p>\n<blockquote><p><!-- Introduction --><\/p><\/blockquote>\n<blockquote><p>\u00abLe monde, [&#8230;] tel qu&rsquo;en apparence il existe, <em>n&rsquo;est pas<\/em> celui de tout le monde. Car les d\u00e9mocrates, gens de l&#8217;embl\u00e8me [d\u00e9mocratique], gens de l&rsquo;Occident, y tiennent le haut du pav\u00e9, et les autres sont d&rsquo;un autre monde qui, en tant qu&rsquo;autre, n&rsquo;est pas un monde \u00e0 proprement parler. Tout juste une survivance, une zone pour les guerres, les mis\u00e8res, les murs et les chim\u00e8res. Dans ce genre de \u00ab\u00a0monde\u00a0\u00bb, de zone, on passe son temps \u00e0 faire ses bagages, pour fuir l&rsquo;horreur, ou pour partir o\u00f9? Chez les d\u00e9mocrates, \u00e9videmment, qui pr\u00e9tendent r\u00e9genter le monde et ont besoin qu&rsquo;on travaille pour eux. On fait alors l&rsquo;exp\u00e9rience que, bien au chaud sous leur embl\u00e8me, les d\u00e9mocrates ne veulent pas de vous, qu&rsquo;ils ne vous aiment pas. Au fond, il y a une endogamie politique: un d\u00e9mocrate n&rsquo;aime qu&rsquo;un d\u00e9mocrate. Pour les autres, venues des zones affam\u00e9es ou meurtri\u00e8res, on parle alors de papiers, fronti\u00e8res, camps de r\u00e9tention, surveillance polici\u00e8re, refus de rassemblement familial&#8230; Il faut \u00eatre \u00ab\u00a0int\u00e9gr\u00e9\u00a0\u00bb. A quoi? A la d\u00e9mocratie, sans doute. Pour \u00eatre admis, et peut-\u00eatre un jour lointain salu\u00e9, il faut s&rsquo;\u00eatre entra\u00een\u00e9 chez soi \u00e0 devenir d\u00e9mocrate, de longues heures, en travaillant dur, avant de s&rsquo;imaginer pouvoir venir dans le vrai monde. Entre deux gicl\u00e9es de plomb, trois d\u00e9barquements de parachutistes humanitaires, une famine et une \u00e9pid\u00e9mie, travaillez votre manuel d&rsquo;int\u00e9gration, le livret du petit d\u00e9mocrate! C&rsquo;est un examen redoutable qui vous attend! Du faux monde au \u00ab\u00a0vrai\u00a0\u00bb monde, la passe est une impasse. D\u00e9mocratie, oui, mais r\u00e9serv\u00e9e aux d\u00e9mocrates, n&rsquo;est-ce-pas? Mondialisation du monde, certainement, mais sous la condition que son ext\u00e9rieur prouve qu&rsquo;il m\u00e9rite enfin d&rsquo;\u00eatre \u00e0 l&rsquo;int\u00e9rieur.<br \/>\nEn somme, de ce que le \u00ab\u00a0monde\u00a0\u00bb des d\u00e9mocrates n&rsquo;est nullement le monde de \u00ab\u00a0tout le monde\u00a0\u00bb, s&rsquo;ensuit d\u00e9j\u00e0 que la d\u00e9mocratie, en tant qu&#8217;embl\u00e8me et gardienne des murs o\u00f9 jouit et croit vivre son petit monde, rassemble une oligarchie conservatrice, dont tout l&rsquo;office, souvent guerrier, est de maintenir, sous le nom usurp\u00e9 de \u00ab\u00a0monde\u00a0\u00bb, ce qui n&rsquo;est que le territoire de sa vie animale.\u00bb Alain Badiou, extraits, in \u00abL&#8217;embl\u00e8me d\u00e9mocratique\u00bb p. 16, <em>D\u00e9mocratie dans quel \u00e9tat?<\/em>, La fabrique, 2009.<\/p><\/blockquote>\n","protected":false},"excerpt":{"rendered":"<p>[flv:http:\/\/lantb.net\/uebersicht\/wp-flv\/Habib0uane.flv 320 238] Habib Ouane, directeur en charge de l&rsquo;Afrique et des pays les moins avanc\u00e9s de la Cnuced, commente le rapport 2009 de la conf\u00e9rence des Nations unies sur le commerce et le d\u00e9veloppement qui analyse l&rsquo;impact de la crise sur les pays pauvres [les Pays les Moins Avanc\u00e9s dits les PMA]. France 24, &hellip; <a href=\"http:\/\/lantb.net\/uebersicht\/?p=1403\" class=\"more-link\">Continuer la lecture de <span class=\"screen-reader-text\">Habib Ouane. Les Pays les Moins Avanc\u00e9s.<\/span><\/a><\/p>\n","protected":false},"author":2,"featured_media":0,"comment_status":"closed","ping_status":"closed","sticky":false,"template":"","format":"standard","meta":{"footnotes":""},"categories":[4],"tags":[125,26,127],"class_list":["post-1403","post","type-post","status-publish","format-standard","hentry","category-varia","tag-habib-ouane","tag-immigration","tag-pays-les-moins-avances"],"_links":{"self":[{"href":"http:\/\/lantb.net\/uebersicht\/index.php?rest_route=\/wp\/v2\/posts\/1403","targetHints":{"allow":["GET"]}}],"collection":[{"href":"http:\/\/lantb.net\/uebersicht\/index.php?rest_route=\/wp\/v2\/posts"}],"about":[{"href":"http:\/\/lantb.net\/uebersicht\/index.php?rest_route=\/wp\/v2\/types\/post"}],"author":[{"embeddable":true,"href":"http:\/\/lantb.net\/uebersicht\/index.php?rest_route=\/wp\/v2\/users\/2"}],"replies":[{"embeddable":true,"href":"http:\/\/lantb.net\/uebersicht\/index.php?rest_route=%2Fwp%2Fv2%2Fcomments&post=1403"}],"version-history":[{"count":0,"href":"http:\/\/lantb.net\/uebersicht\/index.php?rest_route=\/wp\/v2\/posts\/1403\/revisions"}],"wp:attachment":[{"href":"http:\/\/lantb.net\/uebersicht\/index.php?rest_route=%2Fwp%2Fv2%2Fmedia&parent=1403"}],"wp:term":[{"taxonomy":"category","embeddable":true,"href":"http:\/\/lantb.net\/uebersicht\/index.php?rest_route=%2Fwp%2Fv2%2Fcategories&post=1403"},{"taxonomy":"post_tag","embeddable":true,"href":"http:\/\/lantb.net\/uebersicht\/index.php?rest_route=%2Fwp%2Fv2%2Ftags&post=1403"}],"curies":[{"name":"wp","href":"https:\/\/api.w.org\/{rel}","templated":true}]}}