{"id":10868,"date":"2016-01-09T09:06:48","date_gmt":"2016-01-09T08:06:48","guid":{"rendered":"http:\/\/lantb.net\/uebersicht\/?p=10868"},"modified":"2016-01-18T18:35:26","modified_gmt":"2016-01-18T17:35:26","slug":"les-philosophes-aux-prises-avec-lesprit-du-terrorisme","status":"publish","type":"post","link":"http:\/\/lantb.net\/uebersicht\/?p=10868","title":{"rendered":"Les philosophes aux prises avec l&rsquo;esprit du terrorisme"},"content":{"rendered":"<p>Dans <em>Philosophie Magazine<\/em>, n\u00b095, par Cam\u00e9lia Echchihab et Alexandre Lacroix<\/p>\n<p><a href=\"http:\/\/lantb.net\/uebersicht\/wp-content\/uploads\/2016\/01\/t1.jpg\"><img loading=\"lazy\" decoding=\"async\" class=\"wp-image-10898 alignnone\" src=\"http:\/\/lantb.net\/uebersicht\/wp-content\/uploads\/2016\/01\/t1-1024x768.jpg\" alt=\"t1\" width=\"640\" height=\"480\" \/><\/a><br \/>\nL&rsquo;anarchisme ou le terrorisme passionnel Serge Netcha\u00efev, Mikha\u00efl Bakounine; De l&rsquo;existentialisme \u00e0 la \u00ab\u00a0Terreur-Fraternit\u00e9\u00a0\u00bb? Jean-Paul Sartre; La sup\u00e9riorit\u00e9 de la morale sur la politique Albert Camus.<\/p>\n<p><a href=\"http:\/\/lantb.net\/uebersicht\/wp-content\/uploads\/2016\/01\/t2.jpg\"><img loading=\"lazy\" decoding=\"async\" class=\"wp-image-10899 alignnone\" src=\"http:\/\/lantb.net\/uebersicht\/wp-content\/uploads\/2016\/01\/t2-1024x768.jpg\" alt=\"t2\" width=\"640\" height=\"480\" \/><\/a><br \/>\n\u00ab\u00a0Futur gouvernant\u00a0\u00bb ou \u00ab\u00a0perp\u00e9tuel dissident\u00a0\u00bb? Michel Foucault; La violence du monde global Jean Baudrillard; Aucune justification ne tient! Michael Walzer<\/p>\n","protected":false},"excerpt":{"rendered":"<p>Dans Philosophie Magazine, n\u00b095, par Cam\u00e9lia Echchihab et Alexandre Lacroix L&rsquo;anarchisme ou le terrorisme passionnel Serge Netcha\u00efev, Mikha\u00efl Bakounine; De l&rsquo;existentialisme \u00e0 la \u00ab\u00a0Terreur-Fraternit\u00e9\u00a0\u00bb? Jean-Paul Sartre; La sup\u00e9riorit\u00e9 de la morale sur la politique Albert Camus. \u00ab\u00a0Futur gouvernant\u00a0\u00bb ou \u00ab\u00a0perp\u00e9tuel dissident\u00a0\u00bb? Michel Foucault; La violence du monde global Jean Baudrillard; Aucune justification ne tient! Michael &hellip; <a href=\"http:\/\/lantb.net\/uebersicht\/?p=10868\" class=\"more-link\">Continuer la lecture de <span class=\"screen-reader-text\">Les philosophes aux prises avec l&rsquo;esprit du terrorisme<\/span><\/a><\/p>\n","protected":false},"author":2,"featured_media":0,"comment_status":"closed","ping_status":"closed","sticky":false,"template":"","format":"standard","meta":{"footnotes":""},"categories":[4],"tags":[],"class_list":["post-10868","post","type-post","status-publish","format-standard","hentry","category-varia"],"_links":{"self":[{"href":"http:\/\/lantb.net\/uebersicht\/index.php?rest_route=\/wp\/v2\/posts\/10868","targetHints":{"allow":["GET"]}}],"collection":[{"href":"http:\/\/lantb.net\/uebersicht\/index.php?rest_route=\/wp\/v2\/posts"}],"about":[{"href":"http:\/\/lantb.net\/uebersicht\/index.php?rest_route=\/wp\/v2\/types\/post"}],"author":[{"embeddable":true,"href":"http:\/\/lantb.net\/uebersicht\/index.php?rest_route=\/wp\/v2\/users\/2"}],"replies":[{"embeddable":true,"href":"http:\/\/lantb.net\/uebersicht\/index.php?rest_route=%2Fwp%2Fv2%2Fcomments&post=10868"}],"version-history":[{"count":13,"href":"http:\/\/lantb.net\/uebersicht\/index.php?rest_route=\/wp\/v2\/posts\/10868\/revisions"}],"predecessor-version":[{"id":10872,"href":"http:\/\/lantb.net\/uebersicht\/index.php?rest_route=\/wp\/v2\/posts\/10868\/revisions\/10872"}],"wp:attachment":[{"href":"http:\/\/lantb.net\/uebersicht\/index.php?rest_route=%2Fwp%2Fv2%2Fmedia&parent=10868"}],"wp:term":[{"taxonomy":"category","embeddable":true,"href":"http:\/\/lantb.net\/uebersicht\/index.php?rest_route=%2Fwp%2Fv2%2Fcategories&post=10868"},{"taxonomy":"post_tag","embeddable":true,"href":"http:\/\/lantb.net\/uebersicht\/index.php?rest_route=%2Fwp%2Fv2%2Ftags&post=10868"}],"curies":[{"name":"wp","href":"https:\/\/api.w.org\/{rel}","templated":true}]}}