{"id":10821,"date":"2015-12-17T23:59:03","date_gmt":"2015-12-17T22:59:03","guid":{"rendered":"http:\/\/lantb.net\/uebersicht\/?p=10821"},"modified":"2026-03-19T23:38:05","modified_gmt":"2026-03-19T22:38:05","slug":"souvenir-du-cet-1972","status":"publish","type":"post","link":"http:\/\/lantb.net\/uebersicht\/?p=10821","title":{"rendered":"Pr\u00e9sentation du film : CET 1972"},"content":{"rendered":"<p>Titre : <i>Jeunes filles \u00e9l\u00e8ves du coll\u00e8ge d\u2019enseignement technique de Vaux-le-P\u00e9nil, f\u00e9vrier 1972.<\/i><br \/>\nR\u00e9alisation : Liliane Terrier et Jean-Louis Boissier<br \/>\nEn relation avec le cours des d\u00e9partements Cin\u00e9ma et Arts-Plastiques de Paris 8-Vincennes : \u00ab Mouvement de la jeunesse \u00bb<br \/>\nExtrait de 5 mn \u00e0 partir des 30 mn de rushs, pr\u00e9sent\u00e9 pour la premi\u00e8re fois le 16 novembre 2015 dans le Vid\u00e9o et apr\u00e8s de Jean-Louis Boissier<br \/>\nTechnique : 16 mm Kodak 4X, cam\u00e9ra Eclair-Coutant et magn\u00e9tophone Nagra synchrone du d\u00e9partement Cin\u00e9ma de Vincennes<\/p>\n<p>\u00ab\u00a0Les jeunes filles du cet de Vaux-le-P\u00e9nil<br \/>\nConsonance un peu grivoise de ce nom de village p\u00e9ri-urbain proche de Melun. En 1972, j&rsquo;ai 26 ans, je suis \u00e0 Vincennes recycl\u00e9e \u00e9tudiante en arts plastiques apr\u00e8s une licence de lettres obtenue \u00e0 Grenoble, gr\u00e2ce \u00e0 laquelle je suis prof pr\u00e9caire de fran\u00e7ais dans le coll\u00e8ge d&rsquo;enseignement technique de Vaux le Penil. Les jeunes filles expliquent dans le film ce qu&rsquo;elles y apprennent. J&rsquo;habite \u00e0 Paris, je vais \u00e0 Melun en train par la Gare de Lyon, puis un car m&#8217;emm\u00e8ne jusqu&rsquo;au coll\u00e8ge. En traversant Melun en car, je garde le souvenir d&rsquo;avoir vu des prisonniers sur le toit de la prison. C&rsquo;est l&rsquo;\u00e9poque des r\u00e9voltes des prisonniers de droit commun soutenues par Foucault, Defert, Deleuze. Ou l&rsquo;ai-je r\u00eav\u00e9? L&rsquo;id\u00e9e de filmer les jeunes filles est li\u00e9e \u00e0 \u00e7a, elles sont elles-m\u00eames incarc\u00e9r\u00e9es dans ce CET. La figure du bosquet o\u00f9 nous choisissons de les filmer, dans le parc de Melun, -r\u00e9miniscence rousseauiste de la <i>Nouvelle H\u00e9lo\u00efse<\/i> (une rencontre amoureuse avec un t\u00e9moin, dans un bosquet, qui fait \u00e9v\u00e9nement \u00a0<a href=\"http:\/\/circonstances.net\/moments\/?p=126\" target=\"_blank\" rel=\"noopener\">http:\/\/circonstances.net\/moments\/?p=126<\/a>) ou de ces groupes de figurines bosquettis\u00e9es, en porcelaine de Derby * (18e si\u00e8cle)-, \u00a0est le lieu d&rsquo;une \u00e9chappatoire dans une pseudo nature \u00e0 leur condition de prisonni\u00e8res, comme le toit de la prison de Melun, devenu terrasse \u00e0 l&rsquo;air libre o\u00f9 se rassemblaient les prisonniers. On pourrait aussi \u00e9voquer le peuple reforestis\u00e9 de Straub et Huillet, ou les paysans dans les marais de <em>Paesa<\/em> de Rossellini.<br \/>\nBosquettis\u00e9es veut aussi dire chez Rousseau, inscrites dans notre m\u00e9moire, ici par le film, car pour ma part, je les avais compl\u00e8tement oubli\u00e9es, ces jeunes filles, jeunes travailleuses en formation. Il faut souligner la qualit\u00e9 de l&rsquo;image cin\u00e9matographique, &#8211; celle d&rsquo;une estampe grav\u00e9e en taille douce et eau-forte dix huiti\u00e8miste, technique particuli\u00e8rement apte au rendu minutieux du feuillage et des corps** -, cadr\u00e9s dans notre film en plan am\u00e9ricain.<br \/>\nCe groupe dialogue avec la cam\u00e9ra fixe &#8211; le t\u00e9moin &#8211; (sauf de tr\u00e8s l\u00e9gers zooms) et se reconfigure devant elle, continuellement, dans le cadre, dans une micro-gestuelle articul\u00e9e sur de micro-propos calibr\u00e9s, chacune des jeunes filles ayant pleine conscience du temps de la bobine filmique lanc\u00e9e par le clap, (dont elle s&#8217;emparent tr\u00e8s vite) &#8211; d\u00e9di\u00e9e chacune \u00e0 une question tr\u00e8s br\u00e8ve (trois quatre mots lanc\u00e9s par moi, de derri\u00e8re la cam\u00e9ra, \u00e0 la vol\u00e9e, vers le groupe) mais qui appelait pour chacune, un lot de r\u00e9ponses individuelles individu\u00e9es, br\u00e8ves, contenues dans un seul plan s\u00e9quence et \u00e7a a march\u00e9 pour les trois questions. Un exercice d&rsquo;intelligence collective humaine gr\u00e2ce \u00e0 la cam\u00e9ra, pour faire l&rsquo;histoire du 20\u00e8me si\u00e8cle.\u00a0\u00bb<\/p>\n<p>*\u00a0Derby\u00a0-soft-paste-english-porcelain<br \/>\n\u00ab\u00a0By 1750, the Derby China Works had been established by china-maker Andrew Planch\u00e9 (1728-1805), a Huguenot and apprentice goldsmith. In 1756, William Duesbury (1725-86), an enamel-painter, and John Heath, Planch\u00e9&rsquo;s financier, formed a partnership and the factory expanded.<\/p>\n<p>In 1770, William Duesbury &amp; Co. purchased the Chelsea Porcelain factory, operating Derby and Chelsea jointly until 1784 when they closed Chelsea. This acquisition brought into the fold the knowledge and skills of the Chelsea works.<\/p>\n<p>In 1774, a showroom was opened in Covent Garden, London. In 1776, they purchased the Bow factory. William junior (1763-96) succeeded his father in 1786 and enlarged the factory. Subsequent owners could not keep up with the times and the factory folded in 1848.\u00a0\u00bb<\/p>\n<p>** estampe de Moreau le Jeune reprenant la sc\u00e8ne du bosquet de La Nouvelle Helo\u00efse.<br \/>\n<a href=\"http:\/\/lantb.net\/uebersicht\/wp-content\/uploads\/2015\/12\/image.jpg\"><img loading=\"lazy\" decoding=\"async\" class=\"alignleft size-full wp-image-10842\" src=\"http:\/\/lantb.net\/uebersicht\/wp-content\/uploads\/2015\/12\/image.jpg\" alt=\"image\" width=\"581\" height=\"768\" srcset=\"http:\/\/lantb.net\/uebersicht\/wp-content\/uploads\/2015\/12\/image.jpg 581w, http:\/\/lantb.net\/uebersicht\/wp-content\/uploads\/2015\/12\/image-227x300.jpg 227w\" sizes=\"auto, (max-width: 581px) 100vw, 581px\" \/><\/a><\/p>\n<p>&nbsp;<\/p>\n","protected":false},"excerpt":{"rendered":"<p>Titre : Jeunes filles \u00e9l\u00e8ves du coll\u00e8ge d\u2019enseignement technique de Vaux-le-P\u00e9nil, f\u00e9vrier 1972. R\u00e9alisation : Liliane Terrier et Jean-Louis Boissier En relation avec le cours des d\u00e9partements Cin\u00e9ma et Arts-Plastiques de Paris 8-Vincennes : \u00ab Mouvement de la jeunesse \u00bb Extrait de 5 mn \u00e0 partir des 30 mn de rushs, pr\u00e9sent\u00e9 pour la premi\u00e8re &hellip; <a href=\"http:\/\/lantb.net\/uebersicht\/?p=10821\" class=\"more-link\">Continuer la lecture de <span class=\"screen-reader-text\">Pr\u00e9sentation du film : CET 1972<\/span><\/a><\/p>\n","protected":false},"author":2,"featured_media":0,"comment_status":"closed","ping_status":"closed","sticky":false,"template":"","format":"standard","meta":{"footnotes":""},"categories":[4],"tags":[],"class_list":["post-10821","post","type-post","status-publish","format-standard","hentry","category-varia"],"_links":{"self":[{"href":"http:\/\/lantb.net\/uebersicht\/index.php?rest_route=\/wp\/v2\/posts\/10821","targetHints":{"allow":["GET"]}}],"collection":[{"href":"http:\/\/lantb.net\/uebersicht\/index.php?rest_route=\/wp\/v2\/posts"}],"about":[{"href":"http:\/\/lantb.net\/uebersicht\/index.php?rest_route=\/wp\/v2\/types\/post"}],"author":[{"embeddable":true,"href":"http:\/\/lantb.net\/uebersicht\/index.php?rest_route=\/wp\/v2\/users\/2"}],"replies":[{"embeddable":true,"href":"http:\/\/lantb.net\/uebersicht\/index.php?rest_route=%2Fwp%2Fv2%2Fcomments&post=10821"}],"version-history":[{"count":22,"href":"http:\/\/lantb.net\/uebersicht\/index.php?rest_route=\/wp\/v2\/posts\/10821\/revisions"}],"predecessor-version":[{"id":11175,"href":"http:\/\/lantb.net\/uebersicht\/index.php?rest_route=\/wp\/v2\/posts\/10821\/revisions\/11175"}],"wp:attachment":[{"href":"http:\/\/lantb.net\/uebersicht\/index.php?rest_route=%2Fwp%2Fv2%2Fmedia&parent=10821"}],"wp:term":[{"taxonomy":"category","embeddable":true,"href":"http:\/\/lantb.net\/uebersicht\/index.php?rest_route=%2Fwp%2Fv2%2Fcategories&post=10821"},{"taxonomy":"post_tag","embeddable":true,"href":"http:\/\/lantb.net\/uebersicht\/index.php?rest_route=%2Fwp%2Fv2%2Ftags&post=10821"}],"curies":[{"name":"wp","href":"https:\/\/api.w.org\/{rel}","templated":true}]}}