{"id":10726,"date":"2015-11-04T10:23:18","date_gmt":"2015-11-04T09:23:18","guid":{"rendered":"http:\/\/lantb.net\/uebersicht\/?p=10726"},"modified":"2015-11-06T17:40:00","modified_gmt":"2015-11-06T16:40:00","slug":"mediatheque-des","status":"publish","type":"post","link":"http:\/\/lantb.net\/uebersicht\/?p=10726","title":{"rendered":"La M\u00e9diath\u00e8que du P\u00e8re Castor"},"content":{"rendered":"<p><a href=\"http:\/\/mediatheque.castor.free.fr\" target=\"_blank\">http:\/\/mediatheque.castor.free.fr<\/a><\/p>\n<p>Fran\u00e7ois Faucher, figure de l\u2019\u00e9dition pour la jeunesse, \u00e0 la t\u00eate des c\u00e9l\u00e8bres Editions du P\u00e8re Castor, est mort le 30 octobre \u00e0 l\u2019\u00e2ge de 83 ans, a indiqu\u00e9 le conseil r\u00e9gional du Limousin, mercredi 4 novembre.<\/p>\n<p>Fran\u00e7ois Faucher \u00e9tait le fils de Paul Faucher (1898-1967), fondateur de l\u2019Atelier du P\u00e8re Casto, maison d\u2019\u00e9dition de livres pour enfants lanc\u00e9e en 1931, chez Flammarion. Il fut ainsi le premier lecteur des albums du P\u00e8re Castor, avec ses fr\u00e8res et s\u0153urs, avant de succ\u00e9der \u00e0 son p\u00e8re \u00e0 la t\u00eate des \u00e9ditions de 1967 \u00e0 1996. Fran\u00e7ois Faucher avait cr\u00e9\u00e9 en 1996 l\u2019Association des amis du P\u00e8re Castor, qui r\u00e9\u00e9dite aujourd\u2019hui les albums des ann\u00e9es 1930-1950.<\/p>\n<p>Archives conserv\u00e9es dans la Haute-Vienne<\/p>\n<p>L\u2019association a fait en 2014 une demande d\u2019inscription des archives des Editions du P\u00e8re Castor au registre M\u00e9moire du monde de l\u2019Unesco, o\u00f9 figurent d\u00e9j\u00e0 celles des fr\u00e8res Grimm et de la cr\u00e9atrice de Fifi Brindacier, la Su\u00e9doise Astrid Lindgren. Ces archives sont conserv\u00e9es depuis 2006 au sein de la m\u00e9diath\u00e8que du P\u00e8re Castor, \u00e0 <span style=\"color: #008000;\">Meuzac<\/span> (Haute-Vienne), o\u00f9 l\u2019\u00e9quipe \u00e9ditant les livres s\u2019\u00e9tait repli\u00e9e pendant la guerre.<\/p>\n<p><a href=\"http:\/\/lantb.net\/uebersicht\/wp-content\/uploads\/2015\/11\/SaintLeonardMeuzac.jpg\"><img loading=\"lazy\" decoding=\"async\" class=\" wp-image-10736 alignnone\" src=\"http:\/\/lantb.net\/uebersicht\/wp-content\/uploads\/2015\/11\/SaintLeonardMeuzac.jpg\" alt=\"SaintLeonardMeuzac\" width=\"386\" height=\"480\" srcset=\"http:\/\/lantb.net\/uebersicht\/wp-content\/uploads\/2015\/11\/SaintLeonardMeuzac.jpg 664w, http:\/\/lantb.net\/uebersicht\/wp-content\/uploads\/2015\/11\/SaintLeonardMeuzac-241x300.jpg 241w\" sizes=\"auto, (max-width: 386px) 100vw, 386px\" \/><\/a><br \/>\nUn peu du c\u00f4t\u00e9 de chez Deleuze<\/p>\n<p>&nbsp;<\/p>\n","protected":false},"excerpt":{"rendered":"<p>http:\/\/mediatheque.castor.free.fr Fran\u00e7ois Faucher, figure de l\u2019\u00e9dition pour la jeunesse, \u00e0 la t\u00eate des c\u00e9l\u00e8bres Editions du P\u00e8re Castor, est mort le 30 octobre \u00e0 l\u2019\u00e2ge de 83 ans, a indiqu\u00e9 le conseil r\u00e9gional du Limousin, mercredi 4 novembre. Fran\u00e7ois Faucher \u00e9tait le fils de Paul Faucher (1898-1967), fondateur de l\u2019Atelier du P\u00e8re Casto, maison d\u2019\u00e9dition &hellip; <a href=\"http:\/\/lantb.net\/uebersicht\/?p=10726\" class=\"more-link\">Continuer la lecture de <span class=\"screen-reader-text\">La M\u00e9diath\u00e8que du P\u00e8re Castor<\/span><\/a><\/p>\n","protected":false},"author":2,"featured_media":0,"comment_status":"closed","ping_status":"closed","sticky":false,"template":"","format":"standard","meta":{"footnotes":""},"categories":[242],"tags":[],"class_list":["post-10726","post","type-post","status-publish","format-standard","hentry","category-livre-2"],"_links":{"self":[{"href":"http:\/\/lantb.net\/uebersicht\/index.php?rest_route=\/wp\/v2\/posts\/10726","targetHints":{"allow":["GET"]}}],"collection":[{"href":"http:\/\/lantb.net\/uebersicht\/index.php?rest_route=\/wp\/v2\/posts"}],"about":[{"href":"http:\/\/lantb.net\/uebersicht\/index.php?rest_route=\/wp\/v2\/types\/post"}],"author":[{"embeddable":true,"href":"http:\/\/lantb.net\/uebersicht\/index.php?rest_route=\/wp\/v2\/users\/2"}],"replies":[{"embeddable":true,"href":"http:\/\/lantb.net\/uebersicht\/index.php?rest_route=%2Fwp%2Fv2%2Fcomments&post=10726"}],"version-history":[{"count":6,"href":"http:\/\/lantb.net\/uebersicht\/index.php?rest_route=\/wp\/v2\/posts\/10726\/revisions"}],"predecessor-version":[{"id":10737,"href":"http:\/\/lantb.net\/uebersicht\/index.php?rest_route=\/wp\/v2\/posts\/10726\/revisions\/10737"}],"wp:attachment":[{"href":"http:\/\/lantb.net\/uebersicht\/index.php?rest_route=%2Fwp%2Fv2%2Fmedia&parent=10726"}],"wp:term":[{"taxonomy":"category","embeddable":true,"href":"http:\/\/lantb.net\/uebersicht\/index.php?rest_route=%2Fwp%2Fv2%2Fcategories&post=10726"},{"taxonomy":"post_tag","embeddable":true,"href":"http:\/\/lantb.net\/uebersicht\/index.php?rest_route=%2Fwp%2Fv2%2Ftags&post=10726"}],"curies":[{"name":"wp","href":"https:\/\/api.w.org\/{rel}","templated":true}]}}