{"id":10190,"date":"2015-04-16T13:21:28","date_gmt":"2015-04-16T11:21:28","guid":{"rendered":"http:\/\/lantb.net\/uebersicht\/?p=10190"},"modified":"2015-07-05T23:44:43","modified_gmt":"2015-07-05T21:44:43","slug":"le-dossier-passage-turquetil","status":"publish","type":"post","link":"http:\/\/lantb.net\/uebersicht\/?p=10190","title":{"rendered":"Le dossier Passage Turquetil. 1. 1."},"content":{"rendered":"<p><a href=\"http:\/\/lantb.net\/uebersicht\/wp-pdf\/Turquetil.pdf\" target=\"_blank\"><img loading=\"lazy\" decoding=\"async\" class=\"alignnone  wp-image-10191\" src=\"http:\/\/lantb.net\/uebersicht\/wp-content\/uploads\/2015\/04\/turquetil-17.jpg\" alt=\"turquetil-17\" width=\"640\" height=\"480\" srcset=\"http:\/\/lantb.net\/uebersicht\/wp-content\/uploads\/2015\/04\/turquetil-17.jpg 981w, http:\/\/lantb.net\/uebersicht\/wp-content\/uploads\/2015\/04\/turquetil-17-300x225.jpg 300w\" sizes=\"auto, (max-width: 640px) 100vw, 640px\" \/><\/a><br \/>\nCliquer sur l&rsquo;image pour t\u00e9l\u00e9charger le dossier images au format pdf<\/p>\n<p>R\u00e9cit rapide de la demande de cr\u00e9ation d&rsquo;un mur v\u00e9g\u00e9talis\u00e9 dans la premi\u00e8re partie du passage Turquetil, Paris 11e, aupr\u00e8s de la mairie de Paris (internet) et aupr\u00e8s de la mairie du 11e arrondissement \u2014 5 Ao\u00fbt 2014 &#8211; 15 Avril 2015 \u2014<\/p>\n<p>Cela s\u2019est pass\u00e9 par courriels avec Jo\u00eblle Morel, \u00e9lue aux espaces verts, biodiversit\u00e9 et plan climat, puis par une rencontre en f\u00e9vrier 2015, puis par la participation r\u00e9cente \u00e0 la r\u00e9union du comit\u00e9 de quartier et \u00e0 la rencontre \u00e0 \u00abEnjardinons-nous\u00bb, \u00e0 la mairie du 11e, avec une personne de la commission \u00abEspace vert et propret\u00e9\u00bb du comit\u00e9 de quartier.<\/p>\n<p>Premier courriel<\/p>\n<p>De\u00a0: Marie-Christine et Liliane \u00e0 l&rsquo;adresse de J\u00f6elle Morel,<br \/>\nEnvoy\u00e9\u00a0: mardi 5 ao\u00fbt 2014 18:44<br \/>\nObjet\u00a0: Cr\u00e9ation d&rsquo;un mur v\u00e9g\u00e9tal, passage Turquetil, Paris 11e<br \/>\nMadame,<br \/>\n\u00c9cologistes convaincues et lass\u00e9es du mur gris et aveugle qui donne sur nos fen\u00eatres passage Turquetil, nous sommes deux copropri\u00e9taires d\u00e9sireuses d&rsquo;initier la cr\u00e9ation d&rsquo;un mur v\u00e9g\u00e9tal dans cette rue. Pourriez-vous nous fixer un rendez-vous pour nous informer des diff\u00e9rentes d\u00e9marches n\u00e9cessaires \u00e0 la r\u00e9alisation de ce projet.<br \/>\nDans l&rsquo;attente de votre r\u00e9ponse,<br \/>\nAcceptez, Madame, nos salutations les meilleures.<\/p>\n<p>\u2022<br \/>\nIl y a eu quelques \u00e9changes de courriels. Notre projet a \u00e9t\u00e9 d\u00e9pos\u00e9 sur le site dansmarue sur le site Paris.fr sur les conseils de Mme Morel. Nous n&rsquo;avons eu aucune r\u00e9ponse mais avons constat\u00e9 que notre projet n&rsquo;\u00e9tait pas dans la liste des projets retenus. Jean-Baptiste, de la commission de quartier \u00abEspace vert et propret\u00e9\u00bb, l&rsquo;a retrouv\u00e9 sur internet. Le projet a \u00e9t\u00e9 d\u00e9clar\u00e9 \u00abnon r\u00e9alisable techniquement\u00bb.<br \/>\n<a href=\"http:\/\/lantb.net\/uebersicht\/wp-content\/uploads\/2015\/04\/murefus.jpg\"><img loading=\"lazy\" decoding=\"async\" class=\"alignnone  wp-image-10196\" src=\"http:\/\/lantb.net\/uebersicht\/wp-content\/uploads\/2015\/04\/murefus-1024x333.jpg\" alt=\"murefus\" width=\"640\" height=\"208\" srcset=\"http:\/\/lantb.net\/uebersicht\/wp-content\/uploads\/2015\/04\/murefus-1024x333.jpg 1024w, http:\/\/lantb.net\/uebersicht\/wp-content\/uploads\/2015\/04\/murefus-300x98.jpg 300w, http:\/\/lantb.net\/uebersicht\/wp-content\/uploads\/2015\/04\/murefus.jpg 1052w\" sizes=\"auto, (max-width: 640px) 100vw, 640px\" \/><\/a><br \/>\nSur la fiche r\u00e9capitulative on lit : \u00abla proposition n\u2019a pas \u00e9t\u00e9 retenue car le trottoir est trop \u00e9troit\u00bb. Fin du premier \u00e9pisode.<\/p>\n<p>\u2022<br \/>\nDeuxi\u00e8me \u00e9pisode. 15 avril 2015<br \/>\nPremi\u00e8re r\u00e9ponse et argument pour poursuivre la demande, photos \u00e0 l\u2019appui (<a href=\"http:\/\/lantb.net\/uebersicht\/wp-pdf\/Turquetil.pdf\" target=\"_blank\">pdf<\/a>): le dit trottoir est effectivement trop \u00e9troit en premier lieu pour les pi\u00e9tons valides et a fortiori pour les pi\u00e9tons handicap\u00e9s (voir la photo o\u00f9 l\u2019on aper\u00e7oit une jeune femme en fauteuil roulant sur la chauss\u00e9e pav\u00e9e et qui aura beaucoup de mal \u00e0 entrer dans un appartement du rez-de-chauss\u00e9e de l\u2019immeuble du 93 bis qui fait face au mur aveugle, \u00e0 cause d\u2019un trottoir aussi tr\u00e8s \u00e9troit et tr\u00e8s haut avec une marche de perron rajout\u00e9e).<br \/>\nJ&rsquo;ai fait ces photos du fonctionnement du passage Turquetil, depuis la terrasse du caf\u00e9 le comptoir Voltaire puis dans le passage. J&rsquo;ai parl\u00e9 avec quatre personnes qui travaillent au 10 du passage Turquetil. Elles marchaient en direction de la rue de Montreuil en occupant la largeur de la chauss\u00e9e voitures comme un groupe de jeunes du lyc\u00e9e professionnel proche.<\/p>\n<p>Dans l\u2019actuelle configuration du passage Turquetil, premier tron\u00e7on,\u00a0 les pi\u00e9tons marchent donc sur la chauss\u00e9e, en alternance avec les voitures. Ce passage Turquetil, on le comprend tr\u00e8s vite en l\u2019observant, ne voit passer que peu de voitures et\u00a0 constitue, semble-t-il, une sorte de raccourci, pour \u00e9viter\u00a0 les feux du carrefour,\u00a0 avenue Philippe Auguste \/rue de Montreuil, en direction du boulevard Voltaire.<br \/>\nAutre anomalie, les voitures empruntant le passage dont le sens de circulation va vers la rue de Montreuil, mordent sur l&rsquo;espace de son trottoir, pour prendre le tournant au ras de la chauss\u00e9e, ou bien s&rsquo;entassent, \u00e0 cause du feu rouge rue de Montreuil-boulevard Voltaire, bloquant le trottoir de la rue de Montreuil : une aberration (polluante) de la circulation ax\u00e9e automobile et l\u00e0 les pi\u00e9tons ne sont pas pris en consid\u00e9ration. D\u2019ailleurs, le passage fonctionne comme une rue mais n\u2019est pas construit comme telle, le trottoir de la rue de Montreuil s\u2019abaisse \u00e0 l\u2019entr\u00e9e du passage (le diable est dans les d\u00e9tails, c&rsquo;est une mesure pour le passage des chaises roulantes) et \u00a0ainsi les enfants en trottinette sur le trottoir peuvent le traverser sans s\u2019arr\u00eater. Il y a seulement une signal\u00e9tique au sol. Bizarre qu&rsquo;il n&rsquo;y ait pas eu d&rsquo;accident d&rsquo;enfant heurtant une voiture d\u00e9bouchant du passage. Il faut donc faire appel \u00e0 l&rsquo;\u00e9lu du 11e arrondissement \u00abmobilit\u00e9 et transport\u00bb, c\u2019est un probl\u00e8me de voirie.<\/p>\n<p>D&rsquo;o\u00f9 l&rsquo;id\u00e9e simple de reconvertir ce premier tron\u00e7on du passage Turquetil, qui nous int\u00e9resse, donnant sur la rue de Montreuil et jouxtant le mur aveugle, en passage pi\u00e9tonnier &#8211; pour pi\u00e9tons valides et handicap\u00e9s &#8211; et pistes cyclables dans les deux sens.<br \/>\nSi l\u2019on progresse vers ce projet de micro-passage sans voiture, ce qui serait tr\u00e8s bien,\u00a0 la v\u00e9g\u00e9talisation ne pose plus de probl\u00e8me, elle peut se faire au sol et le long du mur aveugle (pots ou jardini\u00e8res) et en hauteur aussi. Une question peut encore \u00eatre pos\u00e9e, la r\u00e9fection pr\u00e9alable des fa\u00e7ades restantes des immeubles du 2 et 4 de la rue Guenod, puisque le mur aveugle appartient \u00e0 ces immeubles.<\/p>\n<p>\u2022<br \/>\nPost Scriptum<br \/>\nLu sur le site Paris.fr,\u00a0 au 9 avril 2015<br \/>\n\u00e0 la rubrique \u2028Budget participatif : bient\u00f4t 41 jardins pousseront sur les murs. Extrait :<br \/>\n\u00ab Des jardins sur les murs \u00bb : 21 319 Parisiens ont vot\u00e9 pour Le projet \u00ab Des jardins sur les murs \u00bb visant \u00e0 v\u00e9g\u00e9taliser une quarantaine de murs dans la capitale. Il est arriv\u00e9 en t\u00eate des votes des Parisiens avec 21 319 voix pendant la votation citoyenne du Budget participatif en septembre 2014.<br \/>\nLe succ\u00e8s de ce vote d\u00e9montre la volont\u00e9 des Parisiens de pouvoir profiter autrement de la Nature en ville. Il fait \u00e9cho aux objectifs de l\u2019ex\u00e9cutif parisien de porter pour cette mandature la mise en place \u00e0 Paris d\u2019un nouveau mod\u00e8le urbain.\u2028 <span style=\"color: #008000;\">D\u00e9cloisonner la nature au-del\u00e0 des parcs, des jardins et des bois<\/span>\u2028.<\/p>\n<p><span style=\"color: #008000;\">Lierre, passiflore, cl\u00e9matite\u2026 pour les murs<\/span><br \/>\nLa v\u00e9g\u00e9talisation des murs repose sur un syst\u00e8me de plantes grimpantes : plantes autonomes (\u00e0 crampons ou \u00e0 ventouses) ou plantes \u00e0 vrilles ou volubiles (n\u00e9cessitant une structure c\u00e2bl\u00e9e pour se d\u00e9velopper). La liste des v\u00e9g\u00e9taux couramment utilis\u00e9s sont <a href=\"http:\/\/www.ressource0.com\/eloge-du-dehors-un-projet-de-liliana-motta\/\" target=\"_blank\">polygonum<\/a>, vigne de coignet, vigne vierge, glycine, passiflore, lierre, cl\u00e9matite, chevrefeuille, hortensia grimpant&#8230;\u2028Gr\u00e2ce au projet \u00ab Des jardins sur les murs \u00bb pl\u00e9biscit\u00e9 par les Parisiens,\u00a041 fa\u00e7ades seront r\u00e9alis\u00e9es et 53 autres dans le cadre de \u00ab Du vert pr\u00e8s de chez moi \u00bb. Pour la seule ann\u00e9e 2015, la Ville de Paris va donc engager la v\u00e9g\u00e9talisation de 94 murs. Entre 2001 et 2013, la Ville de Paris a v\u00e9g\u00e9talis\u00e9 118 murs.<br \/>\n<a href=\"http:\/\/www.paris.fr\/accueil\/accueil-paris-fr\/budget-participatif-bientot-41-jardins-pousseront-sur-les-murs\/rub_1_actu_155040_port_24329\" target=\"_blank\">http:\/\/www.paris.fr\/accueil\/accueil-paris-fr\/budget-participatif-bientot-41-jardins-pousseront-sur-les-murs\/rub_1_actu_155040_port_24329<\/a><\/p>\n","protected":false},"excerpt":{"rendered":"<p>Cliquer sur l&rsquo;image pour t\u00e9l\u00e9charger le dossier images au format pdf R\u00e9cit rapide de la demande de cr\u00e9ation d&rsquo;un mur v\u00e9g\u00e9talis\u00e9 dans la premi\u00e8re partie du passage Turquetil, Paris 11e, aupr\u00e8s de la mairie de Paris (internet) et aupr\u00e8s de la mairie du 11e arrondissement \u2014 5 Ao\u00fbt 2014 &#8211; 15 Avril 2015 \u2014 Cela &hellip; <a href=\"http:\/\/lantb.net\/uebersicht\/?p=10190\" class=\"more-link\">Continuer la lecture de <span class=\"screen-reader-text\">Le dossier Passage Turquetil. 1. 1.<\/span><\/a><\/p>\n","protected":false},"author":2,"featured_media":0,"comment_status":"closed","ping_status":"closed","sticky":false,"template":"","format":"standard","meta":{"footnotes":""},"categories":[162],"tags":[],"class_list":["post-10190","post","type-post","status-publish","format-standard","hentry","category-green-attitude"],"_links":{"self":[{"href":"http:\/\/lantb.net\/uebersicht\/index.php?rest_route=\/wp\/v2\/posts\/10190","targetHints":{"allow":["GET"]}}],"collection":[{"href":"http:\/\/lantb.net\/uebersicht\/index.php?rest_route=\/wp\/v2\/posts"}],"about":[{"href":"http:\/\/lantb.net\/uebersicht\/index.php?rest_route=\/wp\/v2\/types\/post"}],"author":[{"embeddable":true,"href":"http:\/\/lantb.net\/uebersicht\/index.php?rest_route=\/wp\/v2\/users\/2"}],"replies":[{"embeddable":true,"href":"http:\/\/lantb.net\/uebersicht\/index.php?rest_route=%2Fwp%2Fv2%2Fcomments&post=10190"}],"version-history":[{"count":33,"href":"http:\/\/lantb.net\/uebersicht\/index.php?rest_route=\/wp\/v2\/posts\/10190\/revisions"}],"predecessor-version":[{"id":10446,"href":"http:\/\/lantb.net\/uebersicht\/index.php?rest_route=\/wp\/v2\/posts\/10190\/revisions\/10446"}],"wp:attachment":[{"href":"http:\/\/lantb.net\/uebersicht\/index.php?rest_route=%2Fwp%2Fv2%2Fmedia&parent=10190"}],"wp:term":[{"taxonomy":"category","embeddable":true,"href":"http:\/\/lantb.net\/uebersicht\/index.php?rest_route=%2Fwp%2Fv2%2Fcategories&post=10190"},{"taxonomy":"post_tag","embeddable":true,"href":"http:\/\/lantb.net\/uebersicht\/index.php?rest_route=%2Fwp%2Fv2%2Ftags&post=10190"}],"curies":[{"name":"wp","href":"https:\/\/api.w.org\/{rel}","templated":true}]}}