{"id":1000,"date":"2009-06-27T10:16:52","date_gmt":"2009-06-27T09:16:52","guid":{"rendered":"http:\/\/lantb.net\/uebersicht\/?p=1000"},"modified":"2009-08-23T23:55:53","modified_gmt":"2009-08-23T22:55:53","slug":"a-propos-de-nice-annees-30","status":"publish","type":"post","link":"http:\/\/lantb.net\/uebersicht\/?p=1000","title":{"rendered":"A propos de Nice (ann\u00e9es 30)"},"content":{"rendered":"<p><a href=\"http:\/\/lantb.net\/uebersicht\/wp-content\/uploads\/2009\/06\/nice_1930.jpg\"><img loading=\"lazy\" decoding=\"async\" class=\"alignnone size-full wp-image-1005\" title=\"nice_1930\" src=\"http:\/\/lantb.net\/uebersicht\/wp-content\/uploads\/2009\/06\/nice_1930.jpg\" alt=\"nice_1930\" width=\"504\" height=\"380\" \/><\/a><br \/>\nMado, Robert, Claude, Claudine, Plage de la Tour rouge \u00e0 Nice, \u00e9t\u00e9 1934. (Mariage de Claude et Claudine \u00e0 Nice en f\u00e9vrier 1934).<\/p>\n<blockquote><p>\u00abQuelle est la nature de l&rsquo;art, quand il arrive \u00e0 la mer?\u00bb<br \/>\nJohn Cage, in \u00abRobert Rauschenberg, Artiste, et son \u0153uvre\u00bb<em>, Silence<\/em>, 1\u00e8re \u00e9dition 1961<\/p>\n<p><object id=\"VideoPlayback\" classid=\"clsid:d27cdb6e-ae6d-11cf-96b8-444553540000\" width=\"340\" height=\"278\" codebase=\"http:\/\/download.macromedia.com\/pub\/shockwave\/cabs\/flash\/swflash.cab#version=6,0,40,0\"><param name=\"src\" value=\"http:\/\/video.google.fr\/googleplayer.swf?docid=7680320122746883496&amp;hl=fr&amp;fs=true\" \/><param name=\"allowfullscreen\" value=\"true\" \/><embed id=\"VideoPlayback\" type=\"application\/x-shockwave-flash\" width=\"340\" height=\"278\" src=\"http:\/\/video.google.fr\/googleplayer.swf?docid=7680320122746883496&amp;hl=fr&amp;fs=true\" allowfullscreen=\"true\"><\/embed><\/object><br \/>\nJean Vigo, <em>A propos de Nice<\/em> (1930) (23&prime;, master num\u00e9rique restaur\u00e9)<br \/>\n[Vigo appara\u00eet en Pierrot parmi les danseuses]<\/p><\/blockquote>\n<p>\u00abJean Vigo, n\u00e9 en 1905&#8230; Automne 1928. D\u00e9part pour Nice, mariage avec Lydu en janvier 1929. Un mois auparavant, Vigo est engag\u00e9 comme aide-op\u00e9rateur \u00e0 la production Franco-Film, aux studios de la Victorine \u00e0 Nice. 1929. La premi\u00e8re cam\u00e9ra (offerte par le p\u00e8re de Lydu) et aussit\u00f4t l&rsquo;id\u00e9e d&rsquo;un documentaire sur la ville de Nice. Rep\u00e9rages. Mauvaise sant\u00e9 du couple. Retour \u00e0 Paris pour consultation. Rencontre avec Jean Lods et son op\u00e9rateur Boris Kaufman. Tous deux ont bien assimil\u00e9 les d\u00e9couvertes du \u00ab\u00a0Cin\u00e9-\u0153il\u00a0\u00bb de Dziga Vertov, le fr\u00e8re de Boris.<br \/>\n1930. Vigo et Kaufman s&rsquo;associent et tournent \u00e0 Nice. En mars, ils ont tourn\u00e9 quatre mille m\u00e8tres. Montage. Le travail est achev\u00e9 d\u00e9but mai. Projection de <em>A propos de Nice<\/em>, \u00ab\u00a0point de vue document\u00e9\u00a0\u00bb, faux documentaire et vrai pamphlet. [&#8230;]<br \/>\nJean Vigo r\u00e9dige le communiqu\u00e9 de presse: \u00ab\u00a0Jean Vigo et Boris Kaufman viennent de terminer leur film <em>A propos de Nice<\/em>. Ciel bleu, maisons blanches, mer \u00e9blouie, fleurs multicolores, c\u0153ur en liesse, telle appara\u00eet d&rsquo;abord l&rsquo;ambiance ni\u00e7oise. Mais ce n&rsquo;est l\u00e0 qu&rsquo;apparence \u00e9ph\u00e9m\u00e8re, que la mort guette, d&rsquo;une ville de plaisirs.\u00a0\u00bb<em><br \/>\n<\/em>28 mai 1930. A Paris, le film est projet\u00e9 sur l&rsquo;\u00e9cran de l&rsquo;ancien th\u00e9\u00e2tre de Jacques Copeau, le Vieux-Colombier, devenu cin\u00e9ma d&rsquo;avant-garde.<br \/>\nLe 14 juin, Jean Vigo pr\u00e9sente son texte-programme: <em>Vers un cin\u00e9ma social&#8230;<\/em> \u00bb in Booklet du DVD, <em>L&rsquo;Int\u00e9grale Jean Vigo<\/em>, 2008. <a href=\"http:\/\/lantb.net\/uebersicht\/wp-pdf\/Vigo.pdf\" target=\"_blank\">T\u00e9l\u00e9charger le texte (pdf)<\/a> (source &gt;<a href=\"http:\/\/www.maisonfc.org\/\" target=\"_blank\"> maison du film court<\/a>)<a href=\"http:\/\/lantb.net\/uebersicht\/wp-pdf\/detroit.pdf\"><br \/>\n<\/a><\/p>\n","protected":false},"excerpt":{"rendered":"<p>Mado, Robert, Claude, Claudine, Plage de la Tour rouge \u00e0 Nice, \u00e9t\u00e9 1934. (Mariage de Claude et Claudine \u00e0 Nice en f\u00e9vrier 1934). \u00abQuelle est la nature de l&rsquo;art, quand il arrive \u00e0 la mer?\u00bb John Cage, in \u00abRobert Rauschenberg, Artiste, et son \u0153uvre\u00bb, Silence, 1\u00e8re \u00e9dition 1961 Jean Vigo, A propos de Nice (1930) &hellip; <a href=\"http:\/\/lantb.net\/uebersicht\/?p=1000\" class=\"more-link\">Continuer la lecture de <span class=\"screen-reader-text\">A propos de Nice (ann\u00e9es 30)<\/span><\/a><\/p>\n","protected":false},"author":2,"featured_media":0,"comment_status":"closed","ping_status":"closed","sticky":false,"template":"","format":"standard","meta":{"footnotes":""},"categories":[5,90],"tags":[94,95,81],"class_list":["post-1000","post","type-post","status-publish","format-standard","hentry","category-claudine","category-varia-art","tag-jean-vigo","tag-john-cage","tag-nice"],"_links":{"self":[{"href":"http:\/\/lantb.net\/uebersicht\/index.php?rest_route=\/wp\/v2\/posts\/1000","targetHints":{"allow":["GET"]}}],"collection":[{"href":"http:\/\/lantb.net\/uebersicht\/index.php?rest_route=\/wp\/v2\/posts"}],"about":[{"href":"http:\/\/lantb.net\/uebersicht\/index.php?rest_route=\/wp\/v2\/types\/post"}],"author":[{"embeddable":true,"href":"http:\/\/lantb.net\/uebersicht\/index.php?rest_route=\/wp\/v2\/users\/2"}],"replies":[{"embeddable":true,"href":"http:\/\/lantb.net\/uebersicht\/index.php?rest_route=%2Fwp%2Fv2%2Fcomments&post=1000"}],"version-history":[{"count":0,"href":"http:\/\/lantb.net\/uebersicht\/index.php?rest_route=\/wp\/v2\/posts\/1000\/revisions"}],"wp:attachment":[{"href":"http:\/\/lantb.net\/uebersicht\/index.php?rest_route=%2Fwp%2Fv2%2Fmedia&parent=1000"}],"wp:term":[{"taxonomy":"category","embeddable":true,"href":"http:\/\/lantb.net\/uebersicht\/index.php?rest_route=%2Fwp%2Fv2%2Fcategories&post=1000"},{"taxonomy":"post_tag","embeddable":true,"href":"http:\/\/lantb.net\/uebersicht\/index.php?rest_route=%2Fwp%2Fv2%2Ftags&post=1000"}],"curies":[{"name":"wp","href":"https:\/\/api.w.org\/{rel}","templated":true}]}}