{"id":945,"date":"2015-12-26T02:59:11","date_gmt":"2015-12-26T01:59:11","guid":{"rendered":"http:\/\/lantb.net\/figure\/?p=945"},"modified":"2019-12-26T00:28:39","modified_gmt":"2019-12-25T23:28:39","slug":"jeunes-filles-eleves-du-cet-de-vaux-le-penil-1972","status":"publish","type":"post","link":"http:\/\/lantb.net\/figure\/?p=945","title":{"rendered":"Jeunes filles \u00e9l\u00e8ves du CET de Vaux-le-P\u00e9nil, 1972"},"content":{"rendered":"<p>Pr\u00e9sentation du film&nbsp;: CET 1972<br \/>\nTitre&nbsp;: Jeunes filles \u00e9l\u00e8ves du coll\u00e8ge d\u2019enseignement technique de Vaux-le-P\u00e9nil, f\u00e9vrier 1972.<br \/>\nR\u00e9alisation&nbsp;: Liliane Terrier et Jean-Louis Boissier<br \/>\nEn relation avec le cours des d\u00e9partements Cin\u00e9ma et Arts-Plastiques de Paris 8-Vincennes&nbsp;: \u00ab Mouvement de la jeunesse \u00bb<br \/>\nFilm tourn\u00e9 avec cinq \u00e9l\u00e8ves du Coll\u00e8ge d&rsquo;enseignement technique de Vaux-le-P\u00e9nil et leur professeur de fran\u00e7ais Liliane Terrier, f\u00e9vrier 1972. Extraits (5 mn 18 s) choisis sur 30 minutes de rushes. \u00c9clair-Coutant 16 mm, son synchrone sur Nagra. Production&nbsp;: Universit\u00e9 de Vincennes. Num\u00e9risation&nbsp;: CNC, BnF, octobre 2015. Premi\u00e8re projection publique&nbsp;: Vid\u00e9o et apr\u00e8s, Centre Pompidou, 16 novembre 2015.<\/p>\n<p><iframe loading=\"lazy\" src=\"http:\/\/player.vimeo.com\/video\/150012664?byline=0&amp;portrait=0&amp;color=ffffff\" width=\"640\" height=\"360\" frameborder=\"0\"><\/iframe><\/p>\n<p>\u00ab Les jeunes filles du cet de Vaux-le-P\u00e9nil<\/p>\n<p>Consonance un peu grivoise de ce nom de village p\u00e9ri-urbain proche de Melun. En 1972, j\u2019ai 26 ans, je suis \u00e0 Vincennes recycl\u00e9e \u00e9tudiante en arts plastiques apr\u00e8s une licence de lettres obtenue \u00e0 Grenoble, gr\u00e2ce \u00e0 laquelle je suis prof pr\u00e9caire de fran\u00e7ais dans le coll\u00e8ge d\u2019enseignement technique de Vaux le Penil. Les jeunes filles expliquent dans le film ce qu\u2019elles y apprennent. J\u2019habite \u00e0 Paris, je vais \u00e0 Melun en train par la Gare de Lyon, puis un car m\u2019emm\u00e8ne jusqu\u2019au coll\u00e8ge. En traversant Melun en car, je garde le souvenir d\u2019avoir vu des prisonniers sur le toit de la prison. C\u2019est l\u2019\u00e9poque des r\u00e9voltes des prisonniers de droit commun soutenues par Foucault, Defert, Deleuze. Ou l\u2019ai-je r\u00eav\u00e9? L\u2019id\u00e9e de filmer les jeunes filles est li\u00e9e \u00e0 \u00e7a, elles sont elles-m\u00eames incarc\u00e9r\u00e9es dans ce CET. La figure du bosquet o\u00f9 nous choisissons de les filmer, dans le parc de Melun, -r\u00e9miniscence rousseauiste de la Nouvelle H\u00e9lo\u00efse (une rencontre amoureuse avec un t\u00e9moin, dans un bosquet, qui fait \u00e9v\u00e9nement <a href=\"http:\/\/circonstances.net\/moments\/?p=126\" target=\"_blank\" rel=\"noopener\">http:\/\/circonstances.net\/moments\/?p=126<\/a>) ou de ces groupes de figurines bosquettis\u00e9es, en porcelaine de Derby * (18e si\u00e8cle)-, est le lieu d\u2019une \u00e9chappatoire dans une pseudo nature \u00e0 leur condition de prisonni\u00e8res, comme le toit de la prison de Melun, devenu terrasse \u00e0 l\u2019air libre o\u00f9 se rassemblaient les prisonniers. On pourrait aussi \u00e9voquer le peuple reforestis\u00e9 de Straub et Huillet, ou les paysans dans les marais de Paesa de Rossellini.<br \/>\nBosquettis\u00e9es veut aussi dire chez Rousseau, inscrites dans notre m\u00e9moire, ici par le film, car pour ma part, je les avais compl\u00e8tement oubli\u00e9es, ces jeunes filles, jeunes travailleuses en formation. Il faut souligner la qualit\u00e9 de l\u2019image cin\u00e9matographique, \u2013 celle d\u2019une estampe grav\u00e9e en taille douce et eau-forte dix huiti\u00e8miste, technique particuli\u00e8rement apte au rendu minutieux du feuillage et des corps** -, cadr\u00e9s dans notre film en plan am\u00e9ricain.<br \/>\nCe groupe dialogue avec la cam\u00e9ra fixe \u2013 le t\u00e9moin \u2013 (sauf de tr\u00e8s l\u00e9gers zooms) et se reconfigure devant elle, continuellement, dans le cadre, dans une micro-gestuelle articul\u00e9e sur de micro-propos calibr\u00e9s, chacune des jeunes filles ayant pleine conscience du temps de la bobine filmique lanc\u00e9e par le clap, (dont elle s\u2019emparent tr\u00e8s vite) \u2013 d\u00e9di\u00e9e chacune \u00e0 une question tr\u00e8s br\u00e8ve (trois quatre mots lanc\u00e9s par moi, de derri\u00e8re la cam\u00e9ra, \u00e0 la vol\u00e9e, vers le groupe) mais qui appelait pour chacune, un lot de r\u00e9ponses individuelles individu\u00e9es, br\u00e8ves, contenues dans un seul plan s\u00e9quence et \u00e7a a march\u00e9 pour les trois questions. Un exercice d\u2019intelligence collective humaine gr\u00e2ce \u00e0 la cam\u00e9ra, pour faire l\u2019histoire du 20e si\u00e8cle. \u00bb<\/p>\n<p>* Derby -soft-paste-english-porcelain<br \/>\n\u00ab By 1750, the Derby China Works had been established by china-maker Andrew Planch\u00e9 (1728-1805), a Huguenot and apprentice goldsmith. In 1756, William Duesbury (1725-86), an enamel-painter, and John Heath, Planch\u00e9\u2019s financier, formed a partnership and the factory expanded.\u00a0In 1770, William Duesbury &amp; Co. purchased the Chelsea Porcelain factory, operating Derby and Chelsea jointly until 1784 when they closed Chelsea. This acquisition brought into the fold the knowledge and skills of the Chelsea works.\u00a0In 1774, a showroom was opened in Covent Garden, London. In 1776, they purchased the Bow factory. William junior (1763-96) succeeded his father in 1786 and enlarged the factory. Subsequent owners could not keep up with the times and the factory folded in 1848. \u00bb<\/p>\n<p><a href=\"http:\/\/www.porcelainbiz.com\/porcelain\/derbygraces1.htm\" target=\"_blank\" rel=\"noopener\">http:\/\/www.porcelainbiz.com\/porcelain\/derbygraces1.htm<\/a><\/p>\n<p>** Estampe de Moreau le Jeune reprenant la sc\u00e8ne du bosquet de <i>La Nouvelle Helo\u00efse<\/i>.<\/p>\n<p><a href=\"http:\/\/lantb.net\/figure\/wp-content\/uploads\/2015\/12\/image.jpg\"><img loading=\"lazy\" decoding=\"async\" class=\"alignnone wp-image-947\" src=\"http:\/\/lantb.net\/figure\/wp-content\/uploads\/2015\/12\/image.jpg\" alt=\"image\" width=\"363\" height=\"480\" srcset=\"http:\/\/lantb.net\/figure\/wp-content\/uploads\/2015\/12\/image.jpg 581w, http:\/\/lantb.net\/figure\/wp-content\/uploads\/2015\/12\/image-227x300.jpg 227w, http:\/\/lantb.net\/figure\/wp-content\/uploads\/2015\/12\/image-484x640.jpg 484w, http:\/\/lantb.net\/figure\/wp-content\/uploads\/2015\/12\/image-113x150.jpg 113w\" sizes=\"auto, (max-width: 363px) 100vw, 363px\" \/><\/a><\/p>\n<p>Autre bosquet funeste et actuel, celui-ci qualifi\u00e9 de \u00ab\u00a0Buisson conspiratif\u00a0\u00bb<\/p>\n<div class=\"copy-paste-block\">\n<p>\u00abC\u2019est \u00e0 Aubervilliers, dans une zone industrielle ind\u00e9cise en contrebas de l\u2019A86, qu\u2019ils [Abdelhamid Abaaoud et son complice] \u00e9liront domicile sur un talus pour les quatre prochaines nuits [du 13, 14, 15, 16 novembre 2015]. Les policiers charg\u00e9s d\u2019inspecter quelques jours plus tard ce <em>\u00ab\u00a0buisson conspiratif\u00a0\u00bb<\/em> en dresseront la description suivante\u00a0: \u00e0 l\u2019entr\u00e9e du bosquet, un passage dans la v\u00e9g\u00e9tation large de 80\u00a0centim\u00e8tres et long de 3\u00a0m\u00e8tres. La pente est raide, les fonctionnaires doivent <em>\u00ab\u00a0s\u2019agripper aux branches\u00a0\u00bb<\/em> pour progresser jusqu\u2019au plateau. <em>\u00ab\u00a0A notre droite, de\u0301couvrons un petit espace dans la v\u00e9g\u00e9tation prote\u0301ge\u0301 par les branches et les feuillages. Nous pouvons ainsi le de\u0301crire comme un igloo ve\u0301ge\u0301tal de par sa forme et sa conception\u00a0\u00bb<\/em>, \u00e9crit le brigadier de la \u00ab\u00a0Crim\u2019\u00a0\u00bb dans son rapport. Dans ce premier espace d\u2019environ 3\u00a0m\u00e8tres carr\u00e9s, les policiers d\u00e9couvrent un emballage de Bounty, une canette d\u2019Oasis, une bouteille d\u2019eau et <em>\u00ab\u00a0une pile 9\u00a0volts entoure\u0301e d\u2019adhe\u0301sif gris avec un fil e\u0301lectrique de\u0301passant a\u0300 la base\u00a0\u00bb. <\/em>Un deuxi\u00e8me abri, sur la gauche, semble servir de chambre\u00a0: il contient un matelas en mousse et <em>\u00ab\u00a0un semblant de te\u0302te de lit re\u0301sultant d\u2019un bricolage\u00a0\u00bb<\/em>. Tandis qu\u2019Abdelhamid Abaaoud et son complice s\u2019appr\u00eatent \u00e0 passer la nuit [du 13 au 14 novembre] au milieu des feuillages dans la banlieue nord, Salah Abdeslam attend son exfiltration au sud de Paris.\u00bb [puis viendra l&rsquo;\u00e9pisode de Saint-Denis 17 novembre]. Aujourd&rsquo;hui, ces jeunes filles auraient pu mal tourner tr\u00e8s vite.<\/p>\n<\/div>\n","protected":false},"excerpt":{"rendered":"<p>Pr\u00e9sentation du film&nbsp;: CET 1972 Titre&nbsp;: Jeunes filles \u00e9l\u00e8ves du coll\u00e8ge d\u2019enseignement technique de Vaux-le-P\u00e9nil, f\u00e9vrier 1972. R\u00e9alisation&nbsp;: Liliane Terrier et Jean-Louis Boissier En relation avec le cours des d\u00e9partements Cin\u00e9ma et Arts-Plastiques de Paris 8-Vincennes&nbsp;: \u00ab Mouvement de la jeunesse \u00bb Film tourn\u00e9 avec cinq \u00e9l\u00e8ves du Coll\u00e8ge d&rsquo;enseignement technique de Vaux-le-P\u00e9nil et leur &hellip; <a href=\"http:\/\/lantb.net\/figure\/?p=945\" class=\"more-link\">Continuer la lecture de <span class=\"screen-reader-text\">Jeunes filles \u00e9l\u00e8ves du CET de Vaux-le-P\u00e9nil, 1972<\/span><\/a><\/p>\n","protected":false},"author":1,"featured_media":0,"comment_status":"closed","ping_status":"closed","sticky":false,"template":"","format":"standard","meta":{"footnotes":""},"categories":[75,4],"tags":[],"class_list":["post-945","post","type-post","status-publish","format-standard","hentry","category-deleuze-guattari","category-green-attitude"],"_links":{"self":[{"href":"http:\/\/lantb.net\/figure\/index.php?rest_route=\/wp\/v2\/posts\/945","targetHints":{"allow":["GET"]}}],"collection":[{"href":"http:\/\/lantb.net\/figure\/index.php?rest_route=\/wp\/v2\/posts"}],"about":[{"href":"http:\/\/lantb.net\/figure\/index.php?rest_route=\/wp\/v2\/types\/post"}],"author":[{"embeddable":true,"href":"http:\/\/lantb.net\/figure\/index.php?rest_route=\/wp\/v2\/users\/1"}],"replies":[{"embeddable":true,"href":"http:\/\/lantb.net\/figure\/index.php?rest_route=%2Fwp%2Fv2%2Fcomments&post=945"}],"version-history":[{"count":10,"href":"http:\/\/lantb.net\/figure\/index.php?rest_route=\/wp\/v2\/posts\/945\/revisions"}],"predecessor-version":[{"id":5890,"href":"http:\/\/lantb.net\/figure\/index.php?rest_route=\/wp\/v2\/posts\/945\/revisions\/5890"}],"wp:attachment":[{"href":"http:\/\/lantb.net\/figure\/index.php?rest_route=%2Fwp%2Fv2%2Fmedia&parent=945"}],"wp:term":[{"taxonomy":"category","embeddable":true,"href":"http:\/\/lantb.net\/figure\/index.php?rest_route=%2Fwp%2Fv2%2Fcategories&post=945"},{"taxonomy":"post_tag","embeddable":true,"href":"http:\/\/lantb.net\/figure\/index.php?rest_route=%2Fwp%2Fv2%2Ftags&post=945"}],"curies":[{"name":"wp","href":"https:\/\/api.w.org\/{rel}","templated":true}]}}