{"id":6943,"date":"2021-10-15T21:41:07","date_gmt":"2021-10-15T20:41:07","guid":{"rendered":"http:\/\/lantb.net\/figure\/?p=6943"},"modified":"2021-12-26T09:40:21","modified_gmt":"2021-12-26T08:40:21","slug":"robert-maggiori-sur-aby-warburg","status":"publish","type":"post","link":"http:\/\/lantb.net\/figure\/?p=6943","title":{"rendered":"Robert Maggiori\u2026 Aby Warburg"},"content":{"rendered":"<p class=\"p1\" style=\"text-align: left;\"><span class=\"s1\">\u00ab Peut \u00eatre la maladie mentale avait-elle donn\u00e9 \u00e0 Aby Warburg une capacit\u00e9 nouvelle de scruter les ab\u00eemes des \u00e9tats \u00ab\u00a0primitifs\u00a0\u00bb domin\u00e9s par la n\u00e9cessit\u00e9 de vaincre les peurs ancestrales connues des civilisations<span class=\"Apple-converted-space\">\u00a0 <\/span>comme de chaque individu*. Il \u00e9tait certain, en tout cas, qu&rsquo;\u00e0 les d\u00e9crire, il aurait retrouv\u00e9 son \u00e9quilibre. S&rsquo;est-il sauv\u00e9? A-t-il gu\u00e9ri miraculeusement de sa schizophr\u00e9nie, ou plus certainement, de son \u00ab\u00a0\u00e9tat mixte maniacod\u00e9pressif?\u00a0\u00bb Il sort de la clinique le 12 ao\u00fbt 1924. \u00c0 son fr\u00e8re<span class=\"Apple-converted-space\">\u00a0 <\/span>Max, il \u00e9crit&nbsp;: \u00ab\u00a0voil\u00e0 un sympt\u00f4me clair que ma nature veut encore une fois se tirer elle-m\u00eame de ce mar\u00e9cage. \u00bb Robert Maggiori<\/span><\/p>\n<p>* Aby Warburg&nbsp;: \u00ab <span style=\"color: #ff00ff;\">Parfois, il me semble que j\u2019essaie, comme psycho-historien, de d\u00e9celer la schizophr\u00e9nie du monde occidental \u00e0 partir de ses images, et comme dans un r\u00e9flexe autobiographique&nbsp;: d\u2019un c\u00f4t\u00e9 la nymphe extatique (maniaque) et de l\u2019autre le douloureux Dieu fluvial (d\u00e9pressif), comme les p\u00f4les entre lesquels l\u2019homme sensible, donnant fid\u00e8lement forme \u00e0 ses impressions, cherche son propre style dans l\u2019acte cr\u00e9ateur. L\u2019antique jeu de contraste entre vie active et vie contemplative.\u00a0\u00bb<\/span><br \/>\n<a href=\"http:\/\/www.lespressesdureel.com\/ouvrage.php?id=2105\" target=\"_blank\" rel=\"noopener\">Aby Warburg, <em>Miroirs de faille, \u00e0 Rome, avec Giordano Bruno et \u00c9douard Manet<\/em><\/a>, 1928-1929, presses du r\u00e9el, 2011, p. 109.<\/p>\n<p>Herv\u00e9 Mazurel&nbsp;: \u00ab L\u2019histoire ne s\u2019arr\u00eate pas \u00e0 la surface de notre individualit\u00e9, mais s\u2019inscrit aux tr\u00e9fonds. Enfants, nous int\u00e9riorisons le monde social \u00e0 travers ce que nos parents ou l\u2019\u00e9cole nous inculquent&nbsp;: des interdits, des valeurs, des conduites, des fa\u00e7ons de penser, d\u2019agir et de sentir\u2026 Tous ces legs, ces habitus h\u00e9rit\u00e9s nous lient \u00e0 la longue cha\u00eene des g\u00e9n\u00e9rations. Aby\u00a0Warburg, immense historien de l\u2019art, disait qu\u2019on restait li\u00e9 par notre gestuelle ou nos fa\u00e7ons de nous \u00e9mouvoir \u00e0\u00a0des femmes et des hommes de si\u00e8cles tr\u00e8s recul\u00e9s. Aby\u00a0Warburg voyait affleurer dans la culture napolitaine contemporaine une part des gestuelles tr\u00e8s anciennes de l\u2019Antiquit\u00e9 gr\u00e9co-romaine. Soit des gestes, de salutation, d\u2019hospitalit\u00e9 ou de deuil h\u00e9rit\u00e9s dans la tr\u00e8s longue dur\u00e9e que nous apprenons, reproduisons et transformons lentement sans le savoir. C\u2019est une tr\u00e8s belle id\u00e9e, celle d\u2019une histoire lente et silencieuse, qui nous travaille obscur\u00e9ment. L\u2019histoire ainsi se fait corps. \u00bb in <em>Lib\u00e9<\/em> du 3 octobre 2021<\/p>\n","protected":false},"excerpt":{"rendered":"<p>\u00ab Peut \u00eatre la maladie mentale avait-elle donn\u00e9 \u00e0 Aby Warburg une capacit\u00e9 nouvelle de scruter les ab\u00eemes des \u00e9tats \u00ab\u00a0primitifs\u00a0\u00bb domin\u00e9s par la n\u00e9cessit\u00e9 de vaincre les peurs ancestrales connues des civilisations\u00a0 comme de chaque individu*. Il \u00e9tait certain, en tout cas, qu&rsquo;\u00e0 les d\u00e9crire, il aurait retrouv\u00e9 son \u00e9quilibre. S&rsquo;est-il sauv\u00e9? A-t-il gu\u00e9ri &hellip; <a href=\"http:\/\/lantb.net\/figure\/?p=6943\" class=\"more-link\">Continuer la lecture de <span class=\"screen-reader-text\">Robert Maggiori\u2026 Aby Warburg<\/span><\/a><\/p>\n","protected":false},"author":1,"featured_media":0,"comment_status":"closed","ping_status":"closed","sticky":false,"template":"","format":"standard","meta":{"footnotes":""},"categories":[83,71,5],"tags":[],"class_list":["post-6943","post","type-post","status-publish","format-standard","hentry","category-anthropologie","category-ceramique","category-reader"],"_links":{"self":[{"href":"http:\/\/lantb.net\/figure\/index.php?rest_route=\/wp\/v2\/posts\/6943","targetHints":{"allow":["GET"]}}],"collection":[{"href":"http:\/\/lantb.net\/figure\/index.php?rest_route=\/wp\/v2\/posts"}],"about":[{"href":"http:\/\/lantb.net\/figure\/index.php?rest_route=\/wp\/v2\/types\/post"}],"author":[{"embeddable":true,"href":"http:\/\/lantb.net\/figure\/index.php?rest_route=\/wp\/v2\/users\/1"}],"replies":[{"embeddable":true,"href":"http:\/\/lantb.net\/figure\/index.php?rest_route=%2Fwp%2Fv2%2Fcomments&post=6943"}],"version-history":[{"count":12,"href":"http:\/\/lantb.net\/figure\/index.php?rest_route=\/wp\/v2\/posts\/6943\/revisions"}],"predecessor-version":[{"id":7056,"href":"http:\/\/lantb.net\/figure\/index.php?rest_route=\/wp\/v2\/posts\/6943\/revisions\/7056"}],"wp:attachment":[{"href":"http:\/\/lantb.net\/figure\/index.php?rest_route=%2Fwp%2Fv2%2Fmedia&parent=6943"}],"wp:term":[{"taxonomy":"category","embeddable":true,"href":"http:\/\/lantb.net\/figure\/index.php?rest_route=%2Fwp%2Fv2%2Fcategories&post=6943"},{"taxonomy":"post_tag","embeddable":true,"href":"http:\/\/lantb.net\/figure\/index.php?rest_route=%2Fwp%2Fv2%2Ftags&post=6943"}],"curies":[{"name":"wp","href":"https:\/\/api.w.org\/{rel}","templated":true}]}}