{"id":691,"date":"2015-06-03T15:50:36","date_gmt":"2015-06-03T14:50:36","guid":{"rendered":"http:\/\/lantb.net\/figure\/?p=691"},"modified":"2015-06-25T16:09:14","modified_gmt":"2015-06-25T15:09:14","slug":"alfred-spira-la-pollution-diminue-mais-elle-change-de-nature","status":"publish","type":"post","link":"http:\/\/lantb.net\/figure\/?p=691","title":{"rendered":"Alfred Spira. La pollution diminue mais elle change de nature"},"content":{"rendered":"<div class=\"text-article\">\n<div class=\"object-picture\"><img loading=\"lazy\" decoding=\"async\" class=\"visual big\" src=\"http:\/\/md0.libe.com\/photo\/780719-spirajpg.jpg?modified_at=1433269055&amp;ratio_x=03&amp;ratio_y=02&amp;width=644\" alt=\"Alfred Spira&nbsp;: \u00abLa pollution diminue mais elle change de nature\u00bb\" width=\"242\" height=\"161\" \/> <img loading=\"lazy\" decoding=\"async\" class=\"alignnone  wp-image-693\" src=\"http:\/\/lantb.net\/figure\/wp-content\/uploads\/2015\/06\/favereau.jpg\" alt=\"favereau\" width=\"106\" height=\"161\" srcset=\"http:\/\/lantb.net\/figure\/wp-content\/uploads\/2015\/06\/favereau.jpg 483w, http:\/\/lantb.net\/figure\/wp-content\/uploads\/2015\/06\/favereau-198x300.jpg 198w, http:\/\/lantb.net\/figure\/wp-content\/uploads\/2015\/06\/favereau-423x640.jpg 423w, http:\/\/lantb.net\/figure\/wp-content\/uploads\/2015\/06\/favereau-99x150.jpg 99w\" sizes=\"auto, (max-width: 106px) 100vw, 106px\" \/><br \/>\nAlfred Spira interview\u00e9 par \u00c9ric Favereau. <em>Lib\u00e9ration<\/em> du jour<\/div>\n<p>Alfred Spira, \u00e9pid\u00e9miologiste qui a longtemps \u00e9tudi\u00e9 les\u00a0effets des \u00e9missions de particules sur\u00a0la\u00a0sant\u00e9, estime que la\u00a0surmortalit\u00e9 ne peut pas \u00eatre attribu\u00e9e \u00e0 un seul facteur.<\/p>\n<div class=\"object-content\">\n<p>En France, la pollution de l\u2019atmosph\u00e8re serait responsable de 42 000\u00a0morts pr\u00e9matur\u00e9es par an, selon des donn\u00e9es de l\u2019Organisation mondiale de la sant\u00e9 (OMS). Rien qu\u2019\u00e0 Paris, elle tuerait 3 000\u00a0personnes. Des chiffres \u00e0 prendre avec des pincettes, selon Alfred Spira, \u00e9pid\u00e9miologiste et professeur de sant\u00e9 publique.<\/p>\n<p><span style=\"color: #008000;\">\u00c9. F.&nbsp;: Faut-il prendre au pied de la\u00a0lettre tous les chiffres alarmants&nbsp;?<\/span><\/p>\n<p>A. S.&nbsp;: Qu\u2019il y ait des effets cons\u00e9quents de la pollution de l\u2019air sur la sant\u00e9 est une \u00e9vidence que nul ne conteste. Le probl\u00e8me est que des \u00e9tudes statistiques sont mises en avant sans autre pr\u00e9cision. On a ce que l\u2019on appelle, par exemple, les intervalles de confiance. On va avancer que la\u00a0pollution tue 3 000\u00a0personnes \u00e0 Paris, mais l\u2019intervalle, lui, se situe entre\u00a02 000 et\u00a010 000. Ainsi, quand on \u00e9voque 3 000\u00a0morts dans la capitale, c\u2019est le nombre de d\u00e9c\u00e8s suppl\u00e9mentaires attribu\u00e9s \u00e0 la pollution s\u2019il y avait un lien causal direct. Mais ce surplus de disparitions est multifactoriel et c\u2019est un abus de le lier uniquement \u00e0 tel ou tel facteur. Et, plut\u00f4t que d\u2019\u00e9voquer des d\u00e9c\u00e8s, il est plus exact de parler de morts pr\u00e9matur\u00e9s et, de ce fait, de diminution de l\u2019esp\u00e9rance de vie. Nous ne sommes pas dans des situations comme le cancer du poumon ou l\u2019hypertension art\u00e9rielle, avec des liens de causalit\u00e9 massifs.<\/p>\n<p><span style=\"color: #008000;\">\u00c9. F.&nbsp;: Ne joue-t-on pas sur les mots&nbsp;?<\/span><\/p>\n<p>Les effets sur la sant\u00e9 sont clairs et \u00e9vidents\u2026 Il n\u2019y a aucune pol\u00e9mique sur le sujet. En m\u00eame temps, on parle beaucoup des cons\u00e9quences \u00e0 un moment o\u00f9 l\u2019on a fait des progr\u00e8s consid\u00e9rables dans le domaine de la pollution atmosph\u00e9rique&nbsp;: les normes antipollution des v\u00e9hicules se sont durcies, avec des outils d\u2019\u00e9valuation beaucoup plus fins. Paradoxalement, les filtres mis en place vont \u00e9liminer les grosses particules, mais pas les plus fines, qui ne sont peut-\u00eatre pas si anodines qu\u2019on le pense. La pollution \u00e9volue&nbsp;: elle diminue, mais elle change aussi de nature.<\/p>\n<p><span style=\"color: #008000;\">\u00c9. F.&nbsp;: Mais les mesures prises sont-elles efficaces&nbsp;?<\/span><\/p>\n<p>A. S.&nbsp;: Tout le probl\u00e8me est la dur\u00e9e de\u00a0l\u2019exposition \u00e0 la pollution. Certes, des r\u00e9glementations sont d\u00e9cid\u00e9es par les pouvoirs publics et de nouvelles normes europ\u00e9ennes sont \u00e9dict\u00e9es, mais il ne faut pas oublier que celles-ci, comme l\u2019interdiction des poids lourds dans les centres-villes ou la limitation de vitesse, n\u2019auront d\u2019effet sur la sant\u00e9 que plusieurs ann\u00e9es apr\u00e8s leur entr\u00e9e en vigueur.<\/p>\n<p><span style=\"color: #008000;\">\u00c9. F.&nbsp;: Certains critiquent le discours de peur aliment\u00e9 par le\u00a0nombre de morts li\u00e9s \u00e0 la pollution\u2026<\/span><\/p>\n<p>A. S.&nbsp;: L\u2019utilisation de l\u2019augmentation des morts dans le but de les mettre en concurrence avec d\u2019autres risques sanitaires n\u2019est pas tr\u00e8s sain. Cela provoque de la confusion. Ce rapprochement semble renvoyer \u00e0 des situations identiques, avec simplement des niveaux d\u2019\u00e9chelles diff\u00e9rents. Ce n\u2019est pas le cas. R\u00e9cemment, l\u2019actualit\u00e9 nous a confront\u00e9s \u00e0 un cas d\u2019\u00e9cole avec la pollution li\u00e9e aux feux de chemin\u00e9es. Certes, celle-ci existe, mais elle demeure marginale en\u00a0termes sanitaires. Autre exemple avec le tabac&nbsp;: dans la lutte contre le tabagisme, on sait ce qu\u2019il faut faire et cela renvoie principalement \u00e0 des modifications de comportements individuels.<\/p>\n<p>La lutte contre la pollution, en revanche, ne les concerne que marginalement. Ce sont les politiques publiques qui sont en cause. Evoquer syst\u00e9matiquement la pollution et les d\u00e9c\u00e8s pr\u00e9matur\u00e9s engendre un risque de tout m\u00e9langer et, au final, de d\u00e9responsabilisation individuelle. Encore une fois, si les liens de causalit\u00e9 sont clairs, coh\u00e9rents, et le danger bien r\u00e9el, il y a une utilisation malsaine des chiffres. La vraie difficult\u00e9 tient \u00e0 ce que les pollutions environnementales ne d\u00e9pendent pas de l\u2019individu.<\/p>\n<\/div>\n<\/div>\n","protected":false},"excerpt":{"rendered":"<p>Alfred Spira interview\u00e9 par \u00c9ric Favereau. Lib\u00e9ration du jour Alfred Spira, \u00e9pid\u00e9miologiste qui a longtemps \u00e9tudi\u00e9 les\u00a0effets des \u00e9missions de particules sur\u00a0la\u00a0sant\u00e9, estime que la\u00a0surmortalit\u00e9 ne peut pas \u00eatre attribu\u00e9e \u00e0 un seul facteur. En France, la pollution de l\u2019atmosph\u00e8re serait responsable de 42 000\u00a0morts pr\u00e9matur\u00e9es par an, selon des donn\u00e9es de l\u2019Organisation mondiale de &hellip; <a href=\"http:\/\/lantb.net\/figure\/?p=691\" class=\"more-link\">Continuer la lecture de <span class=\"screen-reader-text\">Alfred Spira. La pollution diminue mais elle change de nature<\/span><\/a><\/p>\n","protected":false},"author":1,"featured_media":0,"comment_status":"closed","ping_status":"closed","sticky":false,"template":"","format":"standard","meta":{"footnotes":""},"categories":[4,5],"tags":[],"class_list":["post-691","post","type-post","status-publish","format-standard","hentry","category-green-attitude","category-reader"],"_links":{"self":[{"href":"http:\/\/lantb.net\/figure\/index.php?rest_route=\/wp\/v2\/posts\/691","targetHints":{"allow":["GET"]}}],"collection":[{"href":"http:\/\/lantb.net\/figure\/index.php?rest_route=\/wp\/v2\/posts"}],"about":[{"href":"http:\/\/lantb.net\/figure\/index.php?rest_route=\/wp\/v2\/types\/post"}],"author":[{"embeddable":true,"href":"http:\/\/lantb.net\/figure\/index.php?rest_route=\/wp\/v2\/users\/1"}],"replies":[{"embeddable":true,"href":"http:\/\/lantb.net\/figure\/index.php?rest_route=%2Fwp%2Fv2%2Fcomments&post=691"}],"version-history":[{"count":9,"href":"http:\/\/lantb.net\/figure\/index.php?rest_route=\/wp\/v2\/posts\/691\/revisions"}],"predecessor-version":[{"id":701,"href":"http:\/\/lantb.net\/figure\/index.php?rest_route=\/wp\/v2\/posts\/691\/revisions\/701"}],"wp:attachment":[{"href":"http:\/\/lantb.net\/figure\/index.php?rest_route=%2Fwp%2Fv2%2Fmedia&parent=691"}],"wp:term":[{"taxonomy":"category","embeddable":true,"href":"http:\/\/lantb.net\/figure\/index.php?rest_route=%2Fwp%2Fv2%2Fcategories&post=691"},{"taxonomy":"post_tag","embeddable":true,"href":"http:\/\/lantb.net\/figure\/index.php?rest_route=%2Fwp%2Fv2%2Ftags&post=691"}],"curies":[{"name":"wp","href":"https:\/\/api.w.org\/{rel}","templated":true}]}}