{"id":6749,"date":"2020-10-22T10:45:09","date_gmt":"2020-10-22T09:45:09","guid":{"rendered":"http:\/\/lantb.net\/figure\/?p=6749"},"modified":"2021-05-10T22:58:41","modified_gmt":"2021-05-10T21:58:41","slug":"francesco-derrico-la-faute-des-civilisations","status":"publish","type":"post","link":"http:\/\/lantb.net\/figure\/?p=6749","title":{"rendered":"Francesco d\u2019Errico. La faute des civilisations"},"content":{"rendered":"<p><a href=\"http:\/\/lantb.net\/figure\/wp-content\/uploads\/2021\/04\/661AD73A-C4B4-4297-A626-33A31ED42681.png\"><img loading=\"lazy\" decoding=\"async\" class=\"alignnone size-full wp-image-6755\" src=\"http:\/\/lantb.net\/figure\/wp-content\/uploads\/2021\/04\/661AD73A-C4B4-4297-A626-33A31ED42681.png\" alt=\"\" width=\"2688\" height=\"1242\" srcset=\"http:\/\/lantb.net\/figure\/wp-content\/uploads\/2021\/04\/661AD73A-C4B4-4297-A626-33A31ED42681.png 2688w, http:\/\/lantb.net\/figure\/wp-content\/uploads\/2021\/04\/661AD73A-C4B4-4297-A626-33A31ED42681-300x139.png 300w, http:\/\/lantb.net\/figure\/wp-content\/uploads\/2021\/04\/661AD73A-C4B4-4297-A626-33A31ED42681-640x296.png 640w, http:\/\/lantb.net\/figure\/wp-content\/uploads\/2021\/04\/661AD73A-C4B4-4297-A626-33A31ED42681-768x355.png 768w, http:\/\/lantb.net\/figure\/wp-content\/uploads\/2021\/04\/661AD73A-C4B4-4297-A626-33A31ED42681-1536x710.png 1536w, http:\/\/lantb.net\/figure\/wp-content\/uploads\/2021\/04\/661AD73A-C4B4-4297-A626-33A31ED42681-2048x946.png 2048w, http:\/\/lantb.net\/figure\/wp-content\/uploads\/2021\/04\/661AD73A-C4B4-4297-A626-33A31ED42681-150x69.png 150w\" sizes=\"auto, (max-width: 2688px) 100vw, 2688px\" \/><\/a><a href=\"http:\/\/lantb.net\/figure\/wp-content\/uploads\/2021\/04\/7663D344-83FE-47CF-A6C1-D3B63910DC7A.png\"><img loading=\"lazy\" decoding=\"async\" class=\"alignnone size-full wp-image-6754\" src=\"http:\/\/lantb.net\/figure\/wp-content\/uploads\/2021\/04\/7663D344-83FE-47CF-A6C1-D3B63910DC7A.png\" alt=\"\" width=\"2688\" height=\"1242\" srcset=\"http:\/\/lantb.net\/figure\/wp-content\/uploads\/2021\/04\/7663D344-83FE-47CF-A6C1-D3B63910DC7A.png 2688w, http:\/\/lantb.net\/figure\/wp-content\/uploads\/2021\/04\/7663D344-83FE-47CF-A6C1-D3B63910DC7A-300x139.png 300w, http:\/\/lantb.net\/figure\/wp-content\/uploads\/2021\/04\/7663D344-83FE-47CF-A6C1-D3B63910DC7A-640x296.png 640w, http:\/\/lantb.net\/figure\/wp-content\/uploads\/2021\/04\/7663D344-83FE-47CF-A6C1-D3B63910DC7A-768x355.png 768w, http:\/\/lantb.net\/figure\/wp-content\/uploads\/2021\/04\/7663D344-83FE-47CF-A6C1-D3B63910DC7A-1536x710.png 1536w, http:\/\/lantb.net\/figure\/wp-content\/uploads\/2021\/04\/7663D344-83FE-47CF-A6C1-D3B63910DC7A-2048x946.png 2048w, http:\/\/lantb.net\/figure\/wp-content\/uploads\/2021\/04\/7663D344-83FE-47CF-A6C1-D3B63910DC7A-150x69.png 150w\" sizes=\"auto, (max-width: 2688px) 100vw, 2688px\" \/><\/a>*<\/p>\n<p>Dans le cadre du colloque de rentr\u00e9e 2020 du Coll\u00e8ge de France \u00ab Civilisations&nbsp;: questionner l\u2019identit\u00e9 et la diversit\u00e9 \u00bb.<br \/>\n<a href=\"https:\/\/www.college-de-france.fr\/site\/colloque-2020\/index.htm\">https:\/\/www.college-de-france.fr\/site\/colloque-2020\/index.htm<\/a><\/p>\n<p>Communication de Francesco d\u2019Errico&nbsp;: \u00ab La faute des civilisations \u00bb<\/p>\n<p>* ci-dessus deux slides successives \u00e0 [19:00] du d\u00e9but de la communication, images \u00e0 charge contre l&rsquo;arch\u00e9ologue Gustave Kossinna et sa formule autochtoniste\u00a0embl\u00e9matique&nbsp;:\u00a0\u00abUn pot, un peuple\u00bb contredite par la carte du territoire culturel de la\u00a0<em>Corded Ware<\/em><em>,\u00a0<\/em>la\u00a0culture de la <em>c\u00e9ramique cord\u00e9e<\/em> qui \u00ab\u00a0doit son nom \u00e0 ses poteries d\u00e9cor\u00e9es par impression de cordelettes sur l&rsquo;argile crue (avant cuisson) [slide 2]. Elle s\u2019\u00e9tendit sur tout le nord de l&rsquo;Europe\u00a0continentale, de la Russie\u00a0au nord-est de la France\u00a0en passant par la Scandinavie m\u00e9ridionale (o\u00f9 elle est d\u00e9sign\u00e9e comme culture des tombes individuelles, <i>Einzelgrabkultur<\/i>, et plus au nord comme \u00ab\u00a0culture des haches de combat\u00a0\u00bb).\u00a0Elle conn\u00fbt une migration de populations importantes venues de l&rsquo;Est, devant leur ascendance \u00e0 la <a title=\"Culture Yamna\" href=\"https:\/\/fr.wikipedia.org\/wiki\/Culture_Yamna\">culture Yamna<\/a>.\u00bb (wikipedia)<\/p>\n<p><a href=\"https:\/\/www.college-de-france.fr\/site\/colloque-2020\/symposium-2020-10-22-10h45.htm\">https:\/\/www.college-de-france.fr\/site\/colloque-2020\/symposium-2020-10-22-10h45.htm<\/a><\/p>\n<p>R\u00e9sum\u00e9 de la communication&nbsp;:<\/p>\n<p>\u00ab Pour le pr\u00e9historien que je suis, <span style=\"color: #339966;\">le mot \u00ab\u00a0civilisation\u00a0\u00bb est quelque peu d\u00e9rangeant.<\/span> On aura sans doute une sensation de d\u00e9j\u00e0 vu en lisant \u00e0 propos des civilisations \u00e9gyptiennes et azt\u00e8ques, on acceptera de bon gr\u00e9 les arguments de ceux qui nous parlent de civilisation <a href=\"https:\/\/fr.wikipedia.org\/wiki\/Culture_de_la_c\u00e9ramique_cardiale\">cardiale<\/a> ou magdal\u00e9nienne mais on sera interloqu\u00e9 par des coll\u00e8gues qui voudraient nous faire croire \u00e0 une civilisation n\u00e9andertalienne et m\u00eame choqu\u00e9 par ceux qui nous imposeraient une civilisation australopith\u00e8que ou chimpanz\u00e9. Pourquoi une civilisation chinoise irait de soi mais celle des San du Kalahari nous poserait probl\u00e8me\u00a0? La raison du d\u00e9rangement tient au premier\u00a0abord aux nombreuses utilisations nationalistes, imp\u00e9rialistes et colonialistes du mot, source de pr\u00e9judices plus vifs qu\u2019on pourrait le croire dans l\u2019imaginaire collectif. Ne sommes-nous pas entour\u00e9s de concitoyens qui croient \u00e0 la supr\u00e9matie mondiale de la cuisine fran\u00e7aise, fleuron de la \u00ab\u00a0civilisation fran\u00e7aise\u00a0\u00bb\u00a0? Pour le chercheur, le d\u00e9rangement vient de l\u2019incapacit\u00e9 du mot \u00e0 se lib\u00e9rer de sa nature dichotomique, de sa propension, en somme, \u00e0 cr\u00e9er une fronti\u00e8re entre les membres ou assimil\u00e9s et les autres, entre un avant et un apr\u00e8s. D\u00e9finitions et mises en garde ne suffisent pas pour parer l\u2019effet barri\u00e8re que le mot entra\u00eene in\u00e9vitablement. Les recherches sur l\u2019\u00e9volution humaine ont \u00e9t\u00e9 longtemps victimes de ce paradigme. On a cru qu\u2019une r\u00e9volution biologique et culturelle aurait cr\u00e9\u00e9 les conditions n\u00e9cessaires \u00e0 la naissance des civilisations. On se rend compte de plus en plus que cette vision nous a emp\u00each\u00e9s de comprendre les processus culturels et biologiques qui ont forg\u00e9 sur le long terme les cultures humaines et leur place dans la nature. \u00bb<\/p>\n<p>&nbsp;<\/p>\n<p>&nbsp;<\/p>\n","protected":false},"excerpt":{"rendered":"<p>* Dans le cadre du colloque de rentr\u00e9e 2020 du Coll\u00e8ge de France \u00ab Civilisations&nbsp;: questionner l\u2019identit\u00e9 et la diversit\u00e9 \u00bb. https:\/\/www.college-de-france.fr\/site\/colloque-2020\/index.htm Communication de Francesco d\u2019Errico&nbsp;: \u00ab La faute des civilisations \u00bb * ci-dessus deux slides successives \u00e0 [19:00] du d\u00e9but de la communication, images \u00e0 charge contre l&rsquo;arch\u00e9ologue Gustave Kossinna et sa formule autochtoniste\u00a0embl\u00e9matique&nbsp;:\u00a0\u00abUn &hellip; <a href=\"http:\/\/lantb.net\/figure\/?p=6749\" class=\"more-link\">Continuer la lecture de <span class=\"screen-reader-text\">Francesco d\u2019Errico. La faute des civilisations<\/span><\/a><\/p>\n","protected":false},"author":1,"featured_media":0,"comment_status":"closed","ping_status":"closed","sticky":false,"template":"","format":"standard","meta":{"footnotes":""},"categories":[83,71,1,5],"tags":[],"class_list":["post-6749","post","type-post","status-publish","format-standard","hentry","category-anthropologie","category-ceramique","category-non-classe","category-reader"],"_links":{"self":[{"href":"http:\/\/lantb.net\/figure\/index.php?rest_route=\/wp\/v2\/posts\/6749","targetHints":{"allow":["GET"]}}],"collection":[{"href":"http:\/\/lantb.net\/figure\/index.php?rest_route=\/wp\/v2\/posts"}],"about":[{"href":"http:\/\/lantb.net\/figure\/index.php?rest_route=\/wp\/v2\/types\/post"}],"author":[{"embeddable":true,"href":"http:\/\/lantb.net\/figure\/index.php?rest_route=\/wp\/v2\/users\/1"}],"replies":[{"embeddable":true,"href":"http:\/\/lantb.net\/figure\/index.php?rest_route=%2Fwp%2Fv2%2Fcomments&post=6749"}],"version-history":[{"count":13,"href":"http:\/\/lantb.net\/figure\/index.php?rest_route=\/wp\/v2\/posts\/6749\/revisions"}],"predecessor-version":[{"id":6757,"href":"http:\/\/lantb.net\/figure\/index.php?rest_route=\/wp\/v2\/posts\/6749\/revisions\/6757"}],"wp:attachment":[{"href":"http:\/\/lantb.net\/figure\/index.php?rest_route=%2Fwp%2Fv2%2Fmedia&parent=6749"}],"wp:term":[{"taxonomy":"category","embeddable":true,"href":"http:\/\/lantb.net\/figure\/index.php?rest_route=%2Fwp%2Fv2%2Fcategories&post=6749"},{"taxonomy":"post_tag","embeddable":true,"href":"http:\/\/lantb.net\/figure\/index.php?rest_route=%2Fwp%2Fv2%2Ftags&post=6749"}],"curies":[{"name":"wp","href":"https:\/\/api.w.org\/{rel}","templated":true}]}}