{"id":6489,"date":"2021-02-04T01:50:11","date_gmt":"2021-02-04T00:50:11","guid":{"rendered":"http:\/\/lantb.net\/figure\/?p=6489"},"modified":"2021-02-04T02:07:07","modified_gmt":"2021-02-04T01:07:07","slug":"laurence-girard-agro-alimentaire","status":"publish","type":"post","link":"http:\/\/lantb.net\/figure\/?p=6489","title":{"rendered":"Laurence Girard. Agro-alimentaire. Instructif"},"content":{"rendered":"<p class=\"p1\"><span class=\"s1\">Agroalimentaire\u00a0: les coop\u00e9ratives <span style=\"color: #ff00ff;\">InVivo<\/span> veulent acqu\u00e9rir le c\u00e9r\u00e9alier <span style=\"color: #ff00ff;\">Soufflet<\/span> in <i>Le<\/i>\u00a0<i>Monde<\/i>\u00a0<\/span><\/p>\n<p class=\"p1\"><span class=\"s1\">Pour le ministre de l\u2019\u00e9conomie, Bruno Le Maire, \u00ab\u00a0la constitution de cet ensemble serait une chance pour la France et l\u2019agriculture fran\u00e7aise\u00a0\u00bb<\/span><\/p>\n<p class=\"p2\"><span class=\"s2\">Grand chambardement sur le march\u00e9 c\u00e9r\u00e9alier fran\u00e7ais. L\u2019union de coop\u00e9ratives agricoles <span style=\"color: #ff00ff;\">InVivo<\/span> a annonc\u00e9, mercredi 13\u00a0janvier, \u00eatre entr\u00e9e en n\u00e9gociations exclusives pour reprendre 100\u00a0% du capital du groupe c\u00e9r\u00e9alier <span style=\"color: #ff00ff;\">Soufflet<\/span>. Si l\u2019affaire se conclut, elle donnera naissance \u00e0 un ensemble pesant pr\u00e8s de <span style=\"color: #00ccff;\">10\u00a0milliards d\u2019euros de chiffre d\u2019affaires<\/span>, dont la moiti\u00e9 \u00e0 l\u2019international, et employant 12\u00a0500\u00a0salari\u00e9s. <span style=\"color: #ff00ff;\">Pr\u00e9sent des semences \u00e0 la distribution avec les enseignes <span style=\"color: #339966;\">Jardiland<\/span> et <span style=\"color: #339966;\">Gamm Vert<\/span>, en passant par la collecte et le n\u00e9goce de c\u00e9r\u00e9ales, la meunerie, la boulangerie industrielle, mais aussi la malterie.<\/span><\/span><\/p>\n<p class=\"p2\"><span class=\"s2\"><span style=\"color: #ff00ff;\">Soufflet<\/span>, install\u00e9e \u00e0 Nogent-sur-Seine (Aube) depuis sa cr\u00e9ation, en\u00a01900, est une soci\u00e9t\u00e9 familiale peu connue du grand public. Pourtant, elle poss\u00e8de des marques embl\u00e9matiques comme les boutiques <span style=\"color: #ff00ff;\">Pomme de pin<\/span> ou <span style=\"color: #ff00ff;\">Neuhauser<\/span>. Partant de ses racines meuni\u00e8res, elle s\u2019est d\u00e9velopp\u00e9e \u00e0 l\u2019international dans le n\u00e9goce de grains, la boulangerie et la malterie, o\u00f9 elle revendique une place dans le Top 3 mondial. En\u00a02020, son chiffre d\u2019affaires a atteint 4,9\u00a0milliards d\u2019euros. Fid\u00e8le \u00e0 sa r\u00e9putation de discr\u00e9tion, le groupe, qui emploie 6\u00a0800\u00a0personnes dans 19\u00a0pays, ne communique pas le montant de son b\u00e9n\u00e9fice.<\/span><\/p>\n<p class=\"p2\"><span class=\"s2\">Sans h\u00e9ritier direct<\/span><\/p>\n<p class=\"p2\"><span class=\"s2\">De m\u00eame, Michel Soufflet, pr\u00e9sident du conseil de surveillance du groupe, et son fils, Jean-Michel Soufflet, pr\u00e9sident du directoire, ne souhaitent pas divulguer le montant de la transaction. Sans h\u00e9ritier direct pour prendre leur suite dans l\u2019entreprise, ils ont d\u00e9cid\u00e9 de chercher un repreneur. A l\u2019issue de ce processus, <span style=\"color: #ff00ff;\">InVivo<\/span>, entr\u00e9e en discussions en septembre\u00a02020, s\u2019est impos\u00e9e. \u00ab\u00a0En nous rapprochant d\u2019InVivo, notre groupe familial trouverait une solution franco-fran\u00e7aise pour p\u00e9renniser son identit\u00e9, assurer la continuit\u00e9 de ses activit\u00e9s et pr\u00e9server son ancrage nogentais et sa pr\u00e9sence r\u00e9gionale\u00a0\u00bb, affirme Jean-Michel Soufflet cit\u00e9 dans le communiqu\u00e9.<\/span><\/p>\n<p class=\"p2\"><span class=\"s2\">InVivo, dont le directeur g\u00e9n\u00e9ral est Thierry Blandini\u00e8res, s\u2019est en effet engag\u00e9 \u00e0 maintenir la marque Soufflet, \u00e0 garder les cadres dirigeants et \u00e0 pr\u00e9server les effectifs. \u00ab\u00a0Pas de plans sociaux\u00a0\u00bb, c\u2019est le message qui a \u00e9t\u00e9 livr\u00e9 aux instances repr\u00e9sentatives respectives du personnel inform\u00e9es du projet mercredi.<\/span><\/p>\n<p class=\"p2\"><span class=\"s2\">Si les deux groupes mettent en avant leur compl\u00e9mentarit\u00e9, il y a tout de m\u00eame une zone de recouvrement dans le secteur du n\u00e9goce de grains. Dans le domaine de la logistique c\u00e9r\u00e9ali\u00e8re, a contrario, les pi\u00e8ces du puzzle co\u00efncident bien. Quand <span style=\"color: #ff00ff;\">Soufflet<\/span> a ses silos dans les ports de La\u00a0Rochelle et de Rouen, ceux <span style=\"color: #ff00ff;\">d\u2019InVivo<\/span> sont implant\u00e9s \u00e0 Nantes et Bordeaux.<\/span><\/p>\n<p class=\"p2\"><span class=\"s2\">Avec cette op\u00e9ration, l\u2019union de coop\u00e9ratives n\u00e9gocie un virage strat\u00e9gique majeur. Lors de son dernier exercice fiscal clos en septembre\u00a02020, exceptionnellement d\u00e9cal\u00e9, et donc correspondant \u00e0 quinze mois d\u2019activit\u00e9, son chiffre d\u2019affaires est estim\u00e9 \u00e0 5,2\u00a0milliards d\u2019euros. Soit un niveau quasi similaire \u00e0 celui de 2019. Le r\u00e9sultat net, lui, est en fort recul \u00e0 10\u00a0millions d\u2019euros. Mais InVivo met en avant sa bonne sant\u00e9 financi\u00e8re.<\/span><\/p>\n<p class=\"p2\"><span class=\"s2\">En\u00a02018, elle a c\u00e9d\u00e9 sa filiale <span style=\"color: #ff00ff;\">Neovia<\/span>, fleuron fran\u00e7ais de la nutrition animale \u00e0 l\u2019am\u00e9ricain <span style=\"color: #ff00ff;\">ADM<\/span> pour pr\u00e8s de 1,5\u00a0milliard d\u2019euros. Ce qui lui a permis de faire passer ses fonds propres \u00e0 un montant proche du milliard et de se d\u00e9sendetter. En parall\u00e8le, <span style=\"color: #ff00ff;\">InVivo<\/span> avait repris l\u2019enseigne <span style=\"color: #ff00ff;\">Jardiland<\/span>, soucieux de se d\u00e9velopper dans le secteur de la distribution.<\/span><\/p>\n<p class=\"p2\"><span class=\"s2\">L\u2019union de coop\u00e9ratives compte sur sa marge de man\u0153uvre financi\u00e8re pour financer le rachat de <span style=\"color: #ff00ff;\">Soufflet<\/span>. Les deux parties esp\u00e8rent boucler l\u2019op\u00e9ration avant la fin de l\u2019ann\u00e9e. Une op\u00e9ration salu\u00e9e, mercredi, par Bruno Le Maire, le ministre de l\u2019\u00e9conomie, pour qui \u00ab\u00a0la constitution de cet ensemble serait une chance pour la France et l\u2019agriculture fran\u00e7aise\u00a0\u00bb. A l\u2019issue, <span style=\"color: #ff00ff;\">InVivo<\/span> reprendrait la t\u00eate du classement des coop\u00e9ratives fran\u00e7aises. Le premier rang lui ayant \u00e9t\u00e9 disput\u00e9 depuis 2018 par <span style=\"color: #ff00ff;\">Agrial<\/span>. Connue pour ses salades <span style=\"color: #ff00ff;\">Florette<\/span> et son cidre <span style=\"color: #ff00ff;\">Lo\u00efc Raison<\/span>, le groupe normand avait m\u00eame d\u00e9pass\u00e9 les 6\u00a0milliards d\u2019euros de chiffre d\u2019affaires en\u00a02019 apr\u00e8s une strat\u00e9gie d\u2019acquisitions boulimique.<\/span><\/p>\n","protected":false},"excerpt":{"rendered":"<p>Agroalimentaire\u00a0: les coop\u00e9ratives InVivo veulent acqu\u00e9rir le c\u00e9r\u00e9alier Soufflet in Le\u00a0Monde\u00a0 Pour le ministre de l\u2019\u00e9conomie, Bruno Le Maire, \u00ab\u00a0la constitution de cet ensemble serait une chance pour la France et l\u2019agriculture fran\u00e7aise\u00a0\u00bb Grand chambardement sur le march\u00e9 c\u00e9r\u00e9alier fran\u00e7ais. L\u2019union de coop\u00e9ratives agricoles InVivo a annonc\u00e9, mercredi 13\u00a0janvier, \u00eatre entr\u00e9e en n\u00e9gociations exclusives pour &hellip; <a href=\"http:\/\/lantb.net\/figure\/?p=6489\" class=\"more-link\">Continuer la lecture de <span class=\"screen-reader-text\">Laurence Girard. Agro-alimentaire. Instructif<\/span><\/a><\/p>\n","protected":false},"author":1,"featured_media":0,"comment_status":"closed","ping_status":"closed","sticky":false,"template":"","format":"standard","meta":{"footnotes":""},"categories":[83,44,5],"tags":[],"class_list":["post-6489","post","type-post","status-publish","format-standard","hentry","category-anthropologie","category-everyday-life","category-reader"],"_links":{"self":[{"href":"http:\/\/lantb.net\/figure\/index.php?rest_route=\/wp\/v2\/posts\/6489","targetHints":{"allow":["GET"]}}],"collection":[{"href":"http:\/\/lantb.net\/figure\/index.php?rest_route=\/wp\/v2\/posts"}],"about":[{"href":"http:\/\/lantb.net\/figure\/index.php?rest_route=\/wp\/v2\/types\/post"}],"author":[{"embeddable":true,"href":"http:\/\/lantb.net\/figure\/index.php?rest_route=\/wp\/v2\/users\/1"}],"replies":[{"embeddable":true,"href":"http:\/\/lantb.net\/figure\/index.php?rest_route=%2Fwp%2Fv2%2Fcomments&post=6489"}],"version-history":[{"count":4,"href":"http:\/\/lantb.net\/figure\/index.php?rest_route=\/wp\/v2\/posts\/6489\/revisions"}],"predecessor-version":[{"id":6493,"href":"http:\/\/lantb.net\/figure\/index.php?rest_route=\/wp\/v2\/posts\/6489\/revisions\/6493"}],"wp:attachment":[{"href":"http:\/\/lantb.net\/figure\/index.php?rest_route=%2Fwp%2Fv2%2Fmedia&parent=6489"}],"wp:term":[{"taxonomy":"category","embeddable":true,"href":"http:\/\/lantb.net\/figure\/index.php?rest_route=%2Fwp%2Fv2%2Fcategories&post=6489"},{"taxonomy":"post_tag","embeddable":true,"href":"http:\/\/lantb.net\/figure\/index.php?rest_route=%2Fwp%2Fv2%2Ftags&post=6489"}],"curies":[{"name":"wp","href":"https:\/\/api.w.org\/{rel}","templated":true}]}}