{"id":6473,"date":"2021-01-11T23:23:11","date_gmt":"2021-01-11T22:23:11","guid":{"rendered":"http:\/\/lantb.net\/figure\/?p=6473"},"modified":"2021-01-13T23:26:37","modified_gmt":"2021-01-13T22:26:37","slug":"le-one-planet-summit","status":"publish","type":"post","link":"http:\/\/lantb.net\/figure\/?p=6473","title":{"rendered":"Le One Planet Summit"},"content":{"rendered":"<header class=\"article-header\">\n<p class=\"article-title\">De nouveaux engagements pour prot\u00e9ger la biodiversit\u00e9<\/p>\n<p class=\"article-title\"><span class=\"sig-sup-bas\">Laurence Caramel et\u00a0<\/span><span class=\"sig-sup-bas\">\u00a0Perrine Mouterde i<\/span>n <i>Le Monde<\/i><\/p>\n<\/header>\n<div class=\"article-body\">\n<div class=\"article-intro\">\n<p>\u00ab Le One Planet Summit, organis\u00e9 par la France, est le premier rendez-vous d\u2019une ann\u00e9e cruciale pour la protection de la nature. I<span id=\"U111730522851kFD\">mpulser un \u00e9lan politique mondial pour que 2021 soit bien la \u00ab\u00a0super ann\u00e9e de la biodiversit\u00e9\u00a0\u00bb que 2020 n\u2019a pas pu \u00eatre. Telle est l\u2019ambition du One Planet Summit\u00a0organis\u00e9 par la France, dans un format mi-virtuel mi-pr\u00e9sentiel. Alors qu\u2019une nouvelle feuille de route pour prot\u00e9ger le vivant doit \u00eatre adopt\u00e9e \u00e0 la fin de l\u2019ann\u00e9e en Chine, lors de la 15<\/span><span id=\"U111730522851ptB\" class=\"sup\">e<\/span><span id=\"U111730522851TPC\"> Conf\u00e9rence des parties (COP) de la Convention de l\u2019ONU sur la diversit\u00e9 biologique, une trentaine de d\u00e9cideurs (la chanceli\u00e8re allemande, Angela Merkel, le premier ministre britannique, Boris Johnson, le premier vice-premier ministre chinois, Han Zheng, la pr\u00e9sidente de la Commission europ\u00e9enne, Ursula von der Leyen\u2026) devaient \u00e9noncer de nouveaux engagements, lundi 11\u00a0janvier.<\/span><\/p>\n<\/div>\n<div class=\"article-text\">\n<div class=\"dropcap\">\n<p id=\"U1117305228511fF\">Protection des \u00e9cosyst\u00e8mes, agro\u00e9cologie, financements et liens entre d\u00e9forestation, esp\u00e8ces et sant\u00e9\u00a0: quatre des sujets-cl\u00e9s des n\u00e9gociations visant \u00e0 \u00e9laborer le nouveau cadre mondial pour la\u00a0prochaine d\u00e9cennie sont \u00e0 l\u2019agenda de ce One Planet Summit \u2013 une initiative lanc\u00e9e en\u00a02017 par le pr\u00e9sident fran\u00e7ais, Emmanuel Macron, en partenariat avec l\u2019ONU et la Banque mondiale. <span class=\"italic\">\u00ab\u00a0Ce rendez-vous est important en termes de mobilisation politique avant le congr\u00e8s mondial de l\u2019Union internationale pour la conservation de la nature\u00a0<\/span>[pr\u00e9vu en septembre \u00e0 Marseille] <span class=\"italic\">et la COP15, <\/span>explique S\u00e9bastien Moncorps, le directeur du comit\u00e9 fran\u00e7ais de l\u2019UICN.<span class=\"italic\"> Pour obtenir un accord ambitieux fin 2021, il faut cr\u00e9er des coalitions d\u2019acteurs pour entra\u00eener les pays dans une dynamique positive.\u00a0\u00bb<\/span><\/p>\n<p id=\"U111730522851pxG\">L\u2019une de ces alliances, la Coalition de la haute ambition pour la nature, \u0153uvre \u00e0 faire adopter lors de la COP l\u2019objectif de prot\u00e9ger un tiers de la surface de la Terre d\u2019ici \u00e0 2030. Le pr\u00e9sident fran\u00e7ais, \u00e0 l\u2019origine de cette coalition avec le Costa Rica, devait annoncer de l\u2019Elys\u00e9e que cinquante Etats soutiennent d\u00e9sormais cette ambition, contre une vingtaine il y a un an.<\/p>\n<p id=\"U111730522851BnE\">C\u2019est aussi le chiffre de 30\u00a0% qui a \u00e9t\u00e9 retenu par Emmanuel Macron pour lancer une nouvelle initiative portant sur les financements. La France devait s\u2019engager \u00e0 consacrer 30\u00a0% de sa finance climat bilat\u00e9rale \u00e0 des investissements \u00e9galement b\u00e9n\u00e9fiques \u00e0 la biodiversit\u00e9 d\u2019ici \u00e0 2030, notamment par le biais des solutions fond\u00e9es sur la nature \u2013 des actions qui s\u2019appuient sur les \u00e9cosyst\u00e8mes pour lutter contre le changement climatique. Paris entend notamment appeler les autres parties \u00e0 rejoindre cette coalition lors de la COP26 pour le climat pr\u00e9vue en novembre \u00e0 Glasgow (Ecosse), et insiste sur l\u2019importance des synergies entre climat et biodiversit\u00e9.<\/p>\n<p id=\"U1117305228513mE\"><span class=\"italic\">\u00ab\u00a0Pour atteindre les objectifs climatiques, il faut agir \u00e0 la fois pour une d\u00e9carbonation massive de l\u2019\u00e9conomie, mais aussi renforcer la protection des \u00e9cosyst\u00e8mes,<\/span>explique Aleksandar Rankovic, chercheur \u00e0 l\u2019Institut du d\u00e9veloppement durable et des relations internationales. <span class=\"italic\">Maintenant que de plus en plus de dirigeants prennent au s\u00e9rieux ces questions, ils se rendent compte qu\u2019il faut des solutions syst\u00e9miques aux probl\u00e8mes du climat, de la biodiversit\u00e9, de la sant\u00e9 ou de l\u2019agriculture. L\u2019approche en silo conduit \u00e0 des impasses.\u00a0\u00bb<\/span> Trois mois apr\u00e8s le premier sommet des Nations unies sur la biodiversit\u00e9, le fait de consacrer cette 4<span class=\"sup\">e<\/span> \u00e9dition du One Planet Summit \u00e0 cette th\u00e9matique t\u00e9moigne aussi d\u2019une volont\u00e9 croissante de hisser la pr\u00e9servation de la biodiversit\u00e9 au rang des priorit\u00e9s mondiales, au m\u00eame titre que la lutte contre le d\u00e9r\u00e8glement climatique.<\/p>\n<p id=\"U111730522851P6H\">Ce rendez-vous est aussi l\u2019occasion de remettre en selle le projet de Grande Muraille verte, cet ambitieux programme de restauration \u00e9cologique au service de la lutte contre la pauvret\u00e9. Lanc\u00e9e il y a quinze ans, cette initiative panafricaine, qui regroupe onze pays de la bande sah\u00e9lienne, est le plus souvent rest\u00e9e \u00e0 l\u2019\u00e9tat de slogan en dehors du S\u00e9n\u00e9gal, de la Mauritanie ou de l\u2019Ethiopie. Selon le premier rapport d\u2019\u00e9valuation publi\u00e9 en septembre\u00a02020, qui soulignait un manque de portage politique et un pilotage d\u00e9faillant, seulement 4\u00a0millions d\u2019hectares ont \u00e9t\u00e9 am\u00e9nag\u00e9s sur les 100\u00a0millions vis\u00e9s d\u2019ici \u00e0 2030. Malgr\u00e9 ce bilan, Paris a convaincu les autres bailleurs internationaux et bilat\u00e9raux de r\u00e9affirmer leur soutien. <span class=\"italic\">\u00ab\u00a0Je ne connais pas d\u2019autre projet qui permette de cr\u00e9er 10\u00a0millions d\u2019emplois en aidant ces pays \u00e0 s\u2019adapter au changement climatique et \u00e0 am\u00e9liorer leur s\u00e9curit\u00e9 alimentaire\u00a0\u00bb<\/span>, a coutume de r\u00e9p\u00e9ter Monique Barbut, envoy\u00e9e sp\u00e9ciale du chef de l\u2019Etat pour la biodiversit\u00e9.<\/p>\n<p class=\"Papier principal-intertitre quot-actu\">\u00ab\u00a0Il faut \u00eatre proactif\u00a0\u00bb<\/p>\n<p id=\"U111730522851g3H\">Une enveloppe de quelque 10\u00a0milliards d\u2019euros sur cinq ans devait ainsi \u00eatre annonc\u00e9e avec, aux c\u00f4t\u00e9s de la Banque mondiale et de l\u2019Union europ\u00e9enne, l\u2019arriv\u00e9e du Fonds vert pour le climat parmi les principaux contributeurs. Un secr\u00e9tariat charg\u00e9 du suivi de l\u2019initiative sera cr\u00e9\u00e9 aupr\u00e8s de la Convention des Nations unies de lutte contre la d\u00e9sertification pour s\u2019assurer que, cette fois-ci, les promesses seront bien tenues.<\/p>\n<p id=\"U111730522851TtF\">En \u00e9cho \u00e0 la situation sanitaire mondiale, une nouvelle initiative de recherche-action pour la pr\u00e9vention de nouvelles pand\u00e9mies devait \u00e9galement \u00eatre lanc\u00e9e. Un programme destin\u00e9 \u00e0 devenir le bras arm\u00e9 du Haut Conseil \u00ab\u00a0Une seule sant\u00e9\u00a0\u00bb, un groupe d\u2019experts internationaux lanc\u00e9 en novembre\u00a02020. Pr\u00e8s de 350\u00a0millions d\u2019euros devraient \u00eatre consacr\u00e9s \u00e0 ce projet, auquel participent les instituts de recherche fran\u00e7ais et qui doit permettre d\u2019am\u00e9liorer les r\u00e9seaux de surveillance \u00e9pid\u00e9miologique ou de former des personnels capables d\u2019identifier les \u00e9mergences de zoonoses. <span id=\"U111730522851Y0F\" class=\"italic\">\u00ab\u00a0Le rapport de la Plate-forme intergouvernementale scientifique et politique\u00a0sur la biodiversit\u00e9 a soulign\u00e9 le\u00a0consensus scientifique sur les liens entre pand\u00e9mies et \u00e9rosion de la biodiversit\u00e9,<\/span> pr\u00e9cise Benjamin Roche, biologiste \u00e0 l\u2019Institut de recherche pour le d\u00e9veloppement. <span class=\"italic\">Il faut \u00eatre proactif et voir comment on peut pr\u00e9venir ces pand\u00e9mies.\u00a0\u00bb<\/span><\/p>\n<p id=\"U111730522851UOH\" class=\"puce\">Sur le plan national, le Fonds mondial pour la nature (WWF) esp\u00e9rait que l\u2019accueil de ce sommet <span class=\"italic\">\u00ab\u00a0soit l\u2019occasion pour le pr\u00e9sident fran\u00e7ais de trouver un nouvel \u00e9lan pour la nature\u00a0\u00bb<\/span>. <span class=\"italic\">\u00ab\u00a0A l\u2019heure actuelle, la France continue par exemple d\u2019importer du soja br\u00e9silien sans garantie, contribuant \u00e0 la d\u00e9forestation, qui elle-m\u00eame alimente les risques de propagation des zoonoses\u00a0\u00bb<\/span>, a rappel\u00e9 sa directrice g\u00e9n\u00e9rale, V\u00e9ronique Andrieux, en appelant \u00e0 l\u2019adoption d\u2019une l\u00e9gislation europ\u00e9enne contraignante sur la d\u00e9forestation import\u00e9e. Des organisations de la soci\u00e9t\u00e9 civile s\u2019inqui\u00e8tent de leur c\u00f4t\u00e9 des <span class=\"italic\">\u00ab\u00a0faiblesses\u00a0\u00bb<\/span> du projet de strat\u00e9gie nationale des aires prot\u00e9g\u00e9es, critiqu\u00e9 pour son manque d\u2019objectifs qualitatifs et de moyens. Pr\u00e9vu \u00e0 l\u2019automne 2020, ce document n\u2019a finalement pas \u00e9t\u00e9 publi\u00e9 avant le sommet. \u00bb<\/p>\n<\/div>\n<\/div>\n<\/div>\n","protected":false},"excerpt":{"rendered":"<p>De nouveaux engagements pour prot\u00e9ger la biodiversit\u00e9 Laurence Caramel et\u00a0\u00a0Perrine Mouterde in Le Monde \u00ab Le One Planet Summit, organis\u00e9 par la France, est le premier rendez-vous d\u2019une ann\u00e9e cruciale pour la protection de la nature. Impulser un \u00e9lan politique mondial pour que 2021 soit bien la \u00ab\u00a0super ann\u00e9e de la biodiversit\u00e9\u00a0\u00bb que 2020 n\u2019a &hellip; <a href=\"http:\/\/lantb.net\/figure\/?p=6473\" class=\"more-link\">Continuer la lecture de <span class=\"screen-reader-text\">Le One Planet Summit<\/span><\/a><\/p>\n","protected":false},"author":1,"featured_media":0,"comment_status":"closed","ping_status":"closed","sticky":false,"template":"","format":"standard","meta":{"footnotes":""},"categories":[44,4,5],"tags":[],"class_list":["post-6473","post","type-post","status-publish","format-standard","hentry","category-everyday-life","category-green-attitude","category-reader"],"_links":{"self":[{"href":"http:\/\/lantb.net\/figure\/index.php?rest_route=\/wp\/v2\/posts\/6473","targetHints":{"allow":["GET"]}}],"collection":[{"href":"http:\/\/lantb.net\/figure\/index.php?rest_route=\/wp\/v2\/posts"}],"about":[{"href":"http:\/\/lantb.net\/figure\/index.php?rest_route=\/wp\/v2\/types\/post"}],"author":[{"embeddable":true,"href":"http:\/\/lantb.net\/figure\/index.php?rest_route=\/wp\/v2\/users\/1"}],"replies":[{"embeddable":true,"href":"http:\/\/lantb.net\/figure\/index.php?rest_route=%2Fwp%2Fv2%2Fcomments&post=6473"}],"version-history":[{"count":3,"href":"http:\/\/lantb.net\/figure\/index.php?rest_route=\/wp\/v2\/posts\/6473\/revisions"}],"predecessor-version":[{"id":6476,"href":"http:\/\/lantb.net\/figure\/index.php?rest_route=\/wp\/v2\/posts\/6473\/revisions\/6476"}],"wp:attachment":[{"href":"http:\/\/lantb.net\/figure\/index.php?rest_route=%2Fwp%2Fv2%2Fmedia&parent=6473"}],"wp:term":[{"taxonomy":"category","embeddable":true,"href":"http:\/\/lantb.net\/figure\/index.php?rest_route=%2Fwp%2Fv2%2Fcategories&post=6473"},{"taxonomy":"post_tag","embeddable":true,"href":"http:\/\/lantb.net\/figure\/index.php?rest_route=%2Fwp%2Fv2%2Ftags&post=6473"}],"curies":[{"name":"wp","href":"https:\/\/api.w.org\/{rel}","templated":true}]}}