{"id":6336,"date":"2020-11-01T00:03:37","date_gmt":"2020-10-31T23:03:37","guid":{"rendered":"http:\/\/lantb.net\/figure\/?p=6336"},"modified":"2020-11-01T08:45:32","modified_gmt":"2020-11-01T07:45:32","slug":"mars-1985-de-la-mere-a-lenfant","status":"publish","type":"post","link":"http:\/\/lantb.net\/figure\/?p=6336","title":{"rendered":"Mars 1985. \u00abDe la m\u00e8re \u00e0 l\u2019enfant\u2026\u00bb"},"content":{"rendered":"<h2><a href=\"http:\/\/lantb.net\/figure\/wp-content\/uploads\/2020\/11\/C3ED35F5-7893-460F-97E9-389F5FAE11F4.jpeg\"><img loading=\"lazy\" decoding=\"async\" class=\"alignnone wp-image-6339\" src=\"http:\/\/lantb.net\/figure\/wp-content\/uploads\/2020\/11\/C3ED35F5-7893-460F-97E9-389F5FAE11F4.jpeg\" alt=\"\" width=\"640\" height=\"774\" srcset=\"http:\/\/lantb.net\/figure\/wp-content\/uploads\/2020\/11\/C3ED35F5-7893-460F-97E9-389F5FAE11F4.jpeg 1066w, http:\/\/lantb.net\/figure\/wp-content\/uploads\/2020\/11\/C3ED35F5-7893-460F-97E9-389F5FAE11F4-248x300.jpeg 248w, http:\/\/lantb.net\/figure\/wp-content\/uploads\/2020\/11\/C3ED35F5-7893-460F-97E9-389F5FAE11F4-768x929.jpeg 768w, http:\/\/lantb.net\/figure\/wp-content\/uploads\/2020\/11\/C3ED35F5-7893-460F-97E9-389F5FAE11F4-529x640.jpeg 529w, http:\/\/lantb.net\/figure\/wp-content\/uploads\/2020\/11\/C3ED35F5-7893-460F-97E9-389F5FAE11F4-124x150.jpeg 124w\" sizes=\"auto, (max-width: 640px) 100vw, 640px\" \/><\/a><\/h2>\n<p><span style=\"font-family: Verdana, Helvetica, Arial, sans-serif; font-size: 12.15999984741211px;\">Pola \u00a0printemps 1985. 93 bis<\/span><\/p>\n<div class=\"entry\">\n<p><a href=\"http:\/\/lantb.net\/figure\/wp-content\/uploads\/2020\/11\/3D08D016-ABEB-4FED-A12B-2A2DFE8C2447.jpeg\"><img loading=\"lazy\" decoding=\"async\" class=\"size-full wp-image-6340\" src=\"http:\/\/lantb.net\/figure\/wp-content\/uploads\/2020\/11\/3D08D016-ABEB-4FED-A12B-2A2DFE8C2447.jpeg\" alt=\"\" width=\"1233\" height=\"649\" srcset=\"http:\/\/lantb.net\/figure\/wp-content\/uploads\/2020\/11\/3D08D016-ABEB-4FED-A12B-2A2DFE8C2447.jpeg 1233w, http:\/\/lantb.net\/figure\/wp-content\/uploads\/2020\/11\/3D08D016-ABEB-4FED-A12B-2A2DFE8C2447-300x158.jpeg 300w, http:\/\/lantb.net\/figure\/wp-content\/uploads\/2020\/11\/3D08D016-ABEB-4FED-A12B-2A2DFE8C2447-768x404.jpeg 768w, http:\/\/lantb.net\/figure\/wp-content\/uploads\/2020\/11\/3D08D016-ABEB-4FED-A12B-2A2DFE8C2447-640x337.jpeg 640w, http:\/\/lantb.net\/figure\/wp-content\/uploads\/2020\/11\/3D08D016-ABEB-4FED-A12B-2A2DFE8C2447-150x79.jpeg 150w\" sizes=\"auto, (max-width: 1233px) 100vw, 1233px\" \/><\/a><\/p>\n<p>\u00abDe la m\u00e8re \u00e0 l\u2019enfant il rendit les tendresses<br \/>\nDe l\u2019enfant \u00e0 la m\u00e8re il rendit les caresses&nbsp;!<br \/>\nDe l\u2019homme \u00e0 sa naissance, il fut le bienfaiteur,<br \/>\nEt le rendit plus libre afin qu\u2019il fut meilleur&nbsp;! \u00bb<\/p>\n<p>Estampage d\u2019une partie de ce texte \u2014 \u00e9loge de Rousseau\u2014, grav\u00e9 sur la pierre\u00a0 dress\u00e9e \u00e0 c\u00f4t\u00e9 de la Table des m\u00e8res, parc \u00e0 l\u2019anglaise du Chateau du Marquis de Girardin \u00e0 Ermenonville.<\/p>\n<p><small>\u00a0publi\u00e9 pour la premi\u00e8re fois \u00a0le jeudi 21 mai 2009 \u00e0 16 h 11 min dans <i>\u00fcbersicht<\/i><\/small><\/p>\n<\/div>\n","protected":false},"excerpt":{"rendered":"<p>Pola \u00a0printemps 1985. 93 bis \u00abDe la m\u00e8re \u00e0 l\u2019enfant il rendit les tendresses De l\u2019enfant \u00e0 la m\u00e8re il rendit les caresses&nbsp;! De l\u2019homme \u00e0 sa naissance, il fut le bienfaiteur, Et le rendit plus libre afin qu\u2019il fut meilleur&nbsp;! \u00bb Estampage d\u2019une partie de ce texte \u2014 \u00e9loge de Rousseau\u2014, grav\u00e9 sur la &hellip; <a href=\"http:\/\/lantb.net\/figure\/?p=6336\" class=\"more-link\">Continuer la lecture de <span class=\"screen-reader-text\">Mars 1985. \u00abDe la m\u00e8re \u00e0 l\u2019enfant\u2026\u00bb<\/span><\/a><\/p>\n","protected":false},"author":1,"featured_media":0,"comment_status":"closed","ping_status":"closed","sticky":false,"template":"","format":"standard","meta":{"footnotes":""},"categories":[82,72,81],"tags":[],"class_list":["post-6336","post","type-post","status-publish","format-standard","hentry","category-elegie","category-ethnologie","category-photo-de-famille"],"_links":{"self":[{"href":"http:\/\/lantb.net\/figure\/index.php?rest_route=\/wp\/v2\/posts\/6336","targetHints":{"allow":["GET"]}}],"collection":[{"href":"http:\/\/lantb.net\/figure\/index.php?rest_route=\/wp\/v2\/posts"}],"about":[{"href":"http:\/\/lantb.net\/figure\/index.php?rest_route=\/wp\/v2\/types\/post"}],"author":[{"embeddable":true,"href":"http:\/\/lantb.net\/figure\/index.php?rest_route=\/wp\/v2\/users\/1"}],"replies":[{"embeddable":true,"href":"http:\/\/lantb.net\/figure\/index.php?rest_route=%2Fwp%2Fv2%2Fcomments&post=6336"}],"version-history":[{"count":6,"href":"http:\/\/lantb.net\/figure\/index.php?rest_route=\/wp\/v2\/posts\/6336\/revisions"}],"predecessor-version":[{"id":6346,"href":"http:\/\/lantb.net\/figure\/index.php?rest_route=\/wp\/v2\/posts\/6336\/revisions\/6346"}],"wp:attachment":[{"href":"http:\/\/lantb.net\/figure\/index.php?rest_route=%2Fwp%2Fv2%2Fmedia&parent=6336"}],"wp:term":[{"taxonomy":"category","embeddable":true,"href":"http:\/\/lantb.net\/figure\/index.php?rest_route=%2Fwp%2Fv2%2Fcategories&post=6336"},{"taxonomy":"post_tag","embeddable":true,"href":"http:\/\/lantb.net\/figure\/index.php?rest_route=%2Fwp%2Fv2%2Ftags&post=6336"}],"curies":[{"name":"wp","href":"https:\/\/api.w.org\/{rel}","templated":true}]}}