{"id":6253,"date":"2020-08-06T03:09:02","date_gmt":"2020-08-06T02:09:02","guid":{"rendered":"http:\/\/lantb.net\/figure\/?p=6253"},"modified":"2020-08-08T15:25:33","modified_gmt":"2020-08-08T14:25:33","slug":"pierre-charbonnier-a-dit","status":"publish","type":"post","link":"http:\/\/lantb.net\/figure\/?p=6253","title":{"rendered":"Pierre Charbonnier a dit : Il faut donner un sens positif au d\u00e9fi \u00e9cologique"},"content":{"rendered":"<p>IL FAUT DONNER UN SENS POSITIF AU D\u00c9FI \u00c9COLOGIQUE\u00bb<br \/>\nPHILOSOPHE, CHARG\u00c9 DE RECHERCHE AU CNRS ET NOUVELLE T\u00caTE PENSANTE DE L\u2019\u00c9COLOGIE POLITIQUE, PIERRE CHARBONNIER JUGE L\u2019ANT\u00c9DILUVIEN D\u00c9BAT CROISSANCE-D\u00c9CROISSANCE HORS SUJET<br \/>\nLAURE BRETTON<\/p>\n<p class=\"drop-cap \">Loin d\u2019une \u00e9cologie macroniste qui ne modifie aucune r\u00e8gle du jeu lib\u00e9ral, le philosophe Pierre Charbonnier appelle \u00e0 un <em>\u00abred\u00e9ploiement des activit\u00e9s sociales\u00bb<\/em>en fonction de leur poids \u00e9nerg\u00e9tique.<\/p>\n<p class=\"intertitle \">EMMANUEL MACRON PARLE D\u2019<em>\u00ab\u00c9COLOGIE DU MIEUX\u00bb,<\/em> QU\u2019IL OPPOSE \u00c0 L\u2019<em>\u00ab\u00c9COLOGIE DU MOINS\u00bb.<\/em>CELA VA DANS LE BON SENS&nbsp;?<\/p>\n<p>C\u2019est difficile de commenter un slogan et de le prendre au s\u00e9rieux comme si c\u2019\u00e9tait un nouvel \u00e9nonc\u00e9 politique solide, mais je pense que ce que le chef de l\u2019Etat voudrait que le plus grand nombre entende, c\u2019est&nbsp;: \u00abOn va faire de l\u2019\u00e9cologie sans vous appauvrir.\u00bb Cette formule est comme une queue de com\u00e8te du mouvement des gilets jaunes. L\u2019ex\u00e9cutif dit&nbsp;: \u00abOn peut \u00e9viter la m\u00e9t\u00e9orite climat sans revenir \u00e0 la bougie.\u00bb Le mieux contre le moins, cela parle aussi aux entrepreneurs, aux gens qui sont dans l\u2019innovation en leur disant&nbsp;: \u00abOn va faire de l\u2019\u00e9cologie pour vous, on va apporter un appui des pouvoirs publics aux domaines du solaire, de l\u2019hydrog\u00e8ne, voire du nucl\u00e9aire.\u00bb D\u00e9finir une strat\u00e9gie environnementale face aux \u00e9cologistes traditionnels, c\u2019est ce que cette majorit\u00e9 tente de faire depuis\u00a02017.<\/p>\n<p class=\"intertitle\">DEPUIS IL Y A EU LES MUNICIPALES ET DES GRANDES VILLES RAFL\u00c9ES PAR LES \u00c9COLOS. IL LEUR FAUT HAUSSER LE TON POUR \u00caTRE ENTENDU\u2026<\/p>\n<p>Si j\u2019\u00e9tais dans un cabinet gouvernemental, je dormirais sur mes deux\u00a0oreilles en ce moment&nbsp;! Il n\u2019y a pas v\u00e9ritablement de vague verte&nbsp;: il y a des prises importantes de grandes villes, que l\u2019on doit relier \u00e0 l\u2019\u00e9volution sociologique des grands centres-villes. Mais le premier vrai enseignement de ce scrutin, c\u2019est l\u2019abstention. Les Verts avancent mais la droite reste largement en t\u00eate des suffrages exprim\u00e9s.<\/p>\n<p class=\"intertitle\">POUR AUTANT, LA MAJORIT\u00c9 S\u2019ACTIVE POUR NE PAS \u00caTRE \u00c0 L\u2019ARRI\u00c8RE DU TRAIN, AU MOINS DANS LE DISCOURS\u2026<\/p>\n<p>C\u2019est vrai et on peut avoir la facilit\u00e9 de penser que leur \u00e9cologie est cynique, qu\u2019en r\u00e9alit\u00e9 ils n\u2019en veulent pas. Pour moi, ce n\u2019est pas la r\u00e9alit\u00e9 et c\u2019est probablement pire&nbsp;! Je pense que leur intention est extr\u00eamement sinc\u00e8re, qu\u2019ils croient vraiment \u00e0 l\u2019id\u00e9e qu\u2019on peut \u00e9chapper aux cons\u00e9quences du d\u00e9r\u00e8glement climatique en faisant de l\u2019\u00e9conomie circulaire ou en allant convaincre les grands patrons de faire de la croissance verte. C\u2019est l\u2019id\u00e9e classique qui veut qu\u2019une crise apporte des opportunit\u00e9s, et l\u2019\u00e9cologie, pour l\u2019action gouvernementale, s\u2019inscrit dans ce cadre. En gros, c\u2019est la promesse de la \u00abstart-up nation\u00bb, qui permettrait de ne pas toucher aux grands m\u00e9canismes \u00e9conomiques de la mise en concurrence des forces productives, des circuits de capitaux, des r\u00e8gles de propri\u00e9t\u00e9\u2026 Il y a l\u2019id\u00e9e qui, pour moi, est une utopie, de tout changer sans que rien de change.<\/p>\n<p>C\u2019EST UNE UTOPIE&nbsp;? CELA NE PEUT PAS FONCTIONNER FACE AU CHANGEMENT CLIMATIQUE<b>&nbsp;?<\/b><\/p>\n<p>Le lib\u00e9ralisme lui-m\u00eame est utopique&nbsp;: c\u2019est l\u2019\u00e9limination tendancielle de l\u2019Etat dans ses fonctions de r\u00e9gulation et de protection. Comme toute utopie, le lib\u00e9ralisme exprime une partie de la r\u00e9alit\u00e9, mais une partie qui se r\u00e9duit de jour en jour, et curieusement cette id\u00e9ologie ne se r\u00e9forme pas. Plus les signes s\u2019accumulent que cette mani\u00e8re de s\u2019organiser est fragile et nous m\u00e8ne \u00e0 la catastrophe, plus ceux qui y croyaient y croient encore plus.<\/p>\n<p class=\"intertitle \">ON EST DANS UNE IMPASSE&nbsp;? DES \u00c9COLOS AU POUVOIR LOCALEMENT ET UN EX\u00c9CUTIF QUI NE FAIT PAS CE QU\u2019IL FAUT AU NIVEAU NATIONAL&nbsp;?<\/p>\n<p>Je ne pense pas que rien n\u2019ait chang\u00e9. Aujourd\u2019hui, \u00e0 mon sens, la charge de la preuve s\u2019inverse en mati\u00e8re \u00e9conomique et \u00e9cologique. Depuis la fin de la Seconde Guerre mondiale, on a construit des grandes infrastructures, on s\u2019est m\u00eal\u00e9s \u00e0 la concurrence internationale et \u00e0 la globalisation de l\u2019\u00e9conomie. Cela a g\u00e9n\u00e9r\u00e9 de l\u2019emploi et une forme de bien-\u00eatre (habitat, chauffage, alimentation). Pour prouver que ce mod\u00e8le n\u2019\u00e9tait pas le bon, il fallait jusque-l\u00e0 lutter et montrer qu\u2019il y avait des exclus de ce mod\u00e8le. Or mon impression est que ce sch\u00e9ma est en train de s\u2019inverser. La trajectoire historique du lib\u00e9ralisme est \u00e9troitement li\u00e9e \u00e0 la mise \u00e0 disposition r\u00e9put\u00e9e infinie de ressources et le Covid-19 a r\u00e9v\u00e9l\u00e9 la vuln\u00e9rabilit\u00e9 de notre \u00e9conomie\u2026 Entretenir le mod\u00e8le issu de la reconstruction et des Trente\u00a0Glorieuses nous oblige \u00e0 des efforts gigantesques pour compenser les in\u00e9galit\u00e9s de richesse produites par le march\u00e9 et pour absorber les risques et incertitudes mat\u00e9rielles. Aujourd\u2019hui, aux lib\u00e9raux de nous convaincre que leur mod\u00e8le est toujours valable. Ce sont eux qui devraient \u00eatre sur la d\u00e9fensive.<\/p>\n<p class=\"intertitle \">L\u2019OPPOSITION \u00c0 LA D\u00c9CROISSANCE N\u2019EST PAS NOUVELLE. C\u2019\u00c9TAIT L\u2019ANTIENNE DE SARKOZY. L\u2019HISTOIRE SE R\u00c9P\u00c8TE AVEC MACRON&nbsp;?<\/p>\n<p>Il faut reconna\u00eetre que si on se place du point de vue des populations les moins opulentes, on ne peut pas s\u2019avancer dans l\u2019espace public en proclamant&nbsp;: \u00abLa croissance c\u2019est nul, \u00e7a tue la plan\u00e8te. On va s\u2019en sortir autrement.\u00bb Si vous faites \u00e7a, les trois\u00a0quarts des Fran\u00e7ais ne poseront plus qu\u2019une seule question&nbsp;: \u00abOn mange quoi \u00e0 la fin du mois&nbsp;?\u00bb On ne peut pas passer d\u2019un seul coup d\u2019un paradigme politique consistant \u00e0 partager les richesses, \u00e0 un paradigme o\u00f9 on se partagerait juste des miettes ainsi que le fardeau des risques \u00e9cologiques. Il faut donner un sens positif au d\u00e9fi \u00e9cologique. On est pris en \u00e9tau dans une double contrainte, entre la demande de justice sociale et la demande de perp\u00e9tuation de l\u2019habitabilit\u00e9 de notre plan\u00e8te. Or tr\u00e8s souvent, la demande de justice sociale est instrumentalis\u00e9e pour ne pas faire grand-chose sur le plan \u00e9cologique&nbsp;: on dit que le mod\u00e8le social est en danger et on passe \u00e0 autre chose.<\/p>\n<p>&nbsp;<\/p>\n","protected":false},"excerpt":{"rendered":"<p>IL FAUT DONNER UN SENS POSITIF AU D\u00c9FI \u00c9COLOGIQUE\u00bb PHILOSOPHE, CHARG\u00c9 DE RECHERCHE AU CNRS ET NOUVELLE T\u00caTE PENSANTE DE L\u2019\u00c9COLOGIE POLITIQUE, PIERRE CHARBONNIER JUGE L\u2019ANT\u00c9DILUVIEN D\u00c9BAT CROISSANCE-D\u00c9CROISSANCE HORS SUJET LAURE BRETTON Loin d\u2019une \u00e9cologie macroniste qui ne modifie aucune r\u00e8gle du jeu lib\u00e9ral, le philosophe Pierre Charbonnier appelle \u00e0 un \u00abred\u00e9ploiement des activit\u00e9s sociales\u00bben &hellip; <a href=\"http:\/\/lantb.net\/figure\/?p=6253\" class=\"more-link\">Continuer la lecture de <span class=\"screen-reader-text\">Pierre Charbonnier a dit : Il faut donner un sens positif au d\u00e9fi \u00e9cologique<\/span><\/a><\/p>\n","protected":false},"author":1,"featured_media":0,"comment_status":"closed","ping_status":"closed","sticky":false,"template":"","format":"standard","meta":{"footnotes":""},"categories":[44,4,5],"tags":[],"class_list":["post-6253","post","type-post","status-publish","format-standard","hentry","category-everyday-life","category-green-attitude","category-reader"],"_links":{"self":[{"href":"http:\/\/lantb.net\/figure\/index.php?rest_route=\/wp\/v2\/posts\/6253","targetHints":{"allow":["GET"]}}],"collection":[{"href":"http:\/\/lantb.net\/figure\/index.php?rest_route=\/wp\/v2\/posts"}],"about":[{"href":"http:\/\/lantb.net\/figure\/index.php?rest_route=\/wp\/v2\/types\/post"}],"author":[{"embeddable":true,"href":"http:\/\/lantb.net\/figure\/index.php?rest_route=\/wp\/v2\/users\/1"}],"replies":[{"embeddable":true,"href":"http:\/\/lantb.net\/figure\/index.php?rest_route=%2Fwp%2Fv2%2Fcomments&post=6253"}],"version-history":[{"count":4,"href":"http:\/\/lantb.net\/figure\/index.php?rest_route=\/wp\/v2\/posts\/6253\/revisions"}],"predecessor-version":[{"id":6257,"href":"http:\/\/lantb.net\/figure\/index.php?rest_route=\/wp\/v2\/posts\/6253\/revisions\/6257"}],"wp:attachment":[{"href":"http:\/\/lantb.net\/figure\/index.php?rest_route=%2Fwp%2Fv2%2Fmedia&parent=6253"}],"wp:term":[{"taxonomy":"category","embeddable":true,"href":"http:\/\/lantb.net\/figure\/index.php?rest_route=%2Fwp%2Fv2%2Fcategories&post=6253"},{"taxonomy":"post_tag","embeddable":true,"href":"http:\/\/lantb.net\/figure\/index.php?rest_route=%2Fwp%2Fv2%2Ftags&post=6253"}],"curies":[{"name":"wp","href":"https:\/\/api.w.org\/{rel}","templated":true}]}}