{"id":6220,"date":"2020-06-22T09:22:25","date_gmt":"2020-06-22T08:22:25","guid":{"rendered":"http:\/\/lantb.net\/figure\/?p=6220"},"modified":"2020-06-23T13:02:07","modified_gmt":"2020-06-23T12:02:07","slug":"6220","status":"publish","type":"post","link":"http:\/\/lantb.net\/figure\/?p=6220","title":{"rendered":"Dominique Bourg a dit : sortir de nos modes de vie consum\u00e9ristes"},"content":{"rendered":"<header class=\"article-header\">\n<p class=\"article-headline\">Dominique Bourg\u00a0: \u00abIl faut sortir de nos modes de vie consum\u00e9ristes\u00bb Dans Lib\u00e9ration Par <span class=\"author\"><a href=\"https:\/\/www.liberation.fr\/auteur\/3273-catherine-calvet\">Catherine Calvet<\/a> <\/span>et <span class=\"author\"><a href=\"https:\/\/www.liberation.fr\/auteur\/13881-thibaut-sardier\">Thibaut Sardier\u00a0<\/a><\/span><\/p>\n<p class=\"article-standfirst\">Face \u00e0 l&rsquo;urgence climatique, il est n\u00e9cessaire de sortir d&rsquo;une vision consensuelle de l&rsquo;\u00e9cologie, estime le philosophe. Il lance 35\u00a0propositions pour un \u00abretour sur terre\u00bb, dont l&rsquo;instauration de quotas de consommation.<\/p>\n<\/header>\n<div class=\"article-body\">\n<div class=\"sas_98\"><\/div>\n<p>Qu\u2019il semble d\u00e9j\u00e0 loin, ce \u00abmonde d\u2019apr\u00e8s\u00bb que l\u2019on r\u00eavait plus \u00e9cologique. A la veille des <a href=\"https:\/\/www.liberation.fr\/france\/2020\/06\/18\/convention-pour-le-climat-macron-va-t-il-jouer-le-jeu_1791704\" target=\"_blank\" rel=\"noopener\">conclusions de la Convention citoyenne sur le climat<\/a> et quelques jours apr\u00e8s un discours d\u2019Emmanuel Macron affirmant la n\u00e9cessit\u00e9 de la relance \u00e9conomique comme de l\u2019action \u00e9cologique, un fr\u00e9missement semble toutefois subsister. Sera-t-il suffisant\u00a0? Non, estime le philosophe Dominique Bourg. Ancien pr\u00e9sident du conseil scientifique de la Fondation Nicolas Hulot, il a propos\u00e9 (avec Gauthier Chapelle, Johann Chapoutot, Philippe Desbrosses, Xavier Ricard Lanata, Pablo Servigne et Sophie Swaton) pendant le confinement 35\u00a0propositions pour un <em>Retour sur terre,<\/em> \u00e9dit\u00e9es ces jours-ci aux Puf.<\/p>\n<p class=\"others\">Des solutions concr\u00e8tes, clivantes, parfois provocatrices, et tr\u00e8s probablement n\u00e9cessaires\u00a0: interdiction des paradis fiscaux, mise en place de quotas de consommation, <em>\u00abr\u00e9empaysannement\u00bb<\/em> des terres, ou encore <a href=\"https:\/\/www.liberation.fr\/france\/2019\/04\/04\/un-revenu-climat-pour-relancer-la-taxe-carbone_1718927\" target=\"_blank\" rel=\"noopener\">revenu de transition \u00e9cologique<\/a>. Convaincu de la possibilit\u00e9 d\u2019entreprendre rapidement ces changements majeurs, le philosophe souligne que nous n\u2019avons de toute fa\u00e7on pas le choix\u00a0: nous vivons les derni\u00e8res ann\u00e9es durant lesquelles il est possible d\u2019\u00e9viter les effets les plus d\u00e9vastateurs de la crise \u00e9cologique.<\/p>\n<div id=\"teads1\"><\/div>\n<h5 class=\"question\">Discours pr\u00e9sidentiel du\u00a014\u00a0juin annon\u00e7ant une \u00e9conomie \u00ab\u00e9cologique\u00bb, conclusion des travaux de la Convention citoyenne sur le climat dimanche, le fameux tournant du quinquennat arrive-t-il enfin\u00a0?<\/h5>\n<p>Dans le discours du Pr\u00e9sident, j\u2019ai plus entendu des intonations RN sur l\u2019identit\u00e9 fran\u00e7aise, la n\u00e9cessit\u00e9 d\u2019avaliser en bloc notre pass\u00e9, qu\u2019une incitation \u00e0 \u00e9cologiser la soci\u00e9t\u00e9. Produire plus comme il l\u2019a demand\u00e9 a \u00e0 voir avec la comp\u00e9titivit\u00e9, nullement avec l\u2019\u00e9cologie. Faut-il rappeler que durant les deux premi\u00e8res ann\u00e9es de son mandat, gouvernement et majorit\u00e9 n\u2019ont eu cesse de d\u00e9tricoter le droit de l\u2019environnement\u00a0?<\/p>\n<p>Rappelons les choses, une \u00e9conomie \u00e9cologique est une \u00e9conomie avec des consommations finales d\u00e9graiss\u00e9es en termes d\u2019\u00e9nergie et de mati\u00e8res, une \u00e9conomie qui r\u00e9g\u00e9n\u00e8re les sols, redonne sa place au vivant et au sauvage, r\u00e9duit progressivement la taille des m\u00e9tropoles, transforme l\u2019urbanisme, v\u00e9g\u00e9talise les villes et les rend vivables en d\u00e9pit des \u00e9t\u00e9s que nous commen\u00e7ons \u00e0 conna\u00eetre, r\u00e9duit fortement le trafic automobile et a\u00e9rien,\u00a0etc. Rassurez-vous, quand nous y serons, cela ne vous \u00e9chappera pas\u00a0!<\/p>\n<p>Quant \u00e0 la Convention citoyenne, nous verrons bien ce qu\u2019il adviendra de ses r\u00e9sultats. Les soumettre <em>\u00absans filtre\u00bb<\/em> au Parlement ne garantit rien, compte tenu de la majorit\u00e9 qui y domine. Le probl\u00e8me de <a href=\"https:\/\/www.liberation.fr\/france\/2020\/06\/18\/democratie-participative-un-travail-de-pro_1791706\" target=\"_blank\" rel=\"noopener\">ces exp\u00e9riences d\u00e9mocratiques<\/a>, au demeurant tr\u00e8s int\u00e9ressantes, est leur articulation avec le processus de d\u00e9cision publique\u00a0; en l\u2019occurrence, il n\u2019y en a aucune, si ce n\u2019est l\u2019arbitraire du prince et ses promesses, quand bien m\u00eame il proposerait un r\u00e9f\u00e9rendum.<\/p>\n<div id=\"teads2\"><\/div>\n<p>J\u2019ai par ailleurs entendu dire qu\u2019une des propositions de la Convention pourrait \u00eatre l\u2019institution d\u2019un m\u00e9diateur pour les droits de l\u2019environnement, comme pour les droits humains. Je viens de vous dire le sort subi par le droit en question\u2026 A ce c\u00f4t\u00e9 brouillon, on pourrait ajouter la r\u00e9forme \u00e0 venir du Conseil \u00e9conomique, social et environnemental (Cese), o\u00f9 a lieu la Convention citoyenne. Lui demander d\u2019organiser la consultation des citoyens pour construire ses avis qui sont eux-m\u00eames consultatifs am\u00e9liorera, je n\u2019en doute pas, la vie des Fran\u00e7aises et Fran\u00e7ais\u2026<\/p>\n<h5 class=\"question\">La pand\u00e9mie change-t-elle quelque chose \u00e0 notre appr\u00e9hension des enjeux \u00e9cologiques\u00a0?<\/h5>\n<p>Le Covid pointe le probl\u00e8me de la biodiversit\u00e9. En la d\u00e9truisant, nous entrons en contact avec les derniers refuges de la vie sauvage, et nous augmentons ainsi la probabilit\u00e9 de voir \u00e9merger des zoonoses. L\u2019OMS avait d\u00e9j\u00e0 alert\u00e9 sur ce point avec des maladies comme Ebola ou le VIH qui sont de m\u00eame nature. 75% des nouvelles maladies sont des zoonoses, donc dues \u00e0 notre omnipr\u00e9sence sur les territoires des animaux.<\/p>\n<p>En revanche, la pand\u00e9mie ne change pas grand-chose \u00e0 la question du r\u00e9chauffement climatique. La vraie rupture remonte \u00e0\u00a02018, ann\u00e9e o\u00f9 les temp\u00e9ratures inhabituelles ont permis \u00e0 chacun de ressentir que dans l\u2019h\u00e9misph\u00e8re Nord, nous n\u2019avons plus d\u00e9sormais qu\u2019une saison ti\u00e8de et une saison chaude. Il reste encore une toute petite fen\u00eatre pour faire que cette d\u00e9gradation ne finisse par devenir totalement insupportable et n\u2019implique une mortalit\u00e9 massive, se chiffrant en centaines de millions de morts dans le monde.<\/p>\n<div id=\"teads3\"><\/div>\n<h5 class=\"question\">Pour r\u00e9pondre \u00e0 ces urgences, vous proposez un ensemble de mesures aussi ambitieux que clivant.<\/h5>\n<p>Quand Nicolas Hulot \u00e9crit, comme il l\u2019a fait en mai <a href=\"https:\/\/www.lemonde.fr\/idees\/article\/2020\/05\/06\/les-100-principes-de-nicolas-hulot-pour-un-nouveau-monde_6038802_3232.html\" target=\"_blank\" rel=\"noopener\">dans <em>le Monde<\/em><\/a>, que le <em>\u00abtemps est venu\u00bb<\/em> d\u2019agir, c\u2019est malheureusement faux\u00a0; il est d\u00e9j\u00e0 tr\u00e8s tard\u00a0! Le contexte n\u2019est plus \u00e0 la simple campagne de communication\u00a0: certains mod\u00e8les pr\u00e9voient\u00a01,5\u00a0\u00b0C de plus en\u00a02024 par rapport \u00e0 la fin du\u00a0XIX<sup>e<\/sup>\u00a0! Si on suit les indications du Giec et que l\u2019on r\u00e9duit de\u00a058% nos \u00e9missions de carbone afin de tenter de ne pas exploser les deux degr\u00e9s suppl\u00e9mentaires apr\u00e8s\u00a02040, la voiture \u00e9lectrique ou l\u2019avion vert ne vont pas suffire. Il faut avoir le courage de dire \u00e0 ceux qui travaillent dans l\u2019industrie automobile, dans l\u2019aviation ou dans les \u00e9nergies fossiles que le nombre d\u2019emplois devrait diminuer d\u00e8s maintenant, et pas dans dix\u00a0ans. Il faut aussi r\u00e9duire drastiquement la circulation automobile, l\u2019agriculture conventionnelle, combattre les \u00eelots de chaleur que sont devenues nos m\u00e9tropoles. La diff\u00e9rence de temp\u00e9rature entre Paris centre et un lieu plus v\u00e9g\u00e9talis\u00e9 \u00e0 seulement 35\u00a0kilom\u00e8tres peut aller jusqu\u2019\u00e0 8\u00a0degr\u00e9s\u00a0!<\/p>\n<h5 class=\"question\">Concr\u00e8tement, par quoi faut-il commencer\u00a0?<\/h5>\n<p>Il faut sortir de nos modes de vie consum\u00e9ristes. Nous ne devons plus non plus \u00ab\u00e9craser la concurrence\u00bb, \u00abtravailler plus\u00bb ou \u00abproduire plus\u00bb, car c\u2019est ce qui d\u00e9termine les flux de mati\u00e8res et d\u2019\u00e9nergies dans le monde entier et d\u00e9truit l\u2019habitabilit\u00e9 de la Terre. Le premier instrument que l\u2019on propose pour r\u00e9duire nos consommations de biens mat\u00e9riels est un syst\u00e8me de quotas\u00a0: \u00e0 chaque achat, gr\u00e2ce \u00e0 une carte \u00e0 puce, vous \u00eates d\u00e9falqu\u00e9 de son co\u00fbt en termes d\u2019empreinte \u00e9cologique et d\u2019empreinte carbone. C\u2019est tr\u00e8s \u00e9galitaire, car tout le monde dispose des m\u00eames quotas, contrairement \u00e0 la taxe qui, m\u00eame avec un syst\u00e8me de redistribution, p\u00e9nalise les plus pauvres.<\/p>\n<h5 class=\"question\">Un permis \u00e0 polluer individuel, en quelque sorte.<\/h5>\n<p>Pas un permis \u00e0 polluer, mais un permis \u00e0 consommer. Un tel instrument permettrait de r\u00e9orienter rapidement tout l\u2019appareil de production vers un mod\u00e8le plus vertueux. En effet, pour ne pas vider vos quotas, vous irez plus facilement vers des produits compos\u00e9s de mati\u00e8res recycl\u00e9es, biosourc\u00e9es, produites en agro\u00e9cologie, ou fabriqu\u00e9s localement puisque, avec moins de transport, l\u2019empreinte carbone sera moins importante. Cela permettrait de revaloriser tous les acteurs les plus avant-gardistes, les plus \u00e9co-sociaux, et reboosterait l\u2019\u00e9conomie sociale et solidaire.<\/p>\n<div id=\"teads4\"><\/div>\n<h5 class=\"question\">Ressource par ressource, il faudra donc fixer des quotas individuels. Vertigineux\u2026<\/h5>\n<p>Ce qui est vertigineux, c\u2019est la gravit\u00e9 de la situation \u00e9cologique. Fixer ces quotas ne sera pas si compliqu\u00e9\u00a0: au moins dans un premier temps, on pourra les d\u00e9terminer en prenant la moyenne de la consommation fran\u00e7aise, en adaptant les quantit\u00e9s autoris\u00e9es selon le lieu o\u00f9 vous habitez (espaces ruraux, montagnards\u2026) et en prenant en compte l\u2019activit\u00e9 professionnelle\u00a0: si vous \u00eates m\u00e9decin, vous aurez \u00e9videmment un quota carbone professionnel. Tr\u00e8s simple pour les achats directs d\u2019\u00e9nergie, plus complexe pour l\u2019\u00e9nergie grise <em>[\u00e9nergie d\u00e9pens\u00e9e tout au long de la vie d\u2019un produit, de sa fabrication \u00e0 son recyclage, ndlr]<\/em>\u00a0et l\u2019empreinte \u00e9cologique.<\/p>\n<h5 class=\"question\">Comment s\u2019articulent ces quotas avec l\u2019id\u00e9e de revenu de transition \u00e9cologique (RTE), qui peut donner un pouvoir d\u2019achat \u2013\u00a0et donc de consommation\u00a0\u2013 suppl\u00e9mentaire\u00a0?<\/h5>\n<p>Ce n\u2019est pas une prime \u00e0 la consommation, contrairement \u00e0 ce que pourrait entra\u00eener la mise en place d\u2019un revenu universel, car donner la m\u00eame somme \u00e0 tout le monde, c\u2019est en effet faire exploser les consommations. Le RTE n\u2019intervient que temporairement, et il n\u2019est pas n\u00e9cessairement vers\u00e9 en argent\u00a0: il peut s\u2019agir d\u2019un pr\u00eat de terres pour faire de la permaculture dans une coop\u00e9rative \u00e9cologique. Comme son nom l\u2019indique, il s\u2019agit surtout d\u2019acc\u00e9l\u00e9rer la transition \u00e9cologique en soutenant des projets ou des modes de consommation nouveaux, par exemple aider celles et ceux qui s\u2019investiront dans le d\u00e9veloppement de l\u2019agro\u00e9cologie ou des low-tech.<\/p>\n<h5 class=\"question\">Quel lien entre revenu de transition \u00e9cologique et agriculture\u00a0?<\/h5>\n<p>D\u2019ici vingt\u00a0ans, de nombreux agriculteurs vont partir \u00e0 la retraite, et vu le co\u00fbt de la terre en France, il n\u2019est pas possible de racheter les exploitations et de les convertir \u00e0 un mod\u00e8le agro\u00e9cologique. Ce sont donc de grands groupes ou des pays \u00e9trangers qui risquent de racheter les terres. Pour \u00e9viter cela, il faudrait des pr\u00eats \u00e0 un taux d\u2019int\u00e9r\u00eat largement inf\u00e9rieur \u00e0 ce que demandent aujourd\u2019hui les banques. Dans ce cas, le RTE est fondamental pour permettre aux agriculteurs d\u2019acqu\u00e9rir les surfaces et le mat\u00e9riel n\u00e9cessaire, et ainsi changer de mod\u00e8le de production.<\/p>\n<div id=\"teads5\"><\/div>\n<h5 class=\"question\">Sur la question agricole, vous d\u00e9fendez un \u00abmod\u00e8le d\u00e9carbon\u00e9\u00bb. Comment revenir rapidement sur des d\u00e9cennies de m\u00e9canisation et de recours aux \u00e9nergies fossiles\u00a0?<\/h5>\n<p>Aujourd\u2019hui, il faut au moins 10\u00a0calories fossiles pour produire 1\u00a0calorie alimentaire, parfois 30. Cela d\u00e9r\u00e8gle le climat et d\u00e9truit la vie\u00a0: une catastrophe totale\u00a0! Mais ne soyons pas plus royalistes que le roi, l\u2019\u00e9nergie consomm\u00e9e par les tracteurs ne repr\u00e9sente qu\u2019une part r\u00e9duite de cette gabegie \u00e9nerg\u00e9tique. Quant \u00e0 la permaculture, le refus de la m\u00e9canisation est dans ses principes. Le mara\u00eechage permacole, sur une m\u00eame surface, c\u2019est dix fois plus de rendement pour vingt fois plus d\u2019heures de travail.<\/p>\n<p class=\"others\">Plus g\u00e9n\u00e9ralement, nous devrions conna\u00eetre des exploitations plus petites et des agriculteurs plus nombreux et mieux r\u00e9mun\u00e9r\u00e9s. Nous avons calcul\u00e9 qu\u2019il serait n\u00e9cessaire que 20\u00a0\u00e0\u00a030% de la population active travaille dans ce secteur pour qu\u2019une agriculture ayant tr\u00e8s peu recours aux \u00e9nergies fossiles se mette en place, soit une proportion similaire \u00e0 celle des ann\u00e9es\u00a050. La bonne nouvelle, c\u2019est qu\u2019il y a un app\u00e9tit pour cela. La contrepartie, c\u2019est que la nourriture sera plus ch\u00e8re, mais nous l\u2019assumons\u00a0: mieux vaut manger sain qu\u2019acheter plein de babioles.<\/p>\n<h5 class=\"question\">Les gens sont-ils pr\u00eats \u00e0 cela\u00a0?<\/h5>\n<p>Plus de la moiti\u00e9 des Fran\u00e7ais sont aujourd\u2019hui convaincus que nous devons tendre vers la sobri\u00e9t\u00e9 mat\u00e9rielle. Ce n\u2019est pour l\u2019instant qu\u2019une bascule culturelle, qui ne se traduit pas dans les faits, dans les modes de consommation par exemple. Inversement, un tiers de la population s\u2019opposera co\u00fbte que co\u00fbte \u00e0 ce changement.<\/p>\n<div id=\"teads6\"><\/div>\n<p>En France, au Br\u00e9sil, aux Etats-Unis et dans le monde entier, le noyau dur des climatosceptiques ne dispara\u00eetra pas malgr\u00e9 les crises que nous traversons, car ce d\u00e9ni est tr\u00e8s profond et a peu \u00e0 voir avec le constat des ph\u00e9nom\u00e8nes. Et je dirais m\u00eame qu\u2019au contraire, plus le climat sera dur, plus ces irr\u00e9ductibles seront attach\u00e9s \u00e0 leurs croyances. Une \u00e9cologie ir\u00e9nique, consensuelle, n\u2019a donc pas de sens.<\/p>\n<div class=\"mobile-optin\">\n<p>Dans la perspective de ce rapport de force, je vois d\u2019un tr\u00e8s bon \u0153il <a href=\"https:\/\/www.liberation.fr\/france\/2020\/05\/26\/de-la-cgt-a-greenpeace-un-plan-de-sortie-de-crise-sociale-et-ecologique_1789358\" target=\"_blank\" rel=\"noopener\">le plan de sortie de crise \u00e9labor\u00e9 en commun par la CGT et Greenpeace<\/a>, avec des organisations comme l\u2019Unef, Attac ou les Amis de la Terre. Personne ne s\u2019y attendait\u00a0! Je le prends comme un cadeau inesp\u00e9r\u00e9, car il est crucial que les forces populaires se joignent au mouvement \u00e9cologique et y m\u00ealent les questions sociales. Pour op\u00e9rer ces changements, on ne peut pas s\u2019enfermer dans un petit coin de l\u2019\u00e9chiquier politique. Nous ne pouvons nous contenter ni\u00a0de l\u2019\u00e9cologie bobo ni des vieilles lunes socialo-marxistes.<\/p>\n<\/div>\n<\/div>\n","protected":false},"excerpt":{"rendered":"<p>Dominique Bourg\u00a0: \u00abIl faut sortir de nos modes de vie consum\u00e9ristes\u00bb Dans Lib\u00e9ration Par Catherine Calvet et Thibaut Sardier\u00a0 Face \u00e0 l&rsquo;urgence climatique, il est n\u00e9cessaire de sortir d&rsquo;une vision consensuelle de l&rsquo;\u00e9cologie, estime le philosophe. Il lance 35\u00a0propositions pour un \u00abretour sur terre\u00bb, dont l&rsquo;instauration de quotas de consommation. Qu\u2019il semble d\u00e9j\u00e0 loin, ce &hellip; <a href=\"http:\/\/lantb.net\/figure\/?p=6220\" class=\"more-link\">Continuer la lecture de <span class=\"screen-reader-text\">Dominique Bourg a dit : sortir de nos modes de vie consum\u00e9ristes<\/span><\/a><\/p>\n","protected":false},"author":1,"featured_media":0,"comment_status":"closed","ping_status":"closed","sticky":false,"template":"","format":"standard","meta":{"footnotes":""},"categories":[44,4,5],"tags":[],"class_list":["post-6220","post","type-post","status-publish","format-standard","hentry","category-everyday-life","category-green-attitude","category-reader"],"_links":{"self":[{"href":"http:\/\/lantb.net\/figure\/index.php?rest_route=\/wp\/v2\/posts\/6220","targetHints":{"allow":["GET"]}}],"collection":[{"href":"http:\/\/lantb.net\/figure\/index.php?rest_route=\/wp\/v2\/posts"}],"about":[{"href":"http:\/\/lantb.net\/figure\/index.php?rest_route=\/wp\/v2\/types\/post"}],"author":[{"embeddable":true,"href":"http:\/\/lantb.net\/figure\/index.php?rest_route=\/wp\/v2\/users\/1"}],"replies":[{"embeddable":true,"href":"http:\/\/lantb.net\/figure\/index.php?rest_route=%2Fwp%2Fv2%2Fcomments&post=6220"}],"version-history":[{"count":7,"href":"http:\/\/lantb.net\/figure\/index.php?rest_route=\/wp\/v2\/posts\/6220\/revisions"}],"predecessor-version":[{"id":6238,"href":"http:\/\/lantb.net\/figure\/index.php?rest_route=\/wp\/v2\/posts\/6220\/revisions\/6238"}],"wp:attachment":[{"href":"http:\/\/lantb.net\/figure\/index.php?rest_route=%2Fwp%2Fv2%2Fmedia&parent=6220"}],"wp:term":[{"taxonomy":"category","embeddable":true,"href":"http:\/\/lantb.net\/figure\/index.php?rest_route=%2Fwp%2Fv2%2Fcategories&post=6220"},{"taxonomy":"post_tag","embeddable":true,"href":"http:\/\/lantb.net\/figure\/index.php?rest_route=%2Fwp%2Fv2%2Ftags&post=6220"}],"curies":[{"name":"wp","href":"https:\/\/api.w.org\/{rel}","templated":true}]}}