{"id":6013,"date":"2020-02-14T14:21:17","date_gmt":"2020-02-14T13:21:17","guid":{"rendered":"http:\/\/lantb.net\/figure\/?p=6013"},"modified":"2020-02-15T16:16:38","modified_gmt":"2020-02-15T15:16:38","slug":"des-architectes-qui-dessinent-la-place-du-vegetal","status":"publish","type":"post","link":"http:\/\/lantb.net\/figure\/?p=6013","title":{"rendered":"Des architectes qui dessinent la place du v\u00e9g\u00e9tal"},"content":{"rendered":"<p><a href=\"http:\/\/lantb.net\/figure\/wp-content\/uploads\/2020\/02\/20140921-060449-21889757.jpg\"><img loading=\"lazy\" decoding=\"async\" class=\"alignnone wp-image-6014\" src=\"http:\/\/lantb.net\/figure\/wp-content\/uploads\/2020\/02\/20140921-060449-21889757.jpg\" alt=\"\" width=\"640\" height=\"347\" srcset=\"http:\/\/lantb.net\/figure\/wp-content\/uploads\/2020\/02\/20140921-060449-21889757.jpg 750w, http:\/\/lantb.net\/figure\/wp-content\/uploads\/2020\/02\/20140921-060449-21889757-300x163.jpg 300w, http:\/\/lantb.net\/figure\/wp-content\/uploads\/2020\/02\/20140921-060449-21889757-640x347.jpg 640w, http:\/\/lantb.net\/figure\/wp-content\/uploads\/2020\/02\/20140921-060449-21889757-150x81.jpg 150w\" sizes=\"auto, (max-width: 640px) 100vw, 640px\" \/><\/a><br \/>\nLe jardin g\u00e9om\u00e9trique de la Villa Noailles dessin\u00e9 par Mallet Stevens et re-dessin\u00e9 par les Radi Designers en 2000.<br \/>\n<a href=\"http:\/\/www.radidesigners.com\/design1.htm\">http:\/\/www.radidesigners.com\/design1.htm<\/a><br \/>\n<a href=\"http:\/\/www6.nordnet.fr\/mallet-stevens\/oeuvre.htm\">http:\/\/www6.nordnet.fr\/mallet-stevens\/oeuvre.htm<\/a><\/p>\n<p><a href=\"http:\/\/lantb.net\/figure\/wp-content\/uploads\/2020\/02\/barbican.jpg\"><img loading=\"lazy\" decoding=\"async\" class=\"alignnone wp-image-6019 size-full\" src=\"http:\/\/lantb.net\/figure\/wp-content\/uploads\/2020\/02\/barbican.jpg\" alt=\"\" width=\"640\" height=\"480\" srcset=\"http:\/\/lantb.net\/figure\/wp-content\/uploads\/2020\/02\/barbican.jpg 640w, http:\/\/lantb.net\/figure\/wp-content\/uploads\/2020\/02\/barbican-300x225.jpg 300w, http:\/\/lantb.net\/figure\/wp-content\/uploads\/2020\/02\/barbican-150x113.jpg 150w\" sizes=\"auto, (max-width: 640px) 100vw, 640px\" \/><\/a><br \/>\n<a href=\"https:\/\/www.dezeen.com\/2014\/09\/13\/brutalist-buildings-barbican-estate-chamberlin-powell-bon\/\">Chamberlin, Powell &amp; Bon, Barbican Estate, Barbican Centre<\/a>, Londres <a href=\"http:\/\/jlggb.net\/blog4\/?p=1967\">http:\/\/jlggb.net\/blog4\/?p=1967<\/a><br \/>\n<a href=\"http:\/\/www.londongardensonline.org.uk\">http:\/\/www.londongardensonline.org.uk<\/a><\/p>\n<p><a href=\"http:\/\/lantb.net\/figure\/wp-content\/uploads\/2020\/02\/portzamparc-1.jpg\"><img loading=\"lazy\" decoding=\"async\" class=\"alignnone wp-image-6020\" src=\"http:\/\/lantb.net\/figure\/wp-content\/uploads\/2020\/02\/portzamparc-1.jpg\" alt=\"\" width=\"640\" height=\"481\" srcset=\"http:\/\/lantb.net\/figure\/wp-content\/uploads\/2020\/02\/portzamparc-1.jpg 749w, http:\/\/lantb.net\/figure\/wp-content\/uploads\/2020\/02\/portzamparc-1-300x226.jpg 300w, http:\/\/lantb.net\/figure\/wp-content\/uploads\/2020\/02\/portzamparc-1-640x481.jpg 640w, http:\/\/lantb.net\/figure\/wp-content\/uploads\/2020\/02\/portzamparc-1-150x113.jpg 150w\" sizes=\"auto, (max-width: 640px) 100vw, 640px\" \/><\/a><br \/>\nAu pied de <a href=\"https:\/\/www.lemoniteur.fr\/article\/l-architecte-christian-de-portzamparc-presente-galeo-le-siege-de-bouygues-immobilier.525009\">la tour Galeo Bouyghes Immobilier de Portzamparc<\/a>, c\u00f4t\u00e9 rue Bara, \u00e0 Issy les Moulineaux, un passage traversant l\u2019\u00eelot o\u00f9 se font face le mur lat\u00e9ral commun de petits immeubles d\u2019habitation en meuli\u00e8re r\u00e9nov\u00e9s et le versant arri\u00e8re de la tour de verre, avec mur v\u00e9g\u00e9talis\u00e9 de lierre associ\u00e9 \u00e0 un massif triangulaire, au sol, de bambous nains. Photo street view.<\/p>\n<p><a href=\"http:\/\/lantb.net\/figure\/wp-content\/uploads\/2020\/02\/portzamparc-2.jpg\"><img loading=\"lazy\" decoding=\"async\" class=\"alignnone wp-image-6017\" src=\"http:\/\/lantb.net\/figure\/wp-content\/uploads\/2020\/02\/portzamparc-2.jpg\" alt=\"\" width=\"640\" height=\"480\" srcset=\"http:\/\/lantb.net\/figure\/wp-content\/uploads\/2020\/02\/portzamparc-2.jpg 1024w, http:\/\/lantb.net\/figure\/wp-content\/uploads\/2020\/02\/portzamparc-2-300x225.jpg 300w, http:\/\/lantb.net\/figure\/wp-content\/uploads\/2020\/02\/portzamparc-2-768x576.jpg 768w, http:\/\/lantb.net\/figure\/wp-content\/uploads\/2020\/02\/portzamparc-2-640x480.jpg 640w, http:\/\/lantb.net\/figure\/wp-content\/uploads\/2020\/02\/portzamparc-2-150x113.jpg 150w\" sizes=\"auto, (max-width: 640px) 100vw, 640px\" \/><\/a><br \/>\n<a href=\"http:\/\/lantb.net\/figure\/wp-content\/uploads\/2020\/02\/portzamparc-3.jpg\"><img loading=\"lazy\" decoding=\"async\" class=\"alignnone wp-image-6018\" src=\"http:\/\/lantb.net\/figure\/wp-content\/uploads\/2020\/02\/portzamparc-3.jpg\" alt=\"\" width=\"640\" height=\"480\" srcset=\"http:\/\/lantb.net\/figure\/wp-content\/uploads\/2020\/02\/portzamparc-3.jpg 1024w, http:\/\/lantb.net\/figure\/wp-content\/uploads\/2020\/02\/portzamparc-3-300x225.jpg 300w, http:\/\/lantb.net\/figure\/wp-content\/uploads\/2020\/02\/portzamparc-3-768x576.jpg 768w, http:\/\/lantb.net\/figure\/wp-content\/uploads\/2020\/02\/portzamparc-3-640x480.jpg 640w, http:\/\/lantb.net\/figure\/wp-content\/uploads\/2020\/02\/portzamparc-3-150x113.jpg 150w\" sizes=\"auto, (max-width: 640px) 100vw, 640px\" \/><\/a><br \/>\nLe long du boulevard Gallieni, entre les deux immeubles de bureau Dueo et Trieo, un rectangle allong\u00e9 d\u2019an\u00e9mones du Japon blanches sur lequel donnent les baies d\u2019un bar restaurant. On peut s\u2019approcher du massif de fleurs. L\u2019espace est ouvert. (dimanche 21 septembre 2014)<\/p>\n","protected":false},"excerpt":{"rendered":"<p>Le jardin g\u00e9om\u00e9trique de la Villa Noailles dessin\u00e9 par Mallet Stevens et re-dessin\u00e9 par les Radi Designers en 2000. http:\/\/www.radidesigners.com\/design1.htm http:\/\/www6.nordnet.fr\/mallet-stevens\/oeuvre.htm Chamberlin, Powell &amp; Bon, Barbican Estate, Barbican Centre, Londres http:\/\/jlggb.net\/blog4\/?p=1967 http:\/\/www.londongardensonline.org.uk Au pied de la tour Galeo Bouyghes Immobilier de Portzamparc, c\u00f4t\u00e9 rue Bara, \u00e0 Issy les Moulineaux, un passage traversant l\u2019\u00eelot o\u00f9 se &hellip; <a href=\"http:\/\/lantb.net\/figure\/?p=6013\" class=\"more-link\">Continuer la lecture de <span class=\"screen-reader-text\">Des architectes qui dessinent la place du v\u00e9g\u00e9tal<\/span><\/a><\/p>\n","protected":false},"author":1,"featured_media":0,"comment_status":"closed","ping_status":"closed","sticky":false,"template":"","format":"standard","meta":{"footnotes":""},"categories":[44,4,7],"tags":[],"class_list":["post-6013","post","type-post","status-publish","format-standard","hentry","category-everyday-life","category-green-attitude","category-turquetil"],"_links":{"self":[{"href":"http:\/\/lantb.net\/figure\/index.php?rest_route=\/wp\/v2\/posts\/6013","targetHints":{"allow":["GET"]}}],"collection":[{"href":"http:\/\/lantb.net\/figure\/index.php?rest_route=\/wp\/v2\/posts"}],"about":[{"href":"http:\/\/lantb.net\/figure\/index.php?rest_route=\/wp\/v2\/types\/post"}],"author":[{"embeddable":true,"href":"http:\/\/lantb.net\/figure\/index.php?rest_route=\/wp\/v2\/users\/1"}],"replies":[{"embeddable":true,"href":"http:\/\/lantb.net\/figure\/index.php?rest_route=%2Fwp%2Fv2%2Fcomments&post=6013"}],"version-history":[{"count":6,"href":"http:\/\/lantb.net\/figure\/index.php?rest_route=\/wp\/v2\/posts\/6013\/revisions"}],"predecessor-version":[{"id":6026,"href":"http:\/\/lantb.net\/figure\/index.php?rest_route=\/wp\/v2\/posts\/6013\/revisions\/6026"}],"wp:attachment":[{"href":"http:\/\/lantb.net\/figure\/index.php?rest_route=%2Fwp%2Fv2%2Fmedia&parent=6013"}],"wp:term":[{"taxonomy":"category","embeddable":true,"href":"http:\/\/lantb.net\/figure\/index.php?rest_route=%2Fwp%2Fv2%2Fcategories&post=6013"},{"taxonomy":"post_tag","embeddable":true,"href":"http:\/\/lantb.net\/figure\/index.php?rest_route=%2Fwp%2Fv2%2Ftags&post=6013"}],"curies":[{"name":"wp","href":"https:\/\/api.w.org\/{rel}","templated":true}]}}