{"id":6005,"date":"2020-02-15T08:46:10","date_gmt":"2020-02-15T07:46:10","guid":{"rendered":"http:\/\/lantb.net\/figure\/?p=6005"},"modified":"2020-02-16T00:38:51","modified_gmt":"2020-02-15T23:38:51","slug":"liliana-motta-eloge-du-dehors","status":"publish","type":"post","link":"http:\/\/lantb.net\/figure\/?p=6005","title":{"rendered":"Liliana Motta. \u00c9loge du dehors"},"content":{"rendered":"<p>\u00ab Je suis dehors*, cette id\u00e9e me r\u00e9conforte. Seule dehors, toute rencontre est possible. Je n\u2019arrive pas \u00e0 comprendre une nature qui ne serait pas en lien avec nous. Je m\u2019int\u00e9resse \u00e0 elle dans le quotidien, dans le plus proche. Je n\u2019aime pas les vues d\u2019ensemble, ni les vues d\u2019en haut, les photos a\u00e9riennes. C\u2019est l\u2019autre extr\u00eame du regard, celui d\u2019aimer regarder toujours d\u2019en haut, d\u2019avoir une vue dominante, une vue qui organise et planifie. J\u2019aime bien baisser le regard, regarder ce que j\u2019ai sous les pieds. Je n\u2019arrive pas \u00e0 voir autrement qu\u2019en d\u00e9taillant les choses, en regardant ce qui est le plus pr\u00e8s de nous. Depuis l\u00e0-haut, toi et moi, on ne nous voit pas. Dans la nature, c\u2019est toi et moi qui m\u2019int\u00e9ressent. Mais toi et moi, \u00e7a ne marche jamais tout seul, il nous faut toujours quelqu\u2019un d\u2019autre. Les autres, ce sont les gens, les amis, la nuit, les plantes, les animaux. Sans toi et moi, les autres n\u2019existent pas. Je me suis attach\u00e9e \u00e0 ce qui m\u2019entoure au quotidien, \u00e0 ce qui peut sembler ordinaire. Ce regard est celui d\u2019une \u00e9trang\u00e8re. Notre regard est culturel et nous ne regardons pas tout seul. C\u2019est d\u2019un mouvement incessant entre le dehors et le dedans que notre regard se forme. Le regard est en nous, il observe, il distingue, il juge et fait la diff\u00e9rence. Mon regard est li\u00e9 \u00e0 des odeurs d\u2019enfance. Ici, je ne peux avoir de connaissance intime, premi\u00e8re, de ce qui m\u2019entoure. Le fait de ne pas avoir mes racines ici me permet d\u2019aborder avec un regard diff\u00e9rent ce qui peut sembler banal pour les autres. \u00bb<br \/>\nLiliana Motta<br \/>\n<em>\u00c9loge du dehors<\/em> \/ 2014 publi\u00e9 dans <em>Chim\u00e8res<\/em>\u00a0 n\u00b014<br \/>\ntexte en ligne <a href=\"https:\/\/www.cairn.info\/revue-chimeres-2014-1-page-11.htm\">https:\/\/www.cairn.info\/revue-chimeres-2014-1-page-11.htm<\/a><\/p>\n<p>*\u00abJe reste en plein air \u00e0 cause de l\u2019animal, du min\u00e9ral, du v\u00e9g\u00e9tal qui sont en moi.\u00bb Henry David Thoreau, Journal.<\/p>\n<p>le site de Liliana <a href=\"http:\/\/lilianamotta.fr\/\">http:\/\/lilianamotta.fr\/<\/a><\/p>\n<p>Liliana participe \u00e0 <em>La preuve par sept<\/em>, <a href=\"https:\/\/lapreuvepar7.fr\">https:\/\/lapreuvepar7.fr<\/a>\/, <span class=\"surligne\">un projet manifeste initi\u00e9 par Patrick Bouchain, \u00ab d<\/span>\u00e9marche exp\u00e9rimentale d\u2019urbanisme et d\u2019architecture qui travaille avec des porteurs de projets urbains, d\u2019\u00e9quipements, d\u2019habitat, en cours de d\u00e9veloppement \u00e0 travers la France, \u00e0 7 \u00e9chelles territoriales&nbsp;: un village, un bourg, une ville moyenne, des territoires m\u00e9tropolitains, une m\u00e9tropole, un \u00e9quipement structurant et un territoire d\u2019outre mer.<span class=\"text-surligne\"> L\u2019objectif <\/span>: promouvoir le recours \u00e0 la programmation ouverte&nbsp;; dessiner de nouvelles mani\u00e8res de construire la ville collectivement, au del\u00e0 du tandem \u00e9lu-technicien&nbsp;; promouvoir une r\u00e9flexion ancr\u00e9e dans la pratique quotidienne du terrain&nbsp;; et revendiquer un droit \u00e0 l\u2019exp\u00e9rimentation par les montages et les usages. Con\u00e7ue d\u00e8s le d\u00e9part comme ayant vocation \u00e0 s\u2019\u00e9largir et \u00e0 f\u00e9d\u00e9rer diff\u00e9rents acteurs, <em>la Preuve par 7<\/em> est port\u00e9e pour sa phase de d\u00e9marrage par Notre Atelier Commun, association cr\u00e9\u00e9e par Patrick Bouchain, et s\u2019appuie sur les expertises de la coop\u00e9rative Plateau Urbain et de l\u2019agence Palabres.\u00bb<\/p>\n<p>Le jardin des Hautes Haies dans la Sarthe<\/p>\n<p><a href=\"http:\/\/lantb.net\/figure\/wp-content\/uploads\/2020\/02\/Panorama-Herve-Brunon-1-couleur-et-taille_1.jpg\"><img loading=\"lazy\" decoding=\"async\" class=\"alignnone size-full wp-image-6043\" src=\"http:\/\/lantb.net\/figure\/wp-content\/uploads\/2020\/02\/Panorama-Herve-Brunon-1-couleur-et-taille_1.jpg\" alt=\"\" width=\"705\" height=\"477\" srcset=\"http:\/\/lantb.net\/figure\/wp-content\/uploads\/2020\/02\/Panorama-Herve-Brunon-1-couleur-et-taille_1.jpg 705w, http:\/\/lantb.net\/figure\/wp-content\/uploads\/2020\/02\/Panorama-Herve-Brunon-1-couleur-et-taille_1-300x203.jpg 300w, http:\/\/lantb.net\/figure\/wp-content\/uploads\/2020\/02\/Panorama-Herve-Brunon-1-couleur-et-taille_1-640x433.jpg 640w, http:\/\/lantb.net\/figure\/wp-content\/uploads\/2020\/02\/Panorama-Herve-Brunon-1-couleur-et-taille_1-150x101.jpg 150w\" sizes=\"auto, (max-width: 705px) 100vw, 705px\" \/><\/a><br \/>\nLa collection du jardin des Hautes Haies cr\u00e9\u00e9e par Liliana Motta, \u00e0 Saint-Paul-le Gaultier, dans les Alpes Mancelles au sein du Parc R\u00e9gional Normandie-Maine, s\u2019est constitu\u00e9e autour des genres <em>Polygonum<\/em>,<em> Reynoutria<\/em> et <em>Fallopia<\/em>.<\/p>\n<p><a href=\"http:\/\/www.de-hors.fr\/recherche\/eloge-du-dehors\/la-collection-de-polygonum\/2\/\">http:\/\/www.de-hors.fr\/recherche\/eloge-du-dehors\/la-collection-de-polygonum\/2\/<\/a><\/p>\n","protected":false},"excerpt":{"rendered":"<p>\u00ab Je suis dehors*, cette id\u00e9e me r\u00e9conforte. Seule dehors, toute rencontre est possible. Je n\u2019arrive pas \u00e0 comprendre une nature qui ne serait pas en lien avec nous. Je m\u2019int\u00e9resse \u00e0 elle dans le quotidien, dans le plus proche. Je n\u2019aime pas les vues d\u2019ensemble, ni les vues d\u2019en haut, les photos a\u00e9riennes. C\u2019est &hellip; <a href=\"http:\/\/lantb.net\/figure\/?p=6005\" class=\"more-link\">Continuer la lecture de <span class=\"screen-reader-text\">Liliana Motta. \u00c9loge du dehors<\/span><\/a><\/p>\n","protected":false},"author":1,"featured_media":0,"comment_status":"closed","ping_status":"closed","sticky":false,"template":"","format":"standard","meta":{"footnotes":""},"categories":[6,44,4,5,7],"tags":[],"class_list":["post-6005","post","type-post","status-publish","format-standard","hentry","category-artiste","category-everyday-life","category-green-attitude","category-reader","category-turquetil"],"_links":{"self":[{"href":"http:\/\/lantb.net\/figure\/index.php?rest_route=\/wp\/v2\/posts\/6005","targetHints":{"allow":["GET"]}}],"collection":[{"href":"http:\/\/lantb.net\/figure\/index.php?rest_route=\/wp\/v2\/posts"}],"about":[{"href":"http:\/\/lantb.net\/figure\/index.php?rest_route=\/wp\/v2\/types\/post"}],"author":[{"embeddable":true,"href":"http:\/\/lantb.net\/figure\/index.php?rest_route=\/wp\/v2\/users\/1"}],"replies":[{"embeddable":true,"href":"http:\/\/lantb.net\/figure\/index.php?rest_route=%2Fwp%2Fv2%2Fcomments&post=6005"}],"version-history":[{"count":17,"href":"http:\/\/lantb.net\/figure\/index.php?rest_route=\/wp\/v2\/posts\/6005\/revisions"}],"predecessor-version":[{"id":6050,"href":"http:\/\/lantb.net\/figure\/index.php?rest_route=\/wp\/v2\/posts\/6005\/revisions\/6050"}],"wp:attachment":[{"href":"http:\/\/lantb.net\/figure\/index.php?rest_route=%2Fwp%2Fv2%2Fmedia&parent=6005"}],"wp:term":[{"taxonomy":"category","embeddable":true,"href":"http:\/\/lantb.net\/figure\/index.php?rest_route=%2Fwp%2Fv2%2Fcategories&post=6005"},{"taxonomy":"post_tag","embeddable":true,"href":"http:\/\/lantb.net\/figure\/index.php?rest_route=%2Fwp%2Fv2%2Ftags&post=6005"}],"curies":[{"name":"wp","href":"https:\/\/api.w.org\/{rel}","templated":true}]}}