{"id":5650,"date":"2019-06-09T09:06:08","date_gmt":"2019-06-09T08:06:08","guid":{"rendered":"http:\/\/lantb.net\/figure\/?p=5650"},"modified":"2019-06-09T09:06:31","modified_gmt":"2019-06-09T08:06:31","slug":"picketty-lillusion-de-lecologie-centriste","status":"publish","type":"post","link":"http:\/\/lantb.net\/figure\/?p=5650","title":{"rendered":"Picketty. L\u2019illusion de l\u2019\u00e9cologie centriste"},"content":{"rendered":"<header>\n<div class=\"content-x-pad\">\n<div class=\"introduction clearfix\">\n<p class=\"tt1\">Chronique. Bonne nouvelle\u00a0: au vu des r\u00e9sultats des \u00e9lections europ\u00e9ennes, il semblerait que les citoyens fran\u00e7ais et europ\u00e9ens se soucient davantage du r\u00e9chauffement climatique. Le probl\u00e8me est que le scrutin qui s\u2019ach\u00e8ve n\u2019a gu\u00e8re permis de faire progresser le d\u00e9bat de fond. Concr\u00e8tement, avec quelles forces politiques les \u00e9cologistes comptent-ils gouverner et sur quel programme d\u2019action\u00a0? En France, les Verts ont certes r\u00e9alis\u00e9 un score honorable\u00a0: 13\u00a0% des voix. Mais vu qu\u2019ils avaient d\u00e9j\u00e0 obtenu 11\u00a0% lors des europ\u00e9ennes de 1989, 10\u00a0% en\u00a01999 et 16\u00a0% en\u00a02009, rien n\u2019indique qu\u2019une majorit\u00e9 \u00ab\u00a0Verte\u00a0\u00bb autonome soit \u00e0 port\u00e9e de main. Au Parlement europ\u00e9en, les Verts auront presque 10\u00a0% des si\u00e8ges (74 sur 751). C\u2019est mieux que dans le parlement sortant, ou leur part n\u2019\u00e9tait que de 7\u00a0% (51\u00a0si\u00e8ges), mais cela oblige \u00e0 clarifier la question des alliances. Or les responsables Verts, enivr\u00e9s par leur succ\u00e8s, notamment en France, refusent de dire s\u2019ils souhaitent gouverner avec la gauche ou la droite.<\/p>\n<\/div>\n<\/div>\n<\/header>\n<div class=\"content-x-pad\">\n<div class=\"article-body\">\n<p>Pourtant tout indique de plus en plus clairement que la r\u00e9solution du d\u00e9fi climatique ne pourra se faire sans un puissant mouvement de compression des in\u00e9galit\u00e9s sociales, \u00e0 tous les niveaux. Avec l\u2019ampleur actuelle des in\u00e9galit\u00e9s, la marche en avant vers la sobri\u00e9t\u00e9 \u00e9nerg\u00e9tique restera un v\u0153u pieux. D\u2019abord parce que les \u00e9missions carbone sont fortement concentr\u00e9es parmi les plus riches. Au niveau mondial, les 10\u00a0% les plus riches sont responsables de pr\u00e8s de la moiti\u00e9 des \u00e9missions, et les 1\u00a0% les plus riches \u00e9mettent \u00e0 eux seuls plus de carbone que la moiti\u00e9 la plus pauvre de la plan\u00e8te. La r\u00e9duction drastique du pouvoir d\u2019achat des plus riches aurait donc en tant que telle un impact substantiel sur la r\u00e9duction des \u00e9missions au niveau mondial.<\/p>\n<p>Par ailleurs, on voit mal comment les classes moyennes et populaires des pays riches comme des pays \u00e9mergents accepteraient de changer leur mode de vie (ce qui est pourtant indispensable) si on ne leur apporte pas la preuve que les plus ais\u00e9s sont mis \u00e0 contribution. La s\u00e9quence politique observ\u00e9e en France en\u00a02017-2019, \u00e9trangement absente de la campagne, apporte une illustration dramatique et embl\u00e9matique de ce besoin de justice. Le principe de la taxe carbone \u00e9tait relativement bien accept\u00e9 en France en\u00a02017, et il \u00e9tait pr\u00e9vu qu\u2019elle augmente r\u00e9guli\u00e8rement jusqu\u2019en\u00a02030 afin que le pays r\u00e9duise ses \u00e9missions, conform\u00e9ment aux engagements pris lors des accords de Paris.<\/p>\n<p class=\"intertitre\">M\u00e9contentement social<\/p>\n<p>Mais pour qu\u2019une telle progression soit acceptable, il est indispensable qu\u2019elle frappe les plus gros \u00e9metteurs au moins autant que les plus modestes, et que la totalit\u00e9 du produit de la taxe soit affect\u00e9e \u00e0 la transition \u00e9nerg\u00e9tique et \u00e0 l\u2019aide aux m\u00e9nages les plus touch\u00e9s. Le gouvernement Macron a fait tout le contraire\u00a0: les taxes sur les carburants pay\u00e9es par les plus modestes ont \u00e9t\u00e9 utilis\u00e9es pour financer d\u2019autres priorit\u00e9s, \u00e0 commencer par la suppression de l\u2019ISF <em>[imp\u00f4t de solidarit\u00e9 sur la fortune] <\/em>et de l\u2019imp\u00f4t progressif sur les revenus du capital. Comme l\u2019a montr\u00e9 l\u2019Institut des politiques publiques (IPP), il en a r\u00e9sult\u00e9 entre 2017 et 2019 <a href=\"https:\/\/www.ipp.eu\/wp-content\/uploads\/2018\/10\/ipp-menages-budget2019.pdf\">une augmentation de 6\u00a0% du pouvoir d\u2019achat des 1\u00a0% les plus riches et de 20\u00a0% des 0,1\u00a0% les plus riches<\/a>.<\/p>\n<p>Au vu du m\u00e9contentent social, le gouvernement aurait pu d\u00e9cider d\u2019annuler les cadeaux aux plus riches et de les consacrer enfin au climat et \u00e0 la compensation des plus modestes. Que nenni\u00a0: aussi but\u00e9 que Sarkozy de 2007 \u00e0 2012 avec son bouclier fiscal, Macron a pr\u00e9f\u00e9r\u00e9 s\u2019accrocher aux cadeaux aux plus ais\u00e9s et annuler les hausses de la taxe carbone, dont personne ne sait aujourd\u2019hui quand elles reprendront, au m\u00e9pris complet des accords de Paris. En choisissant de faire de <a href=\"lmfr:\/\/element\/article\/5429229?x4=5\">la suppression de l\u2019ISF<\/a> le marqueur absolu de sa politique, le parti pr\u00e9sidentiel a confirm\u00e9 qu\u2019il \u00e9tait bien l\u2019h\u00e9ritier de la droite lib\u00e9rale et pro-business. La structure sociologique de son \u00e9lectorat, centr\u00e9 sur les hauts revenus et patrimoines, en\u00a02017 et plus encore en\u00a02019, ne fait de ce point de vue aucun doute.<\/p>\n<p>Dans ces conditions, on peut se demander pourquoi les Verts fran\u00e7ais ou allemands envisagent de gouverner avec les lib\u00e9raux et les conservateurs. L\u2019envie d\u2019acc\u00e9der aux responsabilit\u00e9s est chose humaine. Mais est-on bien s\u00fbr que cela soit dans l\u2019int\u00e9r\u00eat de la plan\u00e8te\u00a0? Si les gauches et les \u00e9cologistes s\u2019\u00e9taient regroup\u00e9s en France, ils auraient \u00e9t\u00e9 devant les lib\u00e9raux et les nationalistes. S\u2019ils s\u2019unissaient au Parlement europ\u00e9en, ils formeraient de loin le plus grand groupe et pourraient peser davantage. Pour qu\u2019une telle ligne sociale-f\u00e9d\u00e9rale et \u00e9cologique puisse voir le jour, les divers partis de gauche vont aussi devoir parcourir une partie du chemin. Les \u00ab\u00a0insoumis\u00a0\u00bb en France ou Die Linke en Allemagne ne peuvent se contenter de dire qu\u2019ils veulent changer l\u2019Europe actuelle ou sortir des trait\u00e9s\u00a0: ils doivent expliquer dans quels nouveaux trait\u00e9s ils veulent entrer.<\/p>\n<p class=\"intertitre\">Sortir du combat de coqs<\/p>\n<p class=\"intertitre\">Quant aux socialistes et sociaux-d\u00e9mocrates, ils portent par leur pratique du pouvoir une responsabilit\u00e9 \u00e9minente dans la d\u00e9composition du syst\u00e8me politique, et ont un r\u00f4le central \u00e0 jouer pour permettre sa reconstruction. Il leur faudra reconna\u00eetre leurs erreurs pass\u00e9es\u00a0: ils ont largement contribu\u00e9 \u00e0 forger le cadre europ\u00e9en actuel, en particulier en organisant la libre circulation des capitaux sans taxation ni r\u00e9gulation commune, ou en faisant croire qu\u2019ils allaient ren\u00e9gocier des trait\u00e9s alors qu\u2019ils n\u2019avaient en r\u00e9alit\u00e9 aucune feuille de route pr\u00e9cise.<\/p>\n<\/div>\n<\/div>\n","protected":false},"excerpt":{"rendered":"<p>Chronique. Bonne nouvelle\u00a0: au vu des r\u00e9sultats des \u00e9lections europ\u00e9ennes, il semblerait que les citoyens fran\u00e7ais et europ\u00e9ens se soucient davantage du r\u00e9chauffement climatique. Le probl\u00e8me est que le scrutin qui s\u2019ach\u00e8ve n\u2019a gu\u00e8re permis de faire progresser le d\u00e9bat de fond. Concr\u00e8tement, avec quelles forces politiques les \u00e9cologistes comptent-ils gouverner et sur quel programme &hellip; <a href=\"http:\/\/lantb.net\/figure\/?p=5650\" class=\"more-link\">Continuer la lecture de <span class=\"screen-reader-text\">Picketty. L\u2019illusion de l\u2019\u00e9cologie centriste<\/span><\/a><\/p>\n","protected":false},"author":1,"featured_media":0,"comment_status":"closed","ping_status":"closed","sticky":false,"template":"","format":"standard","meta":{"footnotes":""},"categories":[44,4,5],"tags":[],"class_list":["post-5650","post","type-post","status-publish","format-standard","hentry","category-everyday-life","category-green-attitude","category-reader"],"_links":{"self":[{"href":"http:\/\/lantb.net\/figure\/index.php?rest_route=\/wp\/v2\/posts\/5650","targetHints":{"allow":["GET"]}}],"collection":[{"href":"http:\/\/lantb.net\/figure\/index.php?rest_route=\/wp\/v2\/posts"}],"about":[{"href":"http:\/\/lantb.net\/figure\/index.php?rest_route=\/wp\/v2\/types\/post"}],"author":[{"embeddable":true,"href":"http:\/\/lantb.net\/figure\/index.php?rest_route=\/wp\/v2\/users\/1"}],"replies":[{"embeddable":true,"href":"http:\/\/lantb.net\/figure\/index.php?rest_route=%2Fwp%2Fv2%2Fcomments&post=5650"}],"version-history":[{"count":1,"href":"http:\/\/lantb.net\/figure\/index.php?rest_route=\/wp\/v2\/posts\/5650\/revisions"}],"predecessor-version":[{"id":5651,"href":"http:\/\/lantb.net\/figure\/index.php?rest_route=\/wp\/v2\/posts\/5650\/revisions\/5651"}],"wp:attachment":[{"href":"http:\/\/lantb.net\/figure\/index.php?rest_route=%2Fwp%2Fv2%2Fmedia&parent=5650"}],"wp:term":[{"taxonomy":"category","embeddable":true,"href":"http:\/\/lantb.net\/figure\/index.php?rest_route=%2Fwp%2Fv2%2Fcategories&post=5650"},{"taxonomy":"post_tag","embeddable":true,"href":"http:\/\/lantb.net\/figure\/index.php?rest_route=%2Fwp%2Fv2%2Ftags&post=5650"}],"curies":[{"name":"wp","href":"https:\/\/api.w.org\/{rel}","templated":true}]}}