{"id":5634,"date":"2019-06-05T17:40:38","date_gmt":"2019-06-05T16:40:38","guid":{"rendered":"http:\/\/lantb.net\/figure\/?p=5634"},"modified":"2019-06-06T09:27:55","modified_gmt":"2019-06-06T08:27:55","slug":"naoto-fukasawa-le-concept-compact-life-propose-par-muji","status":"publish","type":"post","link":"http:\/\/lantb.net\/figure\/?p=5634","title":{"rendered":"Naoto Fukasawa. Le concept Compact Life propos\u00e9 par MUJI"},"content":{"rendered":"<p>Article assez \u00e9nigmatique paru sur le site Muj<\/p>\n<p>\u00ab \u00c0 une \u00e9poque satur\u00e9e de richesse mat\u00e9rielle, concepteur de produit internationalement acclam\u00e9, Naoto Fukasawa a particip\u00e9 au d\u00e9veloppement de nombreux produits et \u00e0 une vari\u00e9t\u00e9 de projets depuis 2002 en tant que membre du conseil consultatif de MUJI.\u00a0Fukasawa est connu pour des mod\u00e8les qui int\u00e8grent juste ce qu&rsquo;il faut de fonctionnel avec une forme absolument minimale. Il prend en compte non seulement la relation entre le comportement et l&rsquo;objet mais <span style=\"color: #339966;\">il s&rsquo;implique aussi dans l&rsquo;observation de l&rsquo;espace dans lequel la relation prend forme.<\/span> C&rsquo;est dans ce processus que ses produits, avec un tatazumai (la pr\u00e9sence d&rsquo;un objet) simple et minimaliste, sont n\u00e9s.<\/p>\n<p>Comment Fukasawa voit-il le concept Compact Life propos\u00e9 par MUJI&nbsp;?<\/p>\n<p>\u00abLe concept de la marque MUJI est arriv\u00e9 \u00e0 une p\u00e9riode o\u00f9 l&rsquo;\u00e9conomie japonaise connaissait une croissance rapide et les gens profitaient de la richesse mat\u00e9rielle. Donc, dans le concept d&rsquo;origine, il y avait un \u00e9l\u00e9ment solide qui \u00e9tait d&rsquo;avoir ses besoins journaliers d\u00e9j\u00e0 satisfaits.\u00a0C&rsquo;\u00e9tait une attitude g\u00e9n\u00e9r\u00e9e par le fait que les gens \u00e9taient satur\u00e9s de richesse mat\u00e9rielle, et dans ce sens, [le concept de Compact Life] montre un retour vers nos origines. En m\u00eame temps, je pense que le concept a saisi avec justesse la direction vers laquelle se dirige aujourd&rsquo;hui notre soci\u00e9t\u00e9.\u00bb<\/p>\n<p>Rangement comme murs, fonction comme extension du corps<\/p>\n<p>L\u2019environnement dans lequel nous vivons s&rsquo;est progressivement modifi\u00e9 avec des maisons et des appareils m\u00e9nagers qui ont \u00e9volu\u00e9 et le d\u00e9veloppement des technologies de l&rsquo;information. Fukasawa \u00e9value ces changements en termes de \u00abmurs et corps\u00bb. Il dit que la plupart des outils que nous utilisons chaque jour sans penser ont tendance \u00e0 \u00e9voluer comme des extensions soit de nos murs, soit de nos propres corps. Il explique&nbsp;: \u00abL&rsquo;exemple le plus clair de ceci est la t\u00e9l\u00e9vision. Les vieux t\u00e9l\u00e9viseurs \u00e9taient des ensembles \u00e0 tube cathodique, qui prenaient beaucoup de place. Ils ont \u00e9volu\u00e9 pour devenir des affichages \u00e0 cristaux liquides avec des \u00e9crans tr\u00e8s fins et les t\u00e9l\u00e9viseurs peuvent maintenant \u00eatre int\u00e9gr\u00e9s dans les murs o\u00f9 on peut les suspendre. D&rsquo;un autre c\u00f4t\u00e9, nous pouvons aussi maintenant regarder des vid\u00e9os sur des smartphones de la taille d&rsquo;une main et des tablettes.\u00a0Ces derniers sont des exemples d&rsquo;objets qui ont \u00e9volu\u00e9 pour devenir des extensions de nos corps.\u00bb\u00a0Regarder nos espaces de vie aujourd&rsquo;hui en ces termes apporte un \u00e9clairage sur la mani\u00e8re dont de nombreux objets correspondent \u00e0 cette description \u2014 l&rsquo;air conditionn\u00e9 et les \u00e9l\u00e9ments lumineux int\u00e9gr\u00e9s dans les plafonds, les appareils de cuisine h\u00e9berg\u00e9s dans des placards muraux.\u00a0\u00abNous nous dirigeons de fa\u00e7on progressive vers un monde dans lequel chaque forme dispara\u00eetra et o\u00f9 seule la fonction restera. Les choses continueront \u00e0 avancer dans ce sens.<br \/>\nPar cons\u00e9quent, il devrait \u00eatre possible dans le futur de vivre sans aucun objet mat\u00e9riel. <span style=\"color: #339966;\">Cependant, plus nous donnons la priorit\u00e9 \u00e0 la fonction et \u00e0 l&rsquo;efficacit\u00e9, plus nous perdons de richesse<\/span>. <span style=\"color: #339966;\">Et \u00e0 ce stade, nous trouvons des objets dont la pr\u00e9sence ne peut pas \u00eatre comprise comme des extensions d&rsquo;un mur ou de nos corps.<\/span>\u00bbFukasawa dit que lorsqu&rsquo;il concevait par le pass\u00e9 des produits pour des fabricants en Europe et en Am\u00e9rique du Nord, il appr\u00e9ciait leur approche dans laquelle la conception \u00e9tait discut\u00e9e pour chaque d\u00e9tail en profondeur \u2014 pas seulement la conception d&rsquo;une partie sp\u00e9cifique d&rsquo;un meuble. <span style=\"color: #339966;\">Si c&rsquo;\u00e9tait une table, qu&rsquo;est-ce qui pourrait s&rsquo;asseoir avec elle&nbsp;?\u00a0S&rsquo;il s&rsquo;agissait d&rsquo;\u00e9tag\u00e8res, quelle sorte de livres porteraient-elles et comment seraient-ils plac\u00e9s&nbsp;?<\/span> Cet int\u00e9r\u00eat particulier semble voir la conception d&rsquo;un produit comme un aspect d&rsquo;une conception d&rsquo;ambiance \u2014 la conception de mobilier comme une partie du processus de la conception de l&rsquo;espace dans son ensemble.<img loading=\"lazy\" decoding=\"async\" class=\"alignnone\" src=\"https:\/\/www.muji.com\/img\/compactlife\/column002_2.jpg\" alt=\"\" width=\"640\" height=\"406\" \/><\/p>\n<p><span style=\"color: #339966;\">\u00c0 propos de la conception d&rsquo;ambiance<\/span><\/p>\n<p>\u00abJ&rsquo;ai r\u00e9cemment transform\u00e9 un placard dans ma maison.\u00a0Au cours du processus, j&rsquo;ai regard\u00e9 avec attention chaque veste que je voulais y suspendre. J&rsquo;ai s\u00e9lectionn\u00e9 seulement les meilleures vestes et celles que j&rsquo;aime porter.\u00a0J&rsquo;ai seulement gard\u00e9 environ la moiti\u00e9 de celles que je poss\u00e9dais, et ceci m&rsquo;a donn\u00e9 beaucoup plus de place \u2014 environ 10 centim\u00e8tres entre les cintres. Au premier coup d&rsquo;\u0153il, on n&rsquo;a pas l&rsquo;impression qu&rsquo;il existe quelque chose entre mes vestes mais de fait, il y a de l&rsquo;espace vide&nbsp;; il est l\u00e0. En ajoutant cet espace vide, j&rsquo;ai repens\u00e9 la fa\u00e7on dont le placard fonctionne dans son ensemble, y compris cet espace invisible qui est pourtant un flux tr\u00e8s r\u00e9el.\u00bb<\/p>\n<p>Une vie bien con\u00e7ue n&rsquo;est pas simplement une question de quelques possessions ou d&rsquo;organisation des choses et de leur bon rangement. <span style=\"color: #339966;\">Ce qui est important est d&rsquo;identifier pour soi ces objets dont la pr\u00e9sence ne peut pas \u00eatre comprise comme des extensions d&rsquo;un mur ou de nos corps et d&rsquo;amener ces objets dans le fonctionnement de nos vies de tous les jours<\/span>. Par exemple, attirer l&rsquo;attention sur la beaut\u00e9 du vide d&rsquo;un espace particulier sur une \u00e9tag\u00e8re en y pla\u00e7ant une pierre trouv\u00e9e lors d&rsquo;un voyage ou bien un objet cr\u00e9\u00e9 par un ma\u00eetre-artisan. Le mus\u00e9e de l&rsquo;artisanat populaire du Japon, o\u00f9 Fukasawa a \u00e9t\u00e9 directeur, est certainement une excellente ressource \u00e0 cet \u00e9gard.\u00abLes objets qui sont totalement ordinaires mais qui vieillissent exactement comme il faut nous captivent. Cela arrive, n&rsquo;est-ce pas&nbsp;? Ces objets ont une richesse qui est l&rsquo;exact oppos\u00e9 de la richesse mat\u00e9rielle et peut-\u00eatre que c&rsquo;est la raison pour laquelle ils sont si captivants. <span style=\"color: #339966;\">Comme les \u00e9l\u00e9ments de notre vie quotidienne se d\u00e9veloppent pour \u00eatre des extensions soit de notre mur, soit de nos corps, l&rsquo;id\u00e9e de Compact Life d\u00e9crit un style d&rsquo;espaces englobants qui se font ressentir comme des parts de luxe.<\/span><\/p>\n","protected":false},"excerpt":{"rendered":"<p>Article assez \u00e9nigmatique paru sur le site Muj \u00ab \u00c0 une \u00e9poque satur\u00e9e de richesse mat\u00e9rielle, concepteur de produit internationalement acclam\u00e9, Naoto Fukasawa a particip\u00e9 au d\u00e9veloppement de nombreux produits et \u00e0 une vari\u00e9t\u00e9 de projets depuis 2002 en tant que membre du conseil consultatif de MUJI.\u00a0Fukasawa est connu pour des mod\u00e8les qui int\u00e8grent juste &hellip; <a href=\"http:\/\/lantb.net\/figure\/?p=5634\" class=\"more-link\">Continuer la lecture de <span class=\"screen-reader-text\">Naoto Fukasawa. Le concept Compact Life propos\u00e9 par MUJI<\/span><\/a><\/p>\n","protected":false},"author":1,"featured_media":0,"comment_status":"closed","ping_status":"closed","sticky":false,"template":"","format":"standard","meta":{"footnotes":""},"categories":[6,44,5],"tags":[],"class_list":["post-5634","post","type-post","status-publish","format-standard","hentry","category-artiste","category-everyday-life","category-reader"],"_links":{"self":[{"href":"http:\/\/lantb.net\/figure\/index.php?rest_route=\/wp\/v2\/posts\/5634","targetHints":{"allow":["GET"]}}],"collection":[{"href":"http:\/\/lantb.net\/figure\/index.php?rest_route=\/wp\/v2\/posts"}],"about":[{"href":"http:\/\/lantb.net\/figure\/index.php?rest_route=\/wp\/v2\/types\/post"}],"author":[{"embeddable":true,"href":"http:\/\/lantb.net\/figure\/index.php?rest_route=\/wp\/v2\/users\/1"}],"replies":[{"embeddable":true,"href":"http:\/\/lantb.net\/figure\/index.php?rest_route=%2Fwp%2Fv2%2Fcomments&post=5634"}],"version-history":[{"count":11,"href":"http:\/\/lantb.net\/figure\/index.php?rest_route=\/wp\/v2\/posts\/5634\/revisions"}],"predecessor-version":[{"id":5636,"href":"http:\/\/lantb.net\/figure\/index.php?rest_route=\/wp\/v2\/posts\/5634\/revisions\/5636"}],"wp:attachment":[{"href":"http:\/\/lantb.net\/figure\/index.php?rest_route=%2Fwp%2Fv2%2Fmedia&parent=5634"}],"wp:term":[{"taxonomy":"category","embeddable":true,"href":"http:\/\/lantb.net\/figure\/index.php?rest_route=%2Fwp%2Fv2%2Fcategories&post=5634"},{"taxonomy":"post_tag","embeddable":true,"href":"http:\/\/lantb.net\/figure\/index.php?rest_route=%2Fwp%2Fv2%2Ftags&post=5634"}],"curies":[{"name":"wp","href":"https:\/\/api.w.org\/{rel}","templated":true}]}}