{"id":5516,"date":"2019-03-07T09:22:26","date_gmt":"2019-03-07T08:22:26","guid":{"rendered":"http:\/\/lantb.net\/figure\/?p=5516"},"modified":"2019-03-18T10:17:11","modified_gmt":"2019-03-18T09:17:11","slug":"claparede-la-maison-des-petits","status":"publish","type":"post","link":"http:\/\/lantb.net\/figure\/?p=5516","title":{"rendered":"\u00c9douard Clapar\u00e8de. La maison des petits"},"content":{"rendered":"<p><a href=\"https:\/\/www.unige.ch\/archives\/aijjr\/fonds\/mdp\/\">https:\/\/www.unige.ch\/archives\/aijjr\/fonds\/mdp\/<\/a><\/p>\n<p>La Maison des Petits, cr\u00e9\u00e9e d\u00e8s 1913 comme \u00e9cole exp\u00e9rimentale et d\u2019application de l\u2019Institut Rousseau.<\/p>\n<p><a href=\"https:\/\/www.unige.ch\/archives\/aijjr\/\">https:\/\/www.unige.ch\/archives\/<\/a><\/p>\n<p><a href=\"https:\/\/www.unige.ch\/archives\/aijjr\/archives\/\">https:\/\/www.unige.ch\/archives\/aijjr\/archives\/<\/a><\/p>\n<p><img loading=\"lazy\" decoding=\"async\" class=\"alignnone wp-image-5521 size-full\" src=\"http:\/\/lantb.net\/figure\/wp-content\/uploads\/2019\/03\/A0665967-EF7E-4867-9AB5-05AE2F19208C.jpeg\" alt=\"\" width=\"616\" height=\"241\" srcset=\"http:\/\/lantb.net\/figure\/wp-content\/uploads\/2019\/03\/A0665967-EF7E-4867-9AB5-05AE2F19208C.jpeg 616w, http:\/\/lantb.net\/figure\/wp-content\/uploads\/2019\/03\/A0665967-EF7E-4867-9AB5-05AE2F19208C-300x117.jpeg 300w, http:\/\/lantb.net\/figure\/wp-content\/uploads\/2019\/03\/A0665967-EF7E-4867-9AB5-05AE2F19208C-150x59.jpeg 150w\" sizes=\"auto, (max-width: 616px) 100vw, 616px\" \/><\/p>\n<p>Les AIJJR&nbsp;:\u00a0Des ressources documentaires pr\u00e9cieuses pour l\u2019histoire de l\u2019\u00e9ducation et des sciences de l\u2019\u00e9ducation en Suisse et dans le monde<\/p>\n<p>La maison des petits<\/p>\n<p><a href=\"http:\/\/lantb.net\/figure\/wp-content\/uploads\/2019\/03\/BAD88A46-AAEF-4D39-8B25-7CE4F0394858.jpeg\"><img loading=\"lazy\" decoding=\"async\" class=\"alignnone wp-image-5526\" src=\"http:\/\/lantb.net\/figure\/wp-content\/uploads\/2019\/03\/BAD88A46-AAEF-4D39-8B25-7CE4F0394858.jpeg\" alt=\"\" width=\"640\" height=\"352\" srcset=\"http:\/\/lantb.net\/figure\/wp-content\/uploads\/2019\/03\/BAD88A46-AAEF-4D39-8B25-7CE4F0394858.jpeg 1132w, http:\/\/lantb.net\/figure\/wp-content\/uploads\/2019\/03\/BAD88A46-AAEF-4D39-8B25-7CE4F0394858-300x165.jpeg 300w, http:\/\/lantb.net\/figure\/wp-content\/uploads\/2019\/03\/BAD88A46-AAEF-4D39-8B25-7CE4F0394858-768x423.jpeg 768w, http:\/\/lantb.net\/figure\/wp-content\/uploads\/2019\/03\/BAD88A46-AAEF-4D39-8B25-7CE4F0394858-640x352.jpeg 640w, http:\/\/lantb.net\/figure\/wp-content\/uploads\/2019\/03\/BAD88A46-AAEF-4D39-8B25-7CE4F0394858-150x83.jpeg 150w\" sizes=\"auto, (max-width: 640px) 100vw, 640px\" \/><\/a><br \/>\n<img loading=\"lazy\" decoding=\"async\" class=\"alignnone wp-image-5529\" src=\"http:\/\/lantb.net\/figure\/wp-content\/uploads\/2019\/03\/981DBA07-34A5-45E5-B9F1-7769B6BBC253.jpeg\" alt=\"\" width=\"640\" height=\"292\" srcset=\"http:\/\/lantb.net\/figure\/wp-content\/uploads\/2019\/03\/981DBA07-34A5-45E5-B9F1-7769B6BBC253.jpeg 1055w, http:\/\/lantb.net\/figure\/wp-content\/uploads\/2019\/03\/981DBA07-34A5-45E5-B9F1-7769B6BBC253-300x137.jpeg 300w, http:\/\/lantb.net\/figure\/wp-content\/uploads\/2019\/03\/981DBA07-34A5-45E5-B9F1-7769B6BBC253-768x350.jpeg 768w, http:\/\/lantb.net\/figure\/wp-content\/uploads\/2019\/03\/981DBA07-34A5-45E5-B9F1-7769B6BBC253-640x292.jpeg 640w, http:\/\/lantb.net\/figure\/wp-content\/uploads\/2019\/03\/981DBA07-34A5-45E5-B9F1-7769B6BBC253-150x68.jpeg 150w\" sizes=\"auto, (max-width: 640px) 100vw, 640px\" \/><\/p>\n<p>&nbsp;<\/p>\n","protected":false},"excerpt":{"rendered":"<p>https:\/\/www.unige.ch\/archives\/aijjr\/fonds\/mdp\/ La Maison des Petits, cr\u00e9\u00e9e d\u00e8s 1913 comme \u00e9cole exp\u00e9rimentale et d\u2019application de l\u2019Institut Rousseau. https:\/\/www.unige.ch\/archives\/ https:\/\/www.unige.ch\/archives\/aijjr\/archives\/ Les AIJJR&nbsp;:\u00a0Des ressources documentaires pr\u00e9cieuses pour l\u2019histoire de l\u2019\u00e9ducation et des sciences de l\u2019\u00e9ducation en Suisse et dans le monde La maison des petits &nbsp;<\/p>\n","protected":false},"author":1,"featured_media":0,"comment_status":"closed","ping_status":"closed","sticky":false,"template":"","format":"standard","meta":{"footnotes":""},"categories":[69,44,5],"tags":[],"class_list":["post-5516","post","type-post","status-publish","format-standard","hentry","category-care","category-everyday-life","category-reader"],"_links":{"self":[{"href":"http:\/\/lantb.net\/figure\/index.php?rest_route=\/wp\/v2\/posts\/5516","targetHints":{"allow":["GET"]}}],"collection":[{"href":"http:\/\/lantb.net\/figure\/index.php?rest_route=\/wp\/v2\/posts"}],"about":[{"href":"http:\/\/lantb.net\/figure\/index.php?rest_route=\/wp\/v2\/types\/post"}],"author":[{"embeddable":true,"href":"http:\/\/lantb.net\/figure\/index.php?rest_route=\/wp\/v2\/users\/1"}],"replies":[{"embeddable":true,"href":"http:\/\/lantb.net\/figure\/index.php?rest_route=%2Fwp%2Fv2%2Fcomments&post=5516"}],"version-history":[{"count":11,"href":"http:\/\/lantb.net\/figure\/index.php?rest_route=\/wp\/v2\/posts\/5516\/revisions"}],"predecessor-version":[{"id":5552,"href":"http:\/\/lantb.net\/figure\/index.php?rest_route=\/wp\/v2\/posts\/5516\/revisions\/5552"}],"wp:attachment":[{"href":"http:\/\/lantb.net\/figure\/index.php?rest_route=%2Fwp%2Fv2%2Fmedia&parent=5516"}],"wp:term":[{"taxonomy":"category","embeddable":true,"href":"http:\/\/lantb.net\/figure\/index.php?rest_route=%2Fwp%2Fv2%2Fcategories&post=5516"},{"taxonomy":"post_tag","embeddable":true,"href":"http:\/\/lantb.net\/figure\/index.php?rest_route=%2Fwp%2Fv2%2Ftags&post=5516"}],"curies":[{"name":"wp","href":"https:\/\/api.w.org\/{rel}","templated":true}]}}