{"id":5482,"date":"2019-02-25T12:20:06","date_gmt":"2019-02-25T11:20:06","guid":{"rendered":"http:\/\/lantb.net\/figure\/?p=5482"},"modified":"2019-02-25T16:11:46","modified_gmt":"2019-02-25T15:11:46","slug":"claude-levi-strauss-schema-annote-du-programme-ideologique-de-la-galerie-culturelle-du-mnatp-1963","status":"publish","type":"post","link":"http:\/\/lantb.net\/figure\/?p=5482","title":{"rendered":"Claude L\u00e9vi-Strauss sch\u00e9ma annot\u00e9 du programme id\u00e9ologique de la galerie culturelle du MNATP 1963. GHR 2 \/ 3"},"content":{"rendered":"<p><a href=\"http:\/\/lantb.net\/figure\/wp-content\/uploads\/2019\/02\/levi-strauss-galerie-culturelle-plan.jpg\"><img loading=\"lazy\" decoding=\"async\" class=\"alignnone wp-image-5486\" src=\"http:\/\/lantb.net\/figure\/wp-content\/uploads\/2019\/02\/levi-strauss-galerie-culturelle-plan.jpg\" alt=\"\" width=\"640\" height=\"820\" srcset=\"http:\/\/lantb.net\/figure\/wp-content\/uploads\/2019\/02\/levi-strauss-galerie-culturelle-plan.jpg 1662w, http:\/\/lantb.net\/figure\/wp-content\/uploads\/2019\/02\/levi-strauss-galerie-culturelle-plan-234x300.jpg 234w, http:\/\/lantb.net\/figure\/wp-content\/uploads\/2019\/02\/levi-strauss-galerie-culturelle-plan-768x984.jpg 768w, http:\/\/lantb.net\/figure\/wp-content\/uploads\/2019\/02\/levi-strauss-galerie-culturelle-plan-499x640.jpg 499w, http:\/\/lantb.net\/figure\/wp-content\/uploads\/2019\/02\/levi-strauss-galerie-culturelle-plan-117x150.jpg 117w\" sizes=\"auto, (max-width: 640px) 100vw, 640px\" \/><\/a><br \/>\nClaude L\u00e9vi-Strauss Sch\u00e9ma annot\u00e9 du programme id\u00e9ologique de la galerie culturelle du Mus\u00e9e Nationale d&rsquo;Arts et Traditions Populaires 1963 Pierrefitte-sur-Seine, archives nationales, CA. 1963.12<br \/>\nin <a href=\"http:\/\/www.mucem.org\/programme\/exposition-et-temps-forts\/georges-henri-riviere\"><em>Georges-Henri Rivi\u00e8re Voir, c&rsquo;est comprendre<\/em><\/a>, Mucem, p.257<br \/>\n\u00ab Galerie culturelle et galerie d&rsquo;\u00e9tude. La galerie culturelle est situ\u00e9e au rez-de-chauss\u00e9e du MNATP sur 2360 m\u00e8tres carr\u00e9s. Elle est inaugur\u00e9e en 1975 et s&rsquo;appuie sur un sch\u00e9ma structurel pens\u00e9 par Claude L\u00e9vy-Strauss. Elle s&rsquo;adresse \u00e0 tous les publics et d\u00e9veloppe une mus\u00e9ographie situant l&rsquo;objet dans son contexte. La galerie d&rsquo;\u00e9tude est situ\u00e9e en dessous de la galerie culturelle. Elle est inaugur\u00e9e en 1972 et s&rsquo;appuie sur la m\u00e9thode d&rsquo;Andr\u00e9 Leroy-Gourhan. Compos\u00e9e de rues, vitrines et alv\u00e9oles, elle est con\u00e7ue comme une r\u00e9serve visitable dans laquelle 4000 objets sont pr\u00e9sent\u00e9s de mani\u00e8re s\u00e9rielle.\u00bb\u00a0 MCC p. 256<\/p>\n","protected":false},"excerpt":{"rendered":"<p>Claude L\u00e9vi-Strauss Sch\u00e9ma annot\u00e9 du programme id\u00e9ologique de la galerie culturelle du Mus\u00e9e Nationale d&rsquo;Arts et Traditions Populaires 1963 Pierrefitte-sur-Seine, archives nationales, CA. 1963.12 in Georges-Henri Rivi\u00e8re Voir, c&rsquo;est comprendre, Mucem, p.257 \u00ab Galerie culturelle et galerie d&rsquo;\u00e9tude. La galerie culturelle est situ\u00e9e au rez-de-chauss\u00e9e du MNATP sur 2360 m\u00e8tres carr\u00e9s. Elle est inaugur\u00e9e en &hellip; <a href=\"http:\/\/lantb.net\/figure\/?p=5482\" class=\"more-link\">Continuer la lecture de <span class=\"screen-reader-text\">Claude L\u00e9vi-Strauss sch\u00e9ma annot\u00e9 du programme id\u00e9ologique de la galerie culturelle du MNATP 1963. GHR 2 \/ 3<\/span><\/a><\/p>\n","protected":false},"author":1,"featured_media":0,"comment_status":"closed","ping_status":"closed","sticky":false,"template":"","format":"standard","meta":{"footnotes":""},"categories":[57,72,44],"tags":[],"class_list":["post-5482","post","type-post","status-publish","format-standard","hentry","category-bibliographie","category-ethnologie","category-everyday-life"],"_links":{"self":[{"href":"http:\/\/lantb.net\/figure\/index.php?rest_route=\/wp\/v2\/posts\/5482","targetHints":{"allow":["GET"]}}],"collection":[{"href":"http:\/\/lantb.net\/figure\/index.php?rest_route=\/wp\/v2\/posts"}],"about":[{"href":"http:\/\/lantb.net\/figure\/index.php?rest_route=\/wp\/v2\/types\/post"}],"author":[{"embeddable":true,"href":"http:\/\/lantb.net\/figure\/index.php?rest_route=\/wp\/v2\/users\/1"}],"replies":[{"embeddable":true,"href":"http:\/\/lantb.net\/figure\/index.php?rest_route=%2Fwp%2Fv2%2Fcomments&post=5482"}],"version-history":[{"count":9,"href":"http:\/\/lantb.net\/figure\/index.php?rest_route=\/wp\/v2\/posts\/5482\/revisions"}],"predecessor-version":[{"id":5498,"href":"http:\/\/lantb.net\/figure\/index.php?rest_route=\/wp\/v2\/posts\/5482\/revisions\/5498"}],"wp:attachment":[{"href":"http:\/\/lantb.net\/figure\/index.php?rest_route=%2Fwp%2Fv2%2Fmedia&parent=5482"}],"wp:term":[{"taxonomy":"category","embeddable":true,"href":"http:\/\/lantb.net\/figure\/index.php?rest_route=%2Fwp%2Fv2%2Fcategories&post=5482"},{"taxonomy":"post_tag","embeddable":true,"href":"http:\/\/lantb.net\/figure\/index.php?rest_route=%2Fwp%2Fv2%2Ftags&post=5482"}],"curies":[{"name":"wp","href":"https:\/\/api.w.org\/{rel}","templated":true}]}}