{"id":5211,"date":"2018-11-23T10:55:33","date_gmt":"2018-11-23T09:55:33","guid":{"rendered":"http:\/\/lantb.net\/figure\/?p=5211"},"modified":"2018-11-23T10:57:29","modified_gmt":"2018-11-23T09:57:29","slug":"hulot","status":"publish","type":"post","link":"http:\/\/lantb.net\/figure\/?p=5211","title":{"rendered":"Hulot"},"content":{"rendered":"<p>Taxe carbone\u00a0: \u00ab\u00a0Il manque un accompagnement social\u00a0\u00bb, affirme Nicolas Hulot. Pierre Le Hir. Le Monde.fr<\/p>\n<p>Interrog\u00e9 sur France 2, l\u2019ancien ministre de la transition \u00e9cologique a pass\u00e9 en revue la crise des \u00ab\u00a0gilets jaunes\u00a0\u00bb et l\u2019avenir du nucl\u00e9aire.<\/p>\n<p>En pleine crise des \u00ab\u00a0gilets jaunes\u00a0\u00bb qui contestent la taxe carbone, l\u2019ex-ministre de la transition \u00e9cologique, Nicolas Hulot, est sorti de son silence, jeudi 22\u00a0novembre, sur le plateau de \u00ab\u00a0L\u2019Emission politique\u00a0\u00bb de France\u00a02.<em> \u00ab\u00a0A titre personnel, je vais bien<\/em>, a-t-il d\u00e9clar\u00e9. <em>Mais pour aller bien, il faut ne pas regarder la r\u00e9alit\u00e9 en face.<\/em><\/p>\n<p>Questionn\u00e9 sur son d\u00e9part, il a confirm\u00e9 qu\u2019il ne savait pas, jusqu\u2019au dernier moment, qu\u2019il allait d\u00e9missionner. <em>\u00ab\u00a0C\u2019est sorti tout seul. A partir du moment o\u00f9 je restais, je cautionnais l\u2019impression qu\u2019on \u00e9tait \u00e0 la hauteur des enjeux\u00a0\u00bb<\/em>, a-t-il expliqu\u00e9. Il ne regrette toutefois pas sa d\u00e9cision, d\u2019autant plus <em>\u00ab\u00a0qu\u2019elle a \u00e9t\u00e9 comprise\u00a0\u00bb<\/em>, estime-t-il. <em>\u00ab\u00a0On n\u2019avait pas le m\u00eame diagnostic<\/em> [avec Emmanuel Macron] <em>\u00e0 propos du r\u00e9chauffement climatique\u00a0\u00bb<\/em>, a-t-il dit.<\/p>\n<p>A propos des \u00ab\u00a0gilets jaunes\u00a0\u00bb et de la taxe carbone, qu\u2019il a d\u00e9fendue et assume, Nicolas Hulot juge qu\u2019il a manqu\u00e9 <em>\u00ab\u00a0un accompagnement social digne de ce nom\u00a0\u00bb<\/em>. Il a aussi d\u00e9nonc\u00e9, sur France 2, une fiscalit\u00e9 in\u00e9quitable. Selon lui, la crise des \u00ab\u00a0gilets jaunes\u00a0\u00bb \u00e9tait <em>\u00ab\u00a0\u00e9vitable\u00a0\u00bb<\/em>\u00a0:<em> \u00ab\u00a0Je me suis battu, et notamment les semaines qui ont pr\u00e9c\u00e9d\u00e9 mon d\u00e9part, pour qu\u2019on change compl\u00e8tement d\u2019\u00e9chelle dans l\u2019accompagnement social de la transition \u00e9nerg\u00e9tique et \u00e9cologique, avec des propositions concr\u00e8tes. Je n\u2019ai pas \u00e9t\u00e9 entendu\u00a0\u00bb<\/em>, a-t-il confi\u00e9.<\/p>\n<p><em>\u00ab\u00a0J\u2019aurais pr\u00e9f\u00e9r\u00e9 ne pas avoir eu raison sur le risque d\u2019emballement que l\u2019on conna\u00eet\u00a0\u00bb<\/em>, a-t-il ajout\u00e9, d\u00e9plorant notamment le refus du gouvernement d\u2019allouer 10\u00a0% des cr\u00e9dits g\u00e9n\u00e9r\u00e9s par l\u2019augmentation de la taxe carbone \u00e0 cet accompagnement et une baisse des aides pour r\u00e9nover les b\u00e2timents et les \u00ab\u00a0passoires\u00a0\u00bb thermiques.<\/p>\n<h2 class=\"intertitre\">\u00ab\u00a0La fin du monde\u00a0\u00bb<\/h2>\n<p>Assurant avoir une <em>\u00ab\u00a0cruelle conscience\u00a0\u00bb<\/em>des <em>\u00ab\u00a0probl\u00e8mes de fin de mois\u00a0\u00bb<\/em> de certains Fran\u00e7ais, il a appel\u00e9 l\u2019ex\u00e9cutif \u00e0 saisir la proposition de la CFDT d\u2019organiser les \u00e9tats g\u00e9n\u00e9raux de la transition \u00e9cologique. <em>\u00ab\u00a0Ce sont les plus faibles, les plus vuln\u00e9rables qui se paient les cons\u00e9quences du r\u00e9chauffement climatique\u00a0\u00bb<\/em>, a appuy\u00e9 l\u2019ancien ministre, \u00e9voquant les inondations \u00e0 r\u00e9p\u00e9tition ou la pollution par les algues sargasses, et regrettant cette <em>\u00ab\u00a0confrontation\u00a0\u00bb<\/em> entre l\u2019\u00e9cologie et le social.<\/p>\n<p>Auteur du plan Climat lanc\u00e9 en juillet\u00a02017, afin d\u2019acc\u00e9l\u00e9rer la mise en \u0153uvre de l\u2019accord de Paris de d\u00e9cembre\u00a02015, Nicolas Hulot a d\u00e9fendu l\u2019urgence de s\u2019occuper, outre de la col\u00e8re populaire, d\u2019un <em>\u00ab\u00a0sujet qui s\u2019appelle, ni plus ni moins, la fin du monde\u00a0\u00bb<\/em>.<\/p>\n<p>A d\u00e9faut d\u2019avoir pu peser sur les derniers arbitrages de la programmation pluriannuelle de l\u2019\u00e9nergie (PPE) que le chef de l\u2019Etat doit pr\u00e9senter mardi 27 novembre, M. Hulot a d\u00e9fini, comme un testament, la feuille de route qui devrait selon lui \u00eatre suivie. Avec un discours tr\u00e8s ferme sur le nucl\u00e9aire, qu\u2019il avait qualifi\u00e9, lors de l\u2019annonce de sa d\u00e9mission du gouvernement, le 28 ao\u00fbt, de <em>\u00ab\u00a0folie inutile \u00e9conomiquement, techniquement, dans laquelle on s\u2019ent\u00eate\u00a0\u00bb<\/em>.<\/p>\n<p>S\u2019il <em>\u00ab\u00a0assume\u00a0\u00bb<\/em> l\u2019abandon de l\u2019\u00e9ch\u00e9ance de 2025, inscrite dans la loi de transition \u00e9nerg\u00e9tique, pour r\u00e9duire la part de l\u2019\u00e9lectricit\u00e9 d\u2019origine nucl\u00e9aire \u00e0 50 % (contre pr\u00e8s de 75 % aujourd\u2019hui), il estime qu\u2019il faut <em>\u00ab\u00a0un calendrier\u00a0\u00bb<\/em> et <em>\u00ab\u00a0un \u00e9ch\u00e9ancier\u00a0\u00bb<\/em> de fermetures de r\u00e9acteurs, mais aussi qu\u2019il faut donner le nom des installations qui seront mises \u00e0 l\u2019arr\u00eat.<\/p>\n<h2 class=\"intertitre\">Mille milliards d\u2019euros<\/h2>\n<p>Alors que certains sc\u00e9narios \u00e9tudi\u00e9s par l\u2019ex\u00e9cutif ne pr\u00e9voient aucune fermeture sur la p\u00e9riode couverte par la PPE, c\u2019est-\u00e0-dire d\u2019ici \u00e0 2028, il pr\u00f4ne au contraire l\u2019arr\u00eat de six r\u00e9acteurs avant cette date, en plus des deux tranches de la centrale alsacienne de Fessenheim, dont la d\u00e9connexion du r\u00e9seau est d\u00e9j\u00e0 acquise. <em>\u00ab\u00a0Si on attend les derni\u00e8res ann\u00e9es<\/em> [pour arr\u00eater des r\u00e9acteurs]<em>, je vous fiche mon billet que \u00e7a ne se fera pas\u00a0\u00bb<\/em>, a-t-il proph\u00e9tis\u00e9. Il se dit aussi hostile \u00e0 toute programmation de construction de nouveaux EPR&nbsp;: <em>\u00ab\u00a0Relancer les EPR maintenant, c\u2019est condamner le d\u00e9veloppement des \u00e9nergies renouvelables\u00a0\u00bb<\/em>, pr\u00e9vient-il, en appelant \u00e0 <em>\u00ab\u00a0mettre le paquet sur l\u2019efficacit\u00e9 \u00e9nerg\u00e9tique et la r\u00e9duction de la consommation\u00a0\u00bb<\/em>. Et de mettre sur la table une proposition, d\u00e9j\u00e0 formul\u00e9e par certains&nbsp;: <em>\u00ab\u00a0Injecter 1\u00a0000 milliards d\u2019euros dans la transition \u00e9nerg\u00e9tique au niveau europ\u00e9en\u00a0\u00bb<\/em>.<\/p>\n<p>M. Hulot, qui n\u2019a pas toujours \u00e9t\u00e9 un farouche antinucl\u00e9aire, affiche aujourd\u2019hui <em>\u00ab\u00a0de grandes r\u00e9serves\u00a0\u00bb<\/em> vis-\u00e0-vis de cette \u00e9nergie, en raison des risques qu\u2019elle pr\u00e9sente mais aussi des d\u00e9chets qu\u2019elle g\u00e9n\u00e8re. <em>\u00ab\u00a0Des d\u00e9chets qu\u2019on va mettre \u00e0 Bure<\/em>[le site meusien retenu pour l\u2019enfouissement des r\u00e9sidus les plus radioactifs] <em>parce qu\u2019on ne sait pas o\u00f9 les mettre\u00a0\u00bb<\/em>, pointe-t-il, ajoutant&nbsp;: <em>\u00ab\u00a0Si on fait trois ou quatre EPR, \u00e7a veut dire qu\u2019on va faire trois ou quatre Bure&nbsp;? Eh bien bon courage&nbsp;!\u00a0\u00bb<\/em><\/p>\n<p>Face \u00e0 une agricultrice c\u00e9r\u00e9ali\u00e8re du Tarn, l\u2019ex-ministre a d\u00fb cette fois d\u00e9fendre son bilan, en justifiant la d\u00e9cision du gouvernement de sortir du glyphosate d\u2019ici trois ans. Il a mis en avant les exigences de sant\u00e9 et d\u2019environnement, mais aussi d\u2019accompagnement des agriculteurs dans cette transition. Une fa\u00e7on, selon lui, de <em>\u00ab\u00a0concilier le court terme et le long terme\u00a0\u00bb<\/em>, de ne pas opposer <em>\u00ab\u00a0les fins de mois difficiles des Fran\u00e7ais\u00a0\u00bb<\/em> et <em>\u00ab\u00a0la fin du monde, en tout cas d\u2019un monde pacifique\u00a0\u00bb<\/em> annonc\u00e9e par <em>\u00ab\u00a0la crise \u00e9cologique\u00a0\u00bb<\/em>.<\/p>\n","protected":false},"excerpt":{"rendered":"<p>Taxe carbone\u00a0: \u00ab\u00a0Il manque un accompagnement social\u00a0\u00bb, affirme Nicolas Hulot. Pierre Le Hir. Le Monde.fr Interrog\u00e9 sur France 2, l\u2019ancien ministre de la transition \u00e9cologique a pass\u00e9 en revue la crise des \u00ab\u00a0gilets jaunes\u00a0\u00bb et l\u2019avenir du nucl\u00e9aire. En pleine crise des \u00ab\u00a0gilets jaunes\u00a0\u00bb qui contestent la taxe carbone, l\u2019ex-ministre de la transition \u00e9cologique, Nicolas &hellip; <a href=\"http:\/\/lantb.net\/figure\/?p=5211\" class=\"more-link\">Continuer la lecture de <span class=\"screen-reader-text\">Hulot<\/span><\/a><\/p>\n","protected":false},"author":1,"featured_media":0,"comment_status":"closed","ping_status":"closed","sticky":false,"template":"","format":"standard","meta":{"footnotes":""},"categories":[44,4,5],"tags":[],"class_list":["post-5211","post","type-post","status-publish","format-standard","hentry","category-everyday-life","category-green-attitude","category-reader"],"_links":{"self":[{"href":"http:\/\/lantb.net\/figure\/index.php?rest_route=\/wp\/v2\/posts\/5211","targetHints":{"allow":["GET"]}}],"collection":[{"href":"http:\/\/lantb.net\/figure\/index.php?rest_route=\/wp\/v2\/posts"}],"about":[{"href":"http:\/\/lantb.net\/figure\/index.php?rest_route=\/wp\/v2\/types\/post"}],"author":[{"embeddable":true,"href":"http:\/\/lantb.net\/figure\/index.php?rest_route=\/wp\/v2\/users\/1"}],"replies":[{"embeddable":true,"href":"http:\/\/lantb.net\/figure\/index.php?rest_route=%2Fwp%2Fv2%2Fcomments&post=5211"}],"version-history":[{"count":3,"href":"http:\/\/lantb.net\/figure\/index.php?rest_route=\/wp\/v2\/posts\/5211\/revisions"}],"predecessor-version":[{"id":5214,"href":"http:\/\/lantb.net\/figure\/index.php?rest_route=\/wp\/v2\/posts\/5211\/revisions\/5214"}],"wp:attachment":[{"href":"http:\/\/lantb.net\/figure\/index.php?rest_route=%2Fwp%2Fv2%2Fmedia&parent=5211"}],"wp:term":[{"taxonomy":"category","embeddable":true,"href":"http:\/\/lantb.net\/figure\/index.php?rest_route=%2Fwp%2Fv2%2Fcategories&post=5211"},{"taxonomy":"post_tag","embeddable":true,"href":"http:\/\/lantb.net\/figure\/index.php?rest_route=%2Fwp%2Fv2%2Ftags&post=5211"}],"curies":[{"name":"wp","href":"https:\/\/api.w.org\/{rel}","templated":true}]}}