{"id":5132,"date":"2018-11-01T11:37:42","date_gmt":"2018-11-01T10:37:42","guid":{"rendered":"http:\/\/lantb.net\/figure\/?p=5132"},"modified":"2018-11-01T16:44:37","modified_gmt":"2018-11-01T15:44:37","slug":"rosalind-nashashibi","status":"publish","type":"post","link":"http:\/\/lantb.net\/figure\/?p=5132","title":{"rendered":"Rosalind Nashashibi"},"content":{"rendered":"<p>Conf\u00e9rence aux Beaux Arts de Paris, amphith\u00e9\u00e2tre du m\u00fbrier, mercredi 28 Novembre, <span class=\"white\">18h, <\/span><span id=\"ouverture_12\" class=\"ouvrir read-more\">Rosalind Nashashibi propos\u00e9 par Caro Sposo<br \/>\n<\/span><br \/>\n\u00abR\u00e9unissant son film le plus r\u00e9cent, <em>Vivian\u2019s Garden<\/em> (2017), l\u2019un des plus beaux moments de la derni\u00e8re Documenta et un film plus ancien intitul\u00e9 <em>Carlo\u2019s Vision<\/em> (2011), ce programme consacr\u00e9 \u00e0 Rosalind Nashashibi t\u00e9moigne de sa capacit\u00e9 \u00e0 saisir ce qui fait l\u2019essence et l\u2019\u00e9motion des relations humaines. Dans le premier, nous p\u00e9n\u00e9trons dans l\u2019intimit\u00e9 de l\u2019artiste Vivian Suter et de sa m\u00e8re Elisabeth Wild, deux \u00e9migr\u00e9es europ\u00e9ennes install\u00e9es au Guatemala&nbsp;: une exploration du matriarcat et du post-colonial par le biais d\u2019un touchant huis-clos familial. Inspir\u00e9 d\u2019un roman inachev\u00e9 de Pier Paolo Pasolini, le second film entrem\u00eale documentaire et fiction, sites r\u00e9els et fantasmes pour livrer un portrait subjectif de Rome.<br \/>\nN\u00e9e en 1973 \u00e0 Croydon (Grande-Bretagne), Rosalind Nashashibi vit \u00e0 Londres. Peintre et cin\u00e9aste, elle \u00e9labore, depuis le milieu des ann\u00e9es 1990, une \u0153uvre centr\u00e9e sur l\u2019observation et la mise en sc\u00e8ne des relations humaines et de la vie quotidienne, sources d\u2019affects ambigus. En 2017, elle participe \u00e0 la Documenta 14 et est nomm\u00e9e au Turner Prize. Elle a repr\u00e9sent\u00e9 l\u2019\u00c9cosse \u00e0 la 52e Biennale de Venise. Elle collabore r\u00e9guli\u00e8rement avec l\u2019artiste Lucy Skaer. S\u00e9ance pr\u00e9c\u00e9d\u00e9e d\u2019une pr\u00e9sentation par le collectif Caro Sposo.\u00bb<\/p>\n<p><a href=\"http:\/\/lantb.net\/figure\/wp-content\/uploads\/2018\/11\/rosalind.jpg\"><img loading=\"lazy\" decoding=\"async\" class=\"alignnone wp-image-5136 size-full\" src=\"http:\/\/lantb.net\/figure\/wp-content\/uploads\/2018\/11\/rosalind.jpg\" alt=\"\" width=\"600\" height=\"240\" srcset=\"http:\/\/lantb.net\/figure\/wp-content\/uploads\/2018\/11\/rosalind.jpg 600w, http:\/\/lantb.net\/figure\/wp-content\/uploads\/2018\/11\/rosalind-300x120.jpg 300w, http:\/\/lantb.net\/figure\/wp-content\/uploads\/2018\/11\/rosalind-150x60.jpg 150w\" sizes=\"auto, (max-width: 600px) 100vw, 600px\" \/><\/a><a href=\"https:\/\/www.documenta14.de\/en\/artists\/13540\/rosalind-nashashibi-and-nashashibi-skaer\">https:\/\/www.documenta14.de\/en\/artists\/13540\/rosalind-nashashibi-and-nashashibi-skaer<\/a><\/p>\n<p>vu \u00e0 Documenta 2017&nbsp;:<br \/>\n<a href=\"http:\/\/lantb.net\/figure\/wp-content\/uploads\/2018\/11\/rosalind2.jpg\"><img loading=\"lazy\" decoding=\"async\" class=\"alignnone wp-image-5141\" src=\"http:\/\/lantb.net\/figure\/wp-content\/uploads\/2018\/11\/rosalind2.jpg\" alt=\"\" width=\"600\" height=\"800\" srcset=\"http:\/\/lantb.net\/figure\/wp-content\/uploads\/2018\/11\/rosalind2.jpg 1200w, http:\/\/lantb.net\/figure\/wp-content\/uploads\/2018\/11\/rosalind2-225x300.jpg 225w, http:\/\/lantb.net\/figure\/wp-content\/uploads\/2018\/11\/rosalind2-768x1024.jpg 768w, http:\/\/lantb.net\/figure\/wp-content\/uploads\/2018\/11\/rosalind2-480x640.jpg 480w, http:\/\/lantb.net\/figure\/wp-content\/uploads\/2018\/11\/rosalind2-113x150.jpg 113w\" sizes=\"auto, (max-width: 600px) 100vw, 600px\" \/><\/a><\/p>\n","protected":false},"excerpt":{"rendered":"<p>Conf\u00e9rence aux Beaux Arts de Paris, amphith\u00e9\u00e2tre du m\u00fbrier, mercredi 28 Novembre, 18h, Rosalind Nashashibi propos\u00e9 par Caro Sposo \u00abR\u00e9unissant son film le plus r\u00e9cent, Vivian\u2019s Garden (2017), l\u2019un des plus beaux moments de la derni\u00e8re Documenta et un film plus ancien intitul\u00e9 Carlo\u2019s Vision (2011), ce programme consacr\u00e9 \u00e0 Rosalind Nashashibi t\u00e9moigne de sa &hellip; <a href=\"http:\/\/lantb.net\/figure\/?p=5132\" class=\"more-link\">Continuer la lecture de <span class=\"screen-reader-text\">Rosalind Nashashibi<\/span><\/a><\/p>\n","protected":false},"author":1,"featured_media":0,"comment_status":"closed","ping_status":"closed","sticky":false,"template":"","format":"standard","meta":{"footnotes":""},"categories":[19,6,44,4],"tags":[],"class_list":["post-5132","post","type-post","status-publish","format-standard","hentry","category-art-contemporain","category-artiste","category-everyday-life","category-green-attitude"],"_links":{"self":[{"href":"http:\/\/lantb.net\/figure\/index.php?rest_route=\/wp\/v2\/posts\/5132","targetHints":{"allow":["GET"]}}],"collection":[{"href":"http:\/\/lantb.net\/figure\/index.php?rest_route=\/wp\/v2\/posts"}],"about":[{"href":"http:\/\/lantb.net\/figure\/index.php?rest_route=\/wp\/v2\/types\/post"}],"author":[{"embeddable":true,"href":"http:\/\/lantb.net\/figure\/index.php?rest_route=\/wp\/v2\/users\/1"}],"replies":[{"embeddable":true,"href":"http:\/\/lantb.net\/figure\/index.php?rest_route=%2Fwp%2Fv2%2Fcomments&post=5132"}],"version-history":[{"count":7,"href":"http:\/\/lantb.net\/figure\/index.php?rest_route=\/wp\/v2\/posts\/5132\/revisions"}],"predecessor-version":[{"id":5143,"href":"http:\/\/lantb.net\/figure\/index.php?rest_route=\/wp\/v2\/posts\/5132\/revisions\/5143"}],"wp:attachment":[{"href":"http:\/\/lantb.net\/figure\/index.php?rest_route=%2Fwp%2Fv2%2Fmedia&parent=5132"}],"wp:term":[{"taxonomy":"category","embeddable":true,"href":"http:\/\/lantb.net\/figure\/index.php?rest_route=%2Fwp%2Fv2%2Fcategories&post=5132"},{"taxonomy":"post_tag","embeddable":true,"href":"http:\/\/lantb.net\/figure\/index.php?rest_route=%2Fwp%2Fv2%2Ftags&post=5132"}],"curies":[{"name":"wp","href":"https:\/\/api.w.org\/{rel}","templated":true}]}}