{"id":4851,"date":"2018-05-13T10:44:18","date_gmt":"2018-05-13T09:44:18","guid":{"rendered":"http:\/\/lantb.net\/figure\/?p=4851"},"modified":"2018-05-13T10:52:01","modified_gmt":"2018-05-13T09:52:01","slug":"4851","status":"publish","type":"post","link":"http:\/\/lantb.net\/figure\/?p=4851","title":{"rendered":"Uriel Orlow. Affinit\u00e9s des sols."},"content":{"rendered":"<p>Aux Laboratoires d&rsquo;Aubervilliers<a href=\"http:\/\/leslaboratoires.org\/article\/rencontres-publiques-de-presentation-de-la-recherche\/affinites-des-sols-soils-affinities\"><br \/>\n<\/a><\/p>\n<p><a href=\"http:\/\/leslaboratoires.org\/article\/rencontres-publiques-de-presentation-de-la-recherche\/affinites-des-sols-soils-affinities\">http:\/\/leslaboratoires.org\/article\/rencontres-publiques-de-presentation-de-la-recherche\/affinites-des-sols-soils-affinities<\/a><\/p>\n<div class=\"panel-pane pane-views-panes pane-ctx-dates-panel-pane-1 no-title block\">\n<div class=\"pane-content\">\n<div class=\"view view-ctx-dates view-id-ctx_dates view-display-id-panel_pane_1 view-ctx-things view-dom-id-5f1d46a41438b1f717e0a99766723640\">\n<div class=\"view-content\">\n<div class=\"views-row views-row-1 views-row-odd views-row-first views-row-last\"><\/div>\n<\/div>\n<\/div>\n<\/div>\n<\/div>\n<div class=\"panel-pane pane-node-body no-title block\">\n<div class=\"pane-content\">\n<div class=\"field field-name-body field-type-text-with-summary field-label-hidden view-mode-_custom_display\">\n<div class=\"field-items\">\n<div class=\"field-item even\">\n<p><em>Micropolitiques des plantes<\/em><\/p>\n<p>Rencontre aux Laboratoires d\u2019Aubervilliers suivie d&rsquo;un repas<br \/>\nSamedi 19 mai 2018, \u00e0 14h<\/p>\n<p>Avec Serge Volper (auteur d&rsquo;<em>Une histoire des plantes coloniales<\/em>), Fran\u00e7oise Verg\u00e8s (politologue), Bouba Tour\u00e9 (\u00e9crivain, photographe et co-fondateur de la Coop\u00e9rative de Samandiki Coura), Rapha\u00ebl Grisey (artiste), Shela Sheikh (th\u00e9oricienne en \u00e9tudes postcoloniales), Ros Gray (th\u00e9oricienne de l&rsquo;art) et <a href=\"http:\/\/m12.manifesta.org\/artists-uriel-orlow\/\">Uriel Orlow (artiste) [Artiste Manifesta 12]<\/a>.<\/p>\n<p>Cette seconde rencontre organis\u00e9e aux Laboratoires d\u2019Aubervilliers questionnera les agencements structurelles et les processus subjectifs produits par les d\u00e9placement des plantes en mettant en perspectives les contextes coloniaux et post-coloniaux de ses d\u00e9placements.<\/p>\n<p>\u00c0 travers le prisme de la pens\u00e9e \u00e9conomique des plantes l\u2019internationalisation des cultures engendre une division social et \u00e9conomique des sols et du travail.<\/p>\n<p>Serge Volper auteur d&rsquo;<em>Une histoire des plantes coloniales<\/em>\u00a0et responsable de la biblioth\u00e8que d\u2019agronomie tropicale nous parlera des l&rsquo;agriculture coloniale fran\u00e7aise, tandis que Fran\u00e7oise Verg\u00e8s, politologue, proposera de se placer du point vu de la banane pour nous parler des conflits g\u00e9o-politiques et \u00e9conomiques mondiaux. Bouba Tour\u00e9 \u00e9crivain, photographe et co-fondateur de la Coop\u00e9rative de Somankidi Coura, et Rapha\u00ebl Grisey, artiste, nous raconteront quant \u00e0 eux l\u2019histoire de la cr\u00e9ation de la coop\u00e9ratives fond\u00e9e en 1977 au Mali tandis que Bouba Tour\u00e9 \u00e9tait travailleur migrant en France. Ils pr\u00e9senteront les archives autour de l\u2019histoire de la coop\u00e9rative. Enfin, Shela Sheikh et Ros Gray pr\u00e9senteront la derni\u00e8re \u00e9dition de la revue\u00a0<em>Third Text<\/em>\u00a0sur les histoires et les conflits des sols.<\/p>\n<\/div>\n<\/div>\n<\/div>\n<\/div>\n<\/div>\n","protected":false},"excerpt":{"rendered":"<p>Aux Laboratoires d&rsquo;Aubervilliers http:\/\/leslaboratoires.org\/article\/rencontres-publiques-de-presentation-de-la-recherche\/affinites-des-sols-soils-affinities Micropolitiques des plantes Rencontre aux Laboratoires d\u2019Aubervilliers suivie d&rsquo;un repas Samedi 19 mai 2018, \u00e0 14h Avec Serge Volper (auteur d&rsquo;Une histoire des plantes coloniales), Fran\u00e7oise Verg\u00e8s (politologue), Bouba Tour\u00e9 (\u00e9crivain, photographe et co-fondateur de la Coop\u00e9rative de Samandiki Coura), Rapha\u00ebl Grisey (artiste), Shela Sheikh (th\u00e9oricienne en \u00e9tudes postcoloniales), Ros Gray &hellip; <a href=\"http:\/\/lantb.net\/figure\/?p=4851\" class=\"more-link\">Continuer la lecture de <span class=\"screen-reader-text\">Uriel Orlow. Affinit\u00e9s des sols.<\/span><\/a><\/p>\n","protected":false},"author":1,"featured_media":0,"comment_status":"closed","ping_status":"closed","sticky":false,"template":"","format":"standard","meta":{"footnotes":""},"categories":[6,44,4,1,5],"tags":[],"class_list":["post-4851","post","type-post","status-publish","format-standard","hentry","category-artiste","category-everyday-life","category-green-attitude","category-non-classe","category-reader"],"_links":{"self":[{"href":"http:\/\/lantb.net\/figure\/index.php?rest_route=\/wp\/v2\/posts\/4851","targetHints":{"allow":["GET"]}}],"collection":[{"href":"http:\/\/lantb.net\/figure\/index.php?rest_route=\/wp\/v2\/posts"}],"about":[{"href":"http:\/\/lantb.net\/figure\/index.php?rest_route=\/wp\/v2\/types\/post"}],"author":[{"embeddable":true,"href":"http:\/\/lantb.net\/figure\/index.php?rest_route=\/wp\/v2\/users\/1"}],"replies":[{"embeddable":true,"href":"http:\/\/lantb.net\/figure\/index.php?rest_route=%2Fwp%2Fv2%2Fcomments&post=4851"}],"version-history":[{"count":7,"href":"http:\/\/lantb.net\/figure\/index.php?rest_route=\/wp\/v2\/posts\/4851\/revisions"}],"predecessor-version":[{"id":4858,"href":"http:\/\/lantb.net\/figure\/index.php?rest_route=\/wp\/v2\/posts\/4851\/revisions\/4858"}],"wp:attachment":[{"href":"http:\/\/lantb.net\/figure\/index.php?rest_route=%2Fwp%2Fv2%2Fmedia&parent=4851"}],"wp:term":[{"taxonomy":"category","embeddable":true,"href":"http:\/\/lantb.net\/figure\/index.php?rest_route=%2Fwp%2Fv2%2Fcategories&post=4851"},{"taxonomy":"post_tag","embeddable":true,"href":"http:\/\/lantb.net\/figure\/index.php?rest_route=%2Fwp%2Fv2%2Ftags&post=4851"}],"curies":[{"name":"wp","href":"https:\/\/api.w.org\/{rel}","templated":true}]}}