{"id":472,"date":"2015-02-26T13:19:23","date_gmt":"2015-02-26T12:19:23","guid":{"rendered":"http:\/\/lantb.net\/figure\/?p=472"},"modified":"2016-08-24T21:48:30","modified_gmt":"2016-08-24T20:48:30","slug":"lappel-de-manille","status":"publish","type":"post","link":"http:\/\/lantb.net\/figure\/?p=472","title":{"rendered":"L&rsquo;appel de Manille"},"content":{"rendered":"<p><iframe loading=\"lazy\" src=\"https:\/\/www.youtube.com\/embed\/FTd89fuWeUk\" width=\"500\" height=\"281\" frameborder=\"0\" allowfullscreen=\"allowfullscreen\"><\/iframe><br \/>\n<iframe loading=\"lazy\" title=\"M\u00e9lanie Laurent \u00e0 Manille: &quot;C&#039;est dur de changer&quot;\" frameborder=\"0\" width=\"660\" height=\"371\" src=\"https:\/\/geo.dailymotion.com\/player.html?video=x2i5h01&#038;\" allowfullscreen allow=\"autoplay; fullscreen; picture-in-picture; web-share\"><\/iframe><\/p>\n<p>Appel de Manille \u00e0 l\u2019action pour le climat.\u00a0<span style=\"line-height: normal; background-color: rgba(255, 255, 255, 0);\"><span style=\"color: #008080;\">1<\/span>. Nous, chefs d\u2019\u00c9tat de la R\u00e9publique des Philippines et de la R\u00e9publique fran\u00e7aise, et personnalit\u00e9s de diff\u00e9rents pays d\u00e9termin\u00e9s \u00e0 agir pour le climat, r\u00e9unis \u00e0 Manille aujourd\u2019hui, d\u00e9sirons rappeler \u00e0 la communaut\u00e9 internationale, \u00e0 l\u2019ensemble des acteurs et \u00e0 l\u2019opinion publique mondiale qu\u2019il est urgent de lutter contre le changement climatique de mani\u00e8re s\u00e9rieuse, efficace et \u00e9quitable.\u00a0<\/span><span style=\"line-height: normal; background-color: rgba(255, 255, 255, 0);\">2. \u00c0 moins d\u2019un an de la 21\u00e8me Conf\u00e9rence des Parties \u00e0 la Convention-cadre des Nations Unies sur les changements climatiques (COP 21) qui se tiendra \u00e0 Paris en d\u00e9cembre 2015 et dont les r\u00e9sultats concerneront la vie de milliards de personnes, nous appelons la communaut\u00e9 internationale \u00e0 conclure un accord ambitieux, \u00e9quitable et universel sur le climat, qui soit conforme aux recommandations scientifiques du Groupe d\u2019experts intergouvernemental sur l\u2019\u00e9volution du climat, afin de pr\u00e9server notre plan\u00e8te pour permettre aux g\u00e9n\u00e9rations futures d\u2019y vivre. \u00c0 Manille aujourd\u2019hui, nous esp\u00e9rons que nous \u00e9crirons ensemble l\u2019Histoire \u00e0 Paris en d\u00e9cembre et que nous ne nous contenterons pas de la regarder se d\u00e9rouler en simples spectateurs.\u00a0<\/span><span style=\"line-height: normal; background-color: rgba(255, 255, 255, 0);\">3. Nous appelons \u00e0 agir pour le climat.\u00a0<\/span><span style=\"line-height: normal; background-color: rgba(255, 255, 255, 0);\">4. En nous r\u00e9unissant aux Philippines o\u00f9 la population a subi une s\u00e9rie sans pr\u00e9c\u00e9dent d\u2019\u00e9v\u00e9nements climatiques extr\u00eames ces derni\u00e8res ann\u00e9es, nous prenons conscience que les pays en d\u00e9veloppement, qui ont le moins contribu\u00e9 au changement climatique, sont ceux qui souffrent le plus de ses effets. Certes, nous sommes confront\u00e9s \u00e0 des menaces analogues et nous partageons les m\u00eames faiblesses, mais nous disposons aussi d\u2019atouts et de moyens diff\u00e9rents pour relever ces d\u00e9fis. Cependant, nous croyons qu\u2019il est possible de r\u00e9duire nos vuln\u00e9rabilit\u00e9s et notre exposition aux al\u00e9as du climat. La population philippine a fait preuve d\u2019une extraordinaire r\u00e9silience \u00e0 cet \u00e9gard.\u00a0<\/span><span style=\"line-height: normal; background-color: rgba(255, 255, 255, 0);\">5. Nous appelons \u00e0 la solidarit\u00e9 et \u00e0 la justice face au changement climatique.\u00a0<\/span><span style=\"line-height: normal; background-color: rgba(255, 255, 255, 0);\">6. Nous avons besoin d\u2019un accord n\u00e9goci\u00e9 et accept\u00e9 par tous et pour tous, qui tienne compte de toutes les diff\u00e9rences de situation et fasse converger diverses perspectives pour acc\u00e9l\u00e9rer l\u2019action collective. Nous avons besoin d\u2019un accord pour r\u00e9duire les \u00e9missions, cr\u00e9er des opportunit\u00e9s \u00e9conomiques et nous doter des moyens de g\u00e9rer les risques associ\u00e9s qui sont d\u00e9j\u00e0 pr\u00e9visibles dans un avenir proche.\u00a0<\/span><span style=\"line-height: normal; background-color: rgba(255, 255, 255, 0);\">7. Nous appelons \u00e0 coop\u00e9rer face au changement climatique.\u00a0<\/span><span style=\"line-height: normal; background-color: rgba(255, 255, 255, 0);\">8. La croissance \u00e9conomique, le d\u00e9veloppement durable et la lutte contre la pauvret\u00e9 sont des objectifs qui doivent et peuvent \u00eatre atteints ensemble. Mais assurer un acc\u00e8s \u00e9quitable au d\u00e9veloppement durable pour tous n\u00e9cessitera de disposer de moyens de mise en oeuvre accrus.\u00a0<\/span><span style=\"line-height: normal; background-color: rgba(255, 255, 255, 0);\">9. Nous appelons \u00e0 la solidarit\u00e9 financi\u00e8re et technologique.\u00a0<\/span><span style=\"line-height: normal; background-color: rgba(255, 255, 255, 0);\">10. Consid\u00e9rant que nous atteignons le point de non-retour en mati\u00e8re de changement climatique et que nous devons passer des intentions \u00e0 l\u2019action, nous appelons solennellement&nbsp;:\u00a0<\/span><span style=\"line-height: normal; background-color: rgba(255, 255, 255, 0);\">A) tous les \u00c9tats \u00e0 travailler concr\u00e8tement et rapidement pour lutter contre le changement climatique, en particulier contre ses impacts, et nous les invitons \u00e0 pr\u00e9senter leurs contributions pr\u00e9vues d\u00e9termin\u00e9es au niveau national, en fonction de leurs situations et capacit\u00e9s nationales respectives&nbsp;;\u00a0<\/span><span style=\"line-height: normal; background-color: rgba(255, 255, 255, 0);\">B) les pays d\u00e9velopp\u00e9s et les pays en d\u00e9veloppement capables et d\u00e9sireux de le faire, \u00e0 fournir aux pays les plus pauvres et les plus vuln\u00e9rables des moyens de mise en \u0153uvre ad\u00e9quats pour les aider \u00e0 se transformer en territoires r\u00e9silients et en \u00e9conomies sobres en carbone&nbsp;;\u00a0<\/span><span style=\"line-height: normal; background-color: rgba(255, 255, 255, 0);\">C) tous les acteurs, les \u00c9tats, les collectivit\u00e9s territoriales, les entreprises, le secteur priv\u00e9, la soci\u00e9t\u00e9 civile, les organisations non gouvernementales, les universit\u00e9s et les citoyens \u00e0 jouer pleinement leur r\u00f4le dans la lutte contre le changement climatique et en particulier contre ses effets, et la r\u00e9duction des risques de catastrophes naturelles li\u00e9es au climat, par des efforts individuels ou des initiatives en coop\u00e9ration; et,\u00a0<\/span><span style=\"line-height: normal; background-color: rgba(255, 255, 255, 0);\">D) chacun \u00e0 diffuser cet appel et \u00e0 faire prendre conscience de la n\u00e9cessit\u00e9 d\u2019agir rapidement et partout, et de parvenir \u00e0 un accord mondial sur le climat en d\u00e9cembre \u00e0 Paris.<\/span><\/p>\n","protected":false},"excerpt":{"rendered":"<p>Appel de Manille \u00e0 l\u2019action pour le climat.\u00a01. Nous, chefs d\u2019\u00c9tat de la R\u00e9publique des Philippines et de la R\u00e9publique fran\u00e7aise, et personnalit\u00e9s de diff\u00e9rents pays d\u00e9termin\u00e9s \u00e0 agir pour le climat, r\u00e9unis \u00e0 Manille aujourd\u2019hui, d\u00e9sirons rappeler \u00e0 la communaut\u00e9 internationale, \u00e0 l\u2019ensemble des acteurs et \u00e0 l\u2019opinion publique mondiale qu\u2019il est urgent de &hellip; <a href=\"http:\/\/lantb.net\/figure\/?p=472\" class=\"more-link\">Continuer la lecture de <span class=\"screen-reader-text\">L&rsquo;appel de Manille<\/span><\/a><\/p>\n","protected":false},"author":1,"featured_media":0,"comment_status":"closed","ping_status":"closed","sticky":false,"template":"","format":"standard","meta":{"footnotes":""},"categories":[4,5],"tags":[],"class_list":["post-472","post","type-post","status-publish","format-standard","hentry","category-green-attitude","category-reader"],"_links":{"self":[{"href":"http:\/\/lantb.net\/figure\/index.php?rest_route=\/wp\/v2\/posts\/472","targetHints":{"allow":["GET"]}}],"collection":[{"href":"http:\/\/lantb.net\/figure\/index.php?rest_route=\/wp\/v2\/posts"}],"about":[{"href":"http:\/\/lantb.net\/figure\/index.php?rest_route=\/wp\/v2\/types\/post"}],"author":[{"embeddable":true,"href":"http:\/\/lantb.net\/figure\/index.php?rest_route=\/wp\/v2\/users\/1"}],"replies":[{"embeddable":true,"href":"http:\/\/lantb.net\/figure\/index.php?rest_route=%2Fwp%2Fv2%2Fcomments&post=472"}],"version-history":[{"count":3,"href":"http:\/\/lantb.net\/figure\/index.php?rest_route=\/wp\/v2\/posts\/472\/revisions"}],"predecessor-version":[{"id":1850,"href":"http:\/\/lantb.net\/figure\/index.php?rest_route=\/wp\/v2\/posts\/472\/revisions\/1850"}],"wp:attachment":[{"href":"http:\/\/lantb.net\/figure\/index.php?rest_route=%2Fwp%2Fv2%2Fmedia&parent=472"}],"wp:term":[{"taxonomy":"category","embeddable":true,"href":"http:\/\/lantb.net\/figure\/index.php?rest_route=%2Fwp%2Fv2%2Fcategories&post=472"},{"taxonomy":"post_tag","embeddable":true,"href":"http:\/\/lantb.net\/figure\/index.php?rest_route=%2Fwp%2Fv2%2Ftags&post=472"}],"curies":[{"name":"wp","href":"https:\/\/api.w.org\/{rel}","templated":true}]}}