{"id":4349,"date":"2017-10-18T07:33:37","date_gmt":"2017-10-18T06:33:37","guid":{"rendered":"http:\/\/lantb.net\/figure\/?p=4349"},"modified":"2017-11-20T15:57:33","modified_gmt":"2017-11-20T14:57:33","slug":"4349","status":"publish","type":"post","link":"http:\/\/lantb.net\/figure\/?p=4349","title":{"rendered":"Colloque au Coll\u00e8ge de France.  Les natures en question"},"content":{"rendered":"<p><a href=\"https:\/\/www.college-de-france.fr\/site\/colloque-2017\/symposium-2017-10-18-16h30.htm\">https:\/\/www.college-de-france.fr\/site\/colloque-2017\/symposium-2017-10-18-16h30.htm<\/a><\/p>\n<p><a href=\"http:\/\/www.college-de-france.fr\/site\/colloque-2017\/p1333578918071301_content.htm\">http:\/\/www.college-de-france.fr\/site\/colloque-2017\/p1333578918071301_content.htm&lt;\/a<\/a><\/p>\n<p><iframe loading=\"lazy\" title=\"La nature&nbsp;: une \u00e9vidence en sursis -  Philippe Descola\" width=\"660\" height=\"371\" src=\"https:\/\/www.youtube.com\/embed\/pZ0mET5-xpQ?feature=oembed\" frameborder=\"0\" allow=\"accelerometer; autoplay; clipboard-write; encrypted-media; gyroscope; picture-in-picture; web-share\" referrerpolicy=\"strict-origin-when-cross-origin\" allowfullscreen><\/iframe><\/p>\n<p>La Nature n\u2019est plus ce qu\u2019elle \u00e9tait. Domaine de r\u00e9gularit\u00e9 ind\u00e9pendant des actions humaines, ensemble des \u00eatres d\u00e9pourvus de langage, espaces refuges \u00e9chappant \u00e0 l\u2019anthropisation, toutes ces acceptions qui donnaient \u00e0 la nature sa troublante unit\u00e9 ont \u00e9t\u00e9 remises en cause. On sait \u00e0 pr\u00e9sent que, si les \u00ab lois de la nature \u00bb sont universelles, l\u2019id\u00e9e de nature ne l\u2019est gu\u00e8re&nbsp;; on sait que bien des animaux partagent avec les humains des facult\u00e9s longtemps vues comme l\u2019apanage de ces derniers&nbsp;; on sait aussi que tous les \u00e9cosyst\u00e8mes de la plan\u00e8te, m\u00eame les plus isol\u00e9s, ont \u00e9t\u00e9 boulevers\u00e9s par l\u2019action humaine&nbsp;; on sait encore que les avanc\u00e9es du g\u00e9nie g\u00e9n\u00e9tique brouillent la distinction entre le naturel et l\u2019artificiel&nbsp;; on sait enfin que le r\u00e9chauffement global et son effet sur le syst\u00e8me de la Terre font de l\u2019humanit\u00e9 comme une nouvelle force naturelle.<\/p>\n<p>C\u2019est \u00e0 examiner dans une perspective interdisciplinaire les questions soulev\u00e9es par ces d\u00e9placements de la fronti\u00e8re entre d\u00e9terminations naturelles et d\u00e9terminations humaines que ce colloque de rentr\u00e9e du Coll\u00e8ge de France sera consacr\u00e9.<\/p>\n<p>On replacera dans la longue dur\u00e9e l\u2019\u00e9mergence de la notion singuli\u00e8re de nature, le r\u00f4le qu\u2019elle a jou\u00e9 dans la formation de la conscience europ\u00e9enne, dans le d\u00e9veloppement des sciences, dans la mise en place d\u2019une ontologie sociale et d\u2019une th\u00e9orie de la nature humaine longtemps exceptionnelles au regard du reste de l\u2019humanit\u00e9. On pourra alors s\u2019interroger sur les recompositions anthropologiques, juridiques, philosophiques et \u00e9pist\u00e9mologiques, que l\u2019effritement des limites de la nature rend possibles, comme sur la persistance de certaines discontinuit\u00e9s fondamentales entre humains et non\u2013humains. On questionnera enfin les nouvelles techniques de production et de r\u00e9paration de la vie afin de mieux comprendre ce qu\u2019elles bouleversent dans les fa\u00e7ons d\u2019appr\u00e9hender les d\u00e9finitions de l\u2019humain, les m\u00e9canismes du vivant et les r\u00e8gles de son appropriation. Nombre de ces questions sont de nature politique. C\u2019est pourquoi le colloque s\u2019ouvrira par une table ronde r\u00e9unissant des praticiens qui font rentrer la nature en politiques, contraints qu\u2019ils sont de prendre en compte le fait que des mani\u00e8res in\u00e9dites d\u2019habiter la Terre sont devenues indispensables.<\/p>\n<p><a href=\"http:\/\/www.futura-sciences.com\/sciences\/actualites\/homme-homme-nature-medaille-or-cnrs-philippe-descola-41426\/\"><img loading=\"lazy\" decoding=\"async\" class=\"alignnone wp-image-4401\" src=\"http:\/\/lantb.net\/figure\/wp-content\/uploads\/2017\/10\/IMG_0723.jpg\" alt=\"\" width=\"495\" height=\"326\" srcset=\"http:\/\/lantb.net\/figure\/wp-content\/uploads\/2017\/10\/IMG_0723.jpg 1024w, http:\/\/lantb.net\/figure\/wp-content\/uploads\/2017\/10\/IMG_0723-300x197.jpg 300w, http:\/\/lantb.net\/figure\/wp-content\/uploads\/2017\/10\/IMG_0723-768x506.jpg 768w, http:\/\/lantb.net\/figure\/wp-content\/uploads\/2017\/10\/IMG_0723-640x421.jpg 640w, http:\/\/lantb.net\/figure\/wp-content\/uploads\/2017\/10\/IMG_0723-150x99.jpg 150w\" sizes=\"auto, (max-width: 495px) 100vw, 495px\" \/><\/a><\/p>\n<p>Philippe Descola dans la for\u00eat amazonienne, en \u00c9quateur, en 1976. Il y observe attentivement les relations entretenues entre les Indiens Achuar et le monde qui les entoure, d\u00e9montrant que, chez eux, elles ne diff\u00e8rent pas de celles que l&rsquo;on entretient avec les humains. Pour ces peuples, le terme m\u00eame de nature n&rsquo;a pas de sens, si ce n&rsquo;est celui de \u00ab monde \u00bb. \u00a9 Philippe Descola<\/p>\n<p><a href=\"http:\/\/www.college-de-france.fr\/site\/colloque-2017\/Entretiens.htm\">http:\/\/www.college-de-france.fr\/site\/colloque-2017\/Entretiens.<\/a><\/p>\n<div style=\"width: 640px;\" class=\"wp-video\"><video class=\"wp-video-shortcode\" id=\"video-4349-1\" width=\"640\" height=\"360\" preload=\"metadata\" controls=\"controls\"><source type=\"video\/mp4\" src=\"http:\/\/www.college-de-france.fr\/video\/colloque-2017\/2017\/teaser-col-rentree-2017-descola-091017-3.mp4?_=1\" \/><a href=\"http:\/\/www.college-de-france.fr\/video\/colloque-2017\/2017\/teaser-col-rentree-2017-descola-091017-3.mp4\">http:\/\/www.college-de-france.fr\/video\/colloque-2017\/2017\/teaser-col-rentree-2017-descola-091017-3.mp4<\/a><\/video><\/div>\n","protected":false},"excerpt":{"rendered":"<p>https:\/\/www.college-de-france.fr\/site\/colloque-2017\/symposium-2017-10-18-16h30.htm http:\/\/www.college-de-france.fr\/site\/colloque-2017\/p1333578918071301_content.htm&lt;\/a La Nature n\u2019est plus ce qu\u2019elle \u00e9tait. Domaine de r\u00e9gularit\u00e9 ind\u00e9pendant des actions humaines, ensemble des \u00eatres d\u00e9pourvus de langage, espaces refuges \u00e9chappant \u00e0 l\u2019anthropisation, toutes ces acceptions qui donnaient \u00e0 la nature sa troublante unit\u00e9 ont \u00e9t\u00e9 remises en cause. On sait \u00e0 pr\u00e9sent que, si les \u00ab lois de la nature &hellip; <a href=\"http:\/\/lantb.net\/figure\/?p=4349\" class=\"more-link\">Continuer la lecture de <span class=\"screen-reader-text\">Colloque au Coll\u00e8ge de France.  Les natures en question<\/span><\/a><\/p>\n","protected":false},"author":1,"featured_media":0,"comment_status":"closed","ping_status":"closed","sticky":false,"template":"","format":"standard","meta":{"footnotes":""},"categories":[44,4,5],"tags":[],"class_list":["post-4349","post","type-post","status-publish","format-standard","hentry","category-everyday-life","category-green-attitude","category-reader"],"_links":{"self":[{"href":"http:\/\/lantb.net\/figure\/index.php?rest_route=\/wp\/v2\/posts\/4349","targetHints":{"allow":["GET"]}}],"collection":[{"href":"http:\/\/lantb.net\/figure\/index.php?rest_route=\/wp\/v2\/posts"}],"about":[{"href":"http:\/\/lantb.net\/figure\/index.php?rest_route=\/wp\/v2\/types\/post"}],"author":[{"embeddable":true,"href":"http:\/\/lantb.net\/figure\/index.php?rest_route=\/wp\/v2\/users\/1"}],"replies":[{"embeddable":true,"href":"http:\/\/lantb.net\/figure\/index.php?rest_route=%2Fwp%2Fv2%2Fcomments&post=4349"}],"version-history":[{"count":15,"href":"http:\/\/lantb.net\/figure\/index.php?rest_route=\/wp\/v2\/posts\/4349\/revisions"}],"predecessor-version":[{"id":4493,"href":"http:\/\/lantb.net\/figure\/index.php?rest_route=\/wp\/v2\/posts\/4349\/revisions\/4493"}],"wp:attachment":[{"href":"http:\/\/lantb.net\/figure\/index.php?rest_route=%2Fwp%2Fv2%2Fmedia&parent=4349"}],"wp:term":[{"taxonomy":"category","embeddable":true,"href":"http:\/\/lantb.net\/figure\/index.php?rest_route=%2Fwp%2Fv2%2Fcategories&post=4349"},{"taxonomy":"post_tag","embeddable":true,"href":"http:\/\/lantb.net\/figure\/index.php?rest_route=%2Fwp%2Fv2%2Ftags&post=4349"}],"curies":[{"name":"wp","href":"https:\/\/api.w.org\/{rel}","templated":true}]}}