{"id":4244,"date":"2017-10-06T21:34:33","date_gmt":"2017-10-06T20:34:33","guid":{"rendered":"http:\/\/lantb.net\/figure\/?p=4244"},"modified":"2017-10-07T15:11:11","modified_gmt":"2017-10-07T14:11:11","slug":"la-nature-en-ville-faire-circuler-la-biodiversite","status":"publish","type":"post","link":"http:\/\/lantb.net\/figure\/?p=4244","title":{"rendered":"La nature en ville : faites circuler la biodiversit\u00e9"},"content":{"rendered":"<p><a href=\"http:\/\/lantb.net\/figure\/wp-content\/uploads\/2017\/10\/IMG_0566.jpg\"><img loading=\"lazy\" decoding=\"async\" class=\"alignnone wp-image-4254\" src=\"http:\/\/lantb.net\/figure\/wp-content\/uploads\/2017\/10\/IMG_0566.jpg\" alt=\"\" width=\"498\" height=\"697\" srcset=\"http:\/\/lantb.net\/figure\/wp-content\/uploads\/2017\/10\/IMG_0566.jpg 1000w, http:\/\/lantb.net\/figure\/wp-content\/uploads\/2017\/10\/IMG_0566-214x300.jpg 214w, http:\/\/lantb.net\/figure\/wp-content\/uploads\/2017\/10\/IMG_0566-768x1075.jpg 768w, http:\/\/lantb.net\/figure\/wp-content\/uploads\/2017\/10\/IMG_0566-457x640.jpg 457w, http:\/\/lantb.net\/figure\/wp-content\/uploads\/2017\/10\/IMG_0566-107x150.jpg 107w\" sizes=\"auto, (max-width: 498px) 100vw, 498px\" \/><\/a><br \/>\nCet article est publi\u00e9 dans<a href=\"https:\/\/theconversation.com\/nature-en-ville-faites-circuler-la-biodiversite-84329\"> The Conversation<\/a>, dans le cadre de la F\u00eate de la Science 2017, qui se tient du 7 au 15 octobre, et dont The Conversation France est partenaire. Les auteurs de l&rsquo;article sont&nbsp;:\u00a0<a href=\"https:\/\/theconversation.com\/profiles\/brandon-stordeur-411730\">Brandon Stordeur,<\/a>\u00a0Ing\u00e9nieur d\u2019\u00e9tudes, programme de recherche r\u00e9gional Climibio, laboratoire TVES Lille, Universit\u00e9 de Lille 1 \u2013 Universit\u00e9 de Lille;\u00a0<a href=\"https:\/\/theconversation.com\/profiles\/alessandro-fisogni-411952\">Alessandro Fisogni<\/a>,\u00a0Post-doc sur les interactions plantes-pollinisateurs en milieu antropis\u00e9, laboratoire EEP, Universit\u00e9 de Lille 1 \u2013 Universit\u00e9 de Lille;\u00a0<a href=\"https:\/\/theconversation.com\/profiles\/marion-brun-411951\">Marion Brun<\/a>,\u00a0Docteure en am\u00e9nagement de l\u2019espace-urbanisme, ing\u00e9nieur de recherche sur le projet de Climibio, laboratoire TVES, Universit\u00e9 de Lille 1 \u2013 Universit\u00e9 de Lille;\u00a0<a href=\"https:\/\/theconversation.com\/profiles\/natasha-de-manincor-411953\">Natasha De Manincor,<\/a>\u00a0Doctorante Interaction intersp\u00e9cifiques, \u00e9cologie \u00e9volutive et reproduction, laboratoire EEP, Universit\u00e9 de Lille 1 \u2013 Universit\u00e9 de Lille.<\/p>\n<p>&nbsp;<\/p>\n<p><span style=\"color: #339966;\"><b>La nature en ville&nbsp;: faites circuler la biodiversit\u00e9<\/b><\/span><\/p>\n<p>\u00ab\u00a0En 2014, 54 % de la population mondiale vivait <a href=\"https:\/\/esa.un.org\/unpd\/wup\/Publications\/Files\/WUP2014-Report.pdf\">en milieu urbain<\/a>&nbsp;; en 2050, ce nombre devrait atteindre plus de 60 %. Cette concentration humaine est strictement li\u00e9e \u00e0 une expansion des r\u00e9seaux d\u2019infrastructures et des surfaces urbanis\u00e9es, <a href=\"https:\/\/www.millenniumassessment.org\/documents\/document.356.aspx.pdf\">au d\u00e9triment<\/a> des milieux naturels et des esp\u00e8ces qui y vivent.<\/p>\n<p>Parall\u00e8lement, <span style=\"color: #339966;\">les milieux urbains peuvent constituer des refuges pour de nombreuses esp\u00e8ces animales et v\u00e9g\u00e9tales<\/span> suite \u00e0 la destruction des espaces naturels et \u00e0 l\u2019expansion des milieux agricoles intensifs, peu favorables \u00e0 leurs besoins. Une gestion judicieuse des espaces verts est donc fondamentale pour favoriser et <a href=\"http:\/\/ec.europa.eu\/environment\/integration\/research\/newsalert\/pdf\/urban_environments_could_help_support_pollinators_413na4_en.pdf\">pr\u00e9server la biodiversit\u00e9 en ville<\/a>.Les principaux effets n\u00e9gatifs de l\u2019urbanisation pour les esp\u00e8ces sauvages concernent la fragmentation et la modification des habitats naturels. En milieu urbain, le changement de nature du sol est l\u2019un des facteurs influen\u00e7ant le plus les processus \u00e9cologiques. En particulier, <span style=\"color: #339966;\">la proportion entre espaces imperm\u00e9abilis\u00e9s et espaces verts, ainsi que l\u2019am\u00e9nagement de ces espaces verts, jouent un r\u00f4le essentiel pour favoriser la biodiversit\u00e9 urbaine et ses dynamiques.<\/span><\/p>\n<p>&nbsp;<\/p>\n<p><span style=\"color: #339966;\"><b>Cr\u00e9er des continuit\u00e9s \u00e9cologiques<\/b><\/span><\/p>\n<p><a href=\"https:\/\/www.cbd.int\/doc\/legal\/cbd-fr.pdf\">D\u00e9finie<\/a> <span style=\"color: #ff00ff;\">comme \u00ab la diversit\u00e9 au sein des esp\u00e8ces et entre esp\u00e8ces ainsi que celle des \u00e9cosyst\u00e8mes \u00bb, la biodiversit\u00e9 est en partie assur\u00e9e par le libre d\u00e9placement des esp\u00e8ces, leur permettant de se nourrir, se reproduire et assurant un brassage g\u00e9n\u00e9tique n\u00e9cessaire au maintien de cette diversit\u00e9.<\/span><\/p>\n<p><span style=\"color: #339966;\">M\u00eame si l\u2019urbanisation ne concerne que <\/span><a href=\"http:\/\/www.applis.univ-tours.fr\/theses\/2015\/marion.brun_5590.pdf\">3% de la surface du globe,<\/a>\u00a0<span style=\"color: #339966;\">elle constitue la principale cause d\u2019\u00e9rosion de cette biodiversit\u00e9&nbsp;; en cr\u00e9ant des interruptions dans le d\u00e9placement des esp\u00e8ces, les villes repr\u00e9sentent pour elles un obstacle majeur.<\/span><\/p>\n<p>De multiples espaces de nature en ville existent pourtant&nbsp;; ils se mat\u00e9rialisent par des \u00e9l\u00e9ments de nature ma\u00eetris\u00e9e (parcs ou les jardins) ou non (les zones d\u00e9laiss\u00e9es ou les bords de voies de transport). Ils jouent un r\u00f4le essentiel pour les habitants en am\u00e9liorant sensiblement leur cadre de vie et pour les esp\u00e8ces qui y trouvent de quoi se r\u00e9fugier et r\u00e9pondre \u00e0 leurs besoins vitaux. Tous les espaces urbains concourent donc globalement \u00e0 la <a href=\"http:\/\/onlinelibrary.wiley.com\/doi\/10.1111\/j.1523-1739.2009.01328.x\/full\">conservation de la biodiversit\u00e9<\/a>.<\/p>\n<p><span style=\"color: #339966;\">L\u2019un des enjeux en \u00e9cologie et en am\u00e9nagement du territoire concerne le renforcement des continuit\u00e9s \u00e9cologiques (ou corridors) pour favoriser le d\u00e9placement des esp\u00e8ces et assurer ainsi leur pr\u00e9servation.<\/span><\/p>\n<p>Ces corridors se composent de tous \u00e9l\u00e9ments de nature qui peuvent servir de support aux esp\u00e8ces. Pour pallier \u00e0 l\u2019\u00e9rosion de la biodiversit\u00e9, les politiques de pr\u00e9servation de la nature et d\u2019am\u00e9nagement du territoire se sont progressivement articul\u00e9es ensemble. <span style=\"color: #339966;\"><a href=\"http:\/\/www.trameverteetbleue.fr\/presentation-tvb\/qu-est-ce-que-trame-verte-bleue\/definitions-trame-verte-bleue\">La trame verte et bleue en est un bon exemple<\/a>.<\/span><\/p>\n<p>Institutionnalis\u00e9e en 2009 et 2010 par les lois Grenelle, <span style=\"color: #339966;\">cette trame permet aux villes d\u2019identifier, d\u2019organiser et de planifier leur r\u00e9seau de continuit\u00e9s \u00e9cologiques.<\/span> <span style=\"color: #ff00ff;\">Les sch\u00e9mas des trames identifient diff\u00e9rents<\/span> \u00ab <span style=\"color: #ff00ff;\">c\u0153urs de nature \u00bb<\/span> (<span style=\"color: #ff00ff;\">r\u00e9servoirs) ainsi que les interruptions sur un territoire. L\u2019objectif est de rep\u00e9rer les interruptions du r\u00e9seau de continuit\u00e9s \u00e9cologiques pour cibler des zones \u00ab prioritaires \u00bb sur lesquelles il convient d\u2019intervenir pour renforcer ou maintenir le r\u00e9seau.<\/span><\/p>\n<p><span style=\"color: #339966;\">Ces \u00ab c\u0153urs de nature \u00bb peuvent \u00eatre des friches, des parcs urbains ou encore des jardins priv\u00e9s <span style=\"color: #ff00ff;\">quand les autoroutes ou zones industrielles repr\u00e9sentent, quant \u00e0 elles, des obstacles au d\u00e9placement des esp\u00e8ces.<\/span><\/span><\/p>\n<p><iframe loading=\"lazy\" title=\"La Trame verte &amp; bleue, en quelques mots\" width=\"660\" height=\"371\" src=\"https:\/\/www.youtube.com\/embed\/kju-Dtbt3CA?feature=oembed\" frameborder=\"0\" allow=\"accelerometer; autoplay; clipboard-write; encrypted-media; gyroscope; picture-in-picture; web-share\" referrerpolicy=\"strict-origin-when-cross-origin\" allowfullscreen><\/iframe><\/p>\n<p><span style=\"color: #339966;\"><b>L&rsquo;exemple des abeilles sauvages<\/b><\/span><\/p>\n<p>La pollinisation est l\u2019un des processus les plus affect\u00e9s par l\u2019urbanisation, en particulier celle effectu\u00e9e par les insectes sauvages, comme les abeilles, les syrphes ou les papillons.<\/p>\n<p>ce service fourni \u00e0 la Soci\u00e9t\u00e9<\/p>\n<p>En France, parmi pr\u00e8s de 1 000 esp\u00e8ces d\u2019abeilles pr\u00e9sentes, plusieurs centaines <a href=\"http:\/\/www.urbanbees.eu\/sites\/default\/files\/ressources\/rapport_final_Urbanbees.pdf\">peuvent vivre en ville<\/a>. L\u2019abeille dite domestique \u2013 celle qui fait le miel \u2013 ne repr\u00e9sente qu\u2019une seule esp\u00e8ce. Les autres sont dites abeilles sauvages et incluent, par exemple, les bourdons. <a href=\"http:\/\/www.abeillessauvages.com\/qui-sont-les-abeilles-sauvages-en-france\/les-abeilles-solitaires\/\">Les abeilles sauvages\u00a0<\/a><span style=\"color: #ff00ff;\">figurent parmi les plus importants pollinisateurs de plantes \u00e0 fleurs sauvages mais aussi cultiv\u00e9es. Via <\/span><a href=\"http:\/\/www.fao.org\/biodiversity\/components\/pollinators\/en\/\">ce service fourni \u00e0 la Soci\u00e9t\u00e9<\/a>, <span style=\"color: #ff00ff;\">elles sont fondamentales au maintien de la biodiversit\u00e9.<\/span> <span style=\"color: #ff00ff;\">Mais la r\u00e9duction d\u2019espaces verts influence directement la survie des insectes pollinisateurs, ce qui affecte n\u00e9gativement les esp\u00e8ces v\u00e9g\u00e9tales, du fait d\u2019un manque de vecteurs pour le transport du pollen.<\/span><\/p>\n<p><a href=\"http:\/\/lantb.net\/figure\/wp-content\/uploads\/2017\/10\/IMG_0710.jpg\"><img loading=\"lazy\" decoding=\"async\" class=\"alignnone wp-image-4265\" src=\"http:\/\/lantb.net\/figure\/wp-content\/uploads\/2017\/10\/IMG_0710.jpg\" alt=\"\" width=\"498\" height=\"332\" srcset=\"http:\/\/lantb.net\/figure\/wp-content\/uploads\/2017\/10\/IMG_0710.jpg 600w, http:\/\/lantb.net\/figure\/wp-content\/uploads\/2017\/10\/IMG_0710-300x200.jpg 300w, http:\/\/lantb.net\/figure\/wp-content\/uploads\/2017\/10\/IMG_0710-150x100.jpg 150w\" sizes=\"auto, (max-width: 498px) 100vw, 498px\" \/><\/a><br \/>\nCertaines abeilles (Osmia avoseta en Turquie et Iran) utilisent m\u00eame des p\u00e9tales de fleurs pour prot\u00e9ger leur larve.<\/p>\n<p><span style=\"color: #339966;\">Les abeilles sauvages ont besoin d\u2019espaces pour nidifier et de ressources pour se nourrir. La plantation de certaines esp\u00e8ces de plantes \u00e0 fleurs, pouvant \u00eatre butin\u00e9es par plusieurs esp\u00e8ces d\u2019abeilles sauvages, et une bonne gestion de ces espaces, peuvent assurer leurs d\u00e9placements et, en retour, garantir la pollinisation \u00e0 plusieurs distances (les abeilles pouvant voler sur plusieurs centaines de m\u00e8tres pour se nourrir, en fonction de leur taille et de la disponibilit\u00e9 des ressources).<\/span><\/p>\n<p>La gestion diff\u00e9renci\u00e9e des espaces verts publics peut, par exemple, jouer un r\u00f4le tr\u00e8s important pour favoriser la diversit\u00e9 des esp\u00e8ces urbaines&nbsp;: la pr\u00e9servation des prairies fleuries, la conservation du bois mort et la pr\u00e9sence de substrats \u00e0 diff\u00e9rentes granulom\u00e9tries (sable, terreau, etc.) sont une ressource pour les esp\u00e8ces ayant des besoins \u00e9cologiques tr\u00e8s vari\u00e9s.<\/p>\n<p>La pr\u00e9servation des pollinisateurs peut \u00e9galement \u00eatre favoris\u00e9e par chacun d\u2019entre nous au quotidien, en plantant des plantes \u00e0 fleurs dans son jardin, sur son balcon ou sur les rebords des fen\u00eatres. Des plantes aromatiques tr\u00e8s utilis\u00e9es par l\u2019homme, comme la menthe, la lavande ou l\u2019origan peuvent \u00eatre visit\u00e9es par plusieurs esp\u00e8ces d\u2019abeilles ou de papillons. Pour les amateurs de bricolage, la construction d\u2019h\u00f4tels \u00e0 abeilles peut aussi faciliter l\u2019accueil de certaines esp\u00e8ces dans son propre jardin.<\/p>\n<p>&nbsp;<\/p>\n<p><span style=\"color: #339966;\"><b>Au-del\u00e0 de l\u2019enjeu \u00e9cologique<\/b><\/span><\/p>\n<p>La nature en ville repr\u00e9sente \u00e9galement un enjeu social fort&nbsp;: vue comme source de bien-\u00eatre, c\u2019est aussi la seule nature pr\u00e9sente dans le quotidien de millions de de citadins. La demande sociale pour un cadre de vie agr\u00e9able et une plus grande place faite \u00e0 la nature est en constante augmentation.<\/p>\n<p><a href=\"http:\/\/lantb.net\/figure\/wp-content\/uploads\/2017\/10\/IMG_0522.jpg\"><br \/>\n<\/a><a href=\"http:\/\/lantb.net\/figure\/wp-content\/uploads\/2017\/10\/IMG_0522.jpg\"><img loading=\"lazy\" decoding=\"async\" class=\"alignnone wp-image-4257\" src=\"http:\/\/lantb.net\/figure\/wp-content\/uploads\/2017\/10\/IMG_0522.jpg\" alt=\"\" width=\"498\" height=\"374\" srcset=\"http:\/\/lantb.net\/figure\/wp-content\/uploads\/2017\/10\/IMG_0522.jpg 2000w, http:\/\/lantb.net\/figure\/wp-content\/uploads\/2017\/10\/IMG_0522-300x225.jpg 300w, http:\/\/lantb.net\/figure\/wp-content\/uploads\/2017\/10\/IMG_0522-768x576.jpg 768w, http:\/\/lantb.net\/figure\/wp-content\/uploads\/2017\/10\/IMG_0522-640x480.jpg 640w, http:\/\/lantb.net\/figure\/wp-content\/uploads\/2017\/10\/IMG_0522-150x113.jpg 150w\" sizes=\"auto, (max-width: 498px) 100vw, 498px\" \/><\/a><br \/>\nLa nature constitue une <a href=\"https:\/\/vertigo.revues.org\/11821\">composante \u00e0 part enti\u00e8re<\/a> du milieu urbain malgr\u00e9 la tendance fr\u00e9quente <a href=\"http:\/\/masterbioterre.com\/sites\/default\/files\/2013-%20RFF_3_2012_339_350.pdf\">\u00e0 les opposer<\/a>.<\/p>\n<p>Au-del\u00e0 du bien-\u00eatre qu\u2019elle procure, <span style=\"color: #339966;\">cette nature urbaine<\/span> <span style=\"color: #339966;\">rend \u00e9galement de nombreux services dits \u00e9cosyst\u00e9miques \u00e0 l\u2019homme. Ces services se d\u00e9finissent comme les b\u00e9n\u00e9fices, mat\u00e9riels ou non, que les hommes tirent des \u00e9cosyst\u00e8mes, comme l\u2019approvisionnement en nourriture ou encore de maintien de la qualit\u00e9 de l\u2019air.<\/span> <span style=\"color: #339966;\">Parmi ces nombreux services, on identifie notamment celui de r\u00e9gulation du climat. La pr\u00e9sence de v\u00e9g\u00e9tation en ville peut en effet influencer le climat local et, par exemple, r\u00e9duire la temp\u00e9rature en p\u00e9riode canicule.<\/span> Des programmes de recherche, \u00e0 l\u2019image du projet <a href=\"http:\/\/climibio.univ-lille.fr\/focus-sur-la-fete-de-la-science-2017\">Climibio<\/a>, s\u2019y consacrent aujourd\u2019hui.\u00a0\u00bb<\/p>\n","protected":false},"excerpt":{"rendered":"<p>Cet article est publi\u00e9 dans The Conversation, dans le cadre de la F\u00eate de la Science 2017, qui se tient du 7 au 15 octobre, et dont The Conversation France est partenaire. Les auteurs de l&rsquo;article sont&nbsp;:\u00a0Brandon Stordeur,\u00a0Ing\u00e9nieur d\u2019\u00e9tudes, programme de recherche r\u00e9gional Climibio, laboratoire TVES Lille, Universit\u00e9 de Lille 1 \u2013 Universit\u00e9 de Lille;\u00a0Alessandro &hellip; <a href=\"http:\/\/lantb.net\/figure\/?p=4244\" class=\"more-link\">Continuer la lecture de <span class=\"screen-reader-text\">La nature en ville : faites circuler la biodiversit\u00e9<\/span><\/a><\/p>\n","protected":false},"author":1,"featured_media":0,"comment_status":"closed","ping_status":"closed","sticky":false,"template":"","format":"standard","meta":{"footnotes":""},"categories":[29,44,4,5],"tags":[],"class_list":["post-4244","post","type-post","status-publish","format-standard","hentry","category-animal","category-everyday-life","category-green-attitude","category-reader"],"_links":{"self":[{"href":"http:\/\/lantb.net\/figure\/index.php?rest_route=\/wp\/v2\/posts\/4244","targetHints":{"allow":["GET"]}}],"collection":[{"href":"http:\/\/lantb.net\/figure\/index.php?rest_route=\/wp\/v2\/posts"}],"about":[{"href":"http:\/\/lantb.net\/figure\/index.php?rest_route=\/wp\/v2\/types\/post"}],"author":[{"embeddable":true,"href":"http:\/\/lantb.net\/figure\/index.php?rest_route=\/wp\/v2\/users\/1"}],"replies":[{"embeddable":true,"href":"http:\/\/lantb.net\/figure\/index.php?rest_route=%2Fwp%2Fv2%2Fcomments&post=4244"}],"version-history":[{"count":37,"href":"http:\/\/lantb.net\/figure\/index.php?rest_route=\/wp\/v2\/posts\/4244\/revisions"}],"predecessor-version":[{"id":4286,"href":"http:\/\/lantb.net\/figure\/index.php?rest_route=\/wp\/v2\/posts\/4244\/revisions\/4286"}],"wp:attachment":[{"href":"http:\/\/lantb.net\/figure\/index.php?rest_route=%2Fwp%2Fv2%2Fmedia&parent=4244"}],"wp:term":[{"taxonomy":"category","embeddable":true,"href":"http:\/\/lantb.net\/figure\/index.php?rest_route=%2Fwp%2Fv2%2Fcategories&post=4244"},{"taxonomy":"post_tag","embeddable":true,"href":"http:\/\/lantb.net\/figure\/index.php?rest_route=%2Fwp%2Fv2%2Ftags&post=4244"}],"curies":[{"name":"wp","href":"https:\/\/api.w.org\/{rel}","templated":true}]}}