{"id":3563,"date":"2017-07-10T14:22:14","date_gmt":"2017-07-10T13:22:14","guid":{"rendered":"http:\/\/lantb.net\/figure\/?p=3563"},"modified":"2017-07-10T15:00:13","modified_gmt":"2017-07-10T14:00:13","slug":"eduardo-kohn-comment-pensent-les-forets","status":"publish","type":"post","link":"http:\/\/lantb.net\/figure\/?p=3563","title":{"rendered":"Eduardo Kohn. Comment pensent les for\u00eats"},"content":{"rendered":"<p><a href=\"http:\/\/www.zones-sensibles.org\/eduardo-kohn-comment-pensent-les-forets\/\"><img loading=\"lazy\" decoding=\"async\" class=\"alignnone wp-image-3571\" src=\"http:\/\/lantb.net\/figure\/wp-content\/uploads\/2017\/07\/kohn_cover_72dpi_rgb.jpg\" alt=\"\" width=\"309\" height=\"480\" srcset=\"http:\/\/lantb.net\/figure\/wp-content\/uploads\/2017\/07\/kohn_cover_72dpi_rgb.jpg 900w, http:\/\/lantb.net\/figure\/wp-content\/uploads\/2017\/07\/kohn_cover_72dpi_rgb-193x300.jpg 193w, http:\/\/lantb.net\/figure\/wp-content\/uploads\/2017\/07\/kohn_cover_72dpi_rgb-768x1195.jpg 768w, http:\/\/lantb.net\/figure\/wp-content\/uploads\/2017\/07\/kohn_cover_72dpi_rgb-411x640.jpg 411w, http:\/\/lantb.net\/figure\/wp-content\/uploads\/2017\/07\/kohn_cover_72dpi_rgb-96x150.jpg 96w\" sizes=\"auto, (max-width: 309px) 100vw, 309px\" \/><br \/>\n<\/a>\u00ab\u00c9chapper \u00e0 l\u2019anthropomorphisme tout en prenant au s\u00e9rieux la vie non humaine, tel est le d\u00e9fi de l\u2019anthropologue am\u00e9ricain <span style=\"color: #00ccff;\">Eduardo Kohn<\/span> dans son classique instantan\u00e9, <em>Comment pensent les for\u00eats<\/em>. La cible de lectorat change, tout comme le d\u00e9cor\u2009: ce livre pointu, livr\u00e9 dans un \u00e9crin magnifique avec des photographies, propose une enqu\u00eate ethnographique sur les Runa, population indienne de l\u2019Amazonie \u00e9quatorienne. Pour eux, les \u00eatres divers qui habitent la for\u00eat ont une \u00e2me, une perspective propre sur le monde. Kohn s\u2019appuie sur <span style=\"color: #ff00ff;\">ce collectif animiste<\/span> pour d\u00e9fendre une th\u00e8se radicale\u2009: la pens\u00e9e n\u2019est pas l\u2019apanage des seuls humains, les autres formes de vie (les v\u00e9g\u00e9taux mais aussi les animaux) poss\u00e8dent cette facult\u00e9. En quel sens\u2009? S\u2019appuyant sur les travaux du philosophe Charles Sanders Peirce (1839-1914), il soutient que penser consiste \u00e0<em> interpr\u00e9ter des signes<\/em>. Tout organisme vivant qui r\u00e9agit aux donn\u00e9es et aux \u00e9v\u00e9nements de son milieu contracte des habitudes, anticipe ce qui va se passer, est un<em> \u00ab\u202fagent\u202f\u00bb<\/em> ou un<em> \u00ab\u202fsoi\u202f\u00bb<\/em> \u00e0 part enti\u00e8re, qui se repr\u00e9sente les choses \u2014il n\u2019est plus n\u00e9cessaire de disposer d\u2019un langage symbolique comme le n\u00f4tre. Si<em> \u00ab\u202fles for\u00eats pensent\u202f\u00bb,<\/em> donc, ce n\u2019est pas parce que les hommes disent qu\u2019elles pensent, et qu\u2019elles pensent comme eux pensent\u2014 \u202fce serait l\u00e0 retomber dans l\u2019anthropomorphisme. <span style=\"color: #ff00ff;\">Elles pensent<\/span> dans la mesure o\u00f9 elles abritent une foultitude de sois en interaction\u2009: elles sont <em>\u00ab\u202fun entrelacs complexe et cacophonique, \u00e9mergent et expansif de pens\u00e9es vivantes, croissantes et mutuellement constitutives\u202f\u00bb. <\/em><span style=\"color: #ff00ff;\">Avec cette nouvelle image<\/span> de la pens\u00e9e comme capacit\u00e9 \u00e0 d\u00e9chiffrer et \u00e0 \u00e9mettre des signes \u2014une d\u00e9finition que l\u2019on pourra trouver particuli\u00e8rement large\u2026\u2014, Kohn entend fonder une <em>\u00ab\u202fanthropologie au-del\u00e0 de l\u2019humain\u202f\u00bb.<\/em> Le but n\u2019est pas de se d\u00e9barrasser de l\u2019homme, mais de l\u2019<em>\u00ab\u202fouvrir\u202f\u00bb, <\/em>en le rendant attentif \u00e0 ce qui n\u2019est pas lui, en l\u2019amenant \u00e0 concevoir et \u00e0 construire un <em>\u00ab\u202fplus grand Nous\u202f\u00bb <\/em>\u00e9tendu aux vivants non humains&#8230; <span style=\"color: #ff00ff;\">Et rien de tel<\/span> qu\u2019une marche en for\u00eat pour s\u2019en convaincre\u2009: au contact des arbres, qui ne sont pas l\u00e0 pour m\u2019apporter ombre et silence, je suis comme tenu de me d\u00e9centrer, de m\u2019\u00e9largir, de m\u2019ins\u00e9rer dans le vaste r\u00e9seau des \u00eatres avec lesquels je compose un monde. <span style=\"color: #ff00ff;\">Apr\u00e8s ces effusions<\/span>, \u00e0 quand la prochaine \u00e9tape\u2009? \u00c0 quand la r\u00e9\u00e9valuation du r\u00e8gne min\u00e9ral \u2013\u202fun <span style=\"color: #00ccff;\"><em>rock turn\u2009<\/em><\/span>?* in <em><a href=\"http:\/\/www.philomag.com\/les-livres\/grand-angle\/comment-pensent-les-forets-vers-une-anthropologie-au-dela-de-lhumain-24533\">Philosophie magazine<\/a><\/em><br \/>\n*apr\u00e8s le <span style=\"color: #00ccff;\"><em>plant turn<\/em><\/span>&nbsp;: Emanuele Coccia,<em> La Vie des plantes<\/em>, Rivages, consid\u00e8re la vie v\u00e9g\u00e9tale comme <em>\u00ab\u202fla forme la plus intense, la plus radicale et la plus paradigmatique de l\u2019\u00eatre-au-monde\u202f\u00bb <\/em>en ce qu\u2019elle atteste d\u2019une <em>\u00ab\u202fcommunion globale avec l\u2019environnement\u202f\u00bb<\/em>.<\/p>\n","protected":false},"excerpt":{"rendered":"<p>\u00ab\u00c9chapper \u00e0 l\u2019anthropomorphisme tout en prenant au s\u00e9rieux la vie non humaine, tel est le d\u00e9fi de l\u2019anthropologue am\u00e9ricain Eduardo Kohn dans son classique instantan\u00e9, Comment pensent les for\u00eats. La cible de lectorat change, tout comme le d\u00e9cor\u2009: ce livre pointu, livr\u00e9 dans un \u00e9crin magnifique avec des photographies, propose une enqu\u00eate ethnographique sur les &hellip; <a href=\"http:\/\/lantb.net\/figure\/?p=3563\" class=\"more-link\">Continuer la lecture de <span class=\"screen-reader-text\">Eduardo Kohn. Comment pensent les for\u00eats<\/span><\/a><\/p>\n","protected":false},"author":1,"featured_media":0,"comment_status":"closed","ping_status":"closed","sticky":false,"template":"","format":"standard","meta":{"footnotes":""},"categories":[29,44,4,5],"tags":[],"class_list":["post-3563","post","type-post","status-publish","format-standard","hentry","category-animal","category-everyday-life","category-green-attitude","category-reader"],"_links":{"self":[{"href":"http:\/\/lantb.net\/figure\/index.php?rest_route=\/wp\/v2\/posts\/3563","targetHints":{"allow":["GET"]}}],"collection":[{"href":"http:\/\/lantb.net\/figure\/index.php?rest_route=\/wp\/v2\/posts"}],"about":[{"href":"http:\/\/lantb.net\/figure\/index.php?rest_route=\/wp\/v2\/types\/post"}],"author":[{"embeddable":true,"href":"http:\/\/lantb.net\/figure\/index.php?rest_route=\/wp\/v2\/users\/1"}],"replies":[{"embeddable":true,"href":"http:\/\/lantb.net\/figure\/index.php?rest_route=%2Fwp%2Fv2%2Fcomments&post=3563"}],"version-history":[{"count":11,"href":"http:\/\/lantb.net\/figure\/index.php?rest_route=\/wp\/v2\/posts\/3563\/revisions"}],"predecessor-version":[{"id":3581,"href":"http:\/\/lantb.net\/figure\/index.php?rest_route=\/wp\/v2\/posts\/3563\/revisions\/3581"}],"wp:attachment":[{"href":"http:\/\/lantb.net\/figure\/index.php?rest_route=%2Fwp%2Fv2%2Fmedia&parent=3563"}],"wp:term":[{"taxonomy":"category","embeddable":true,"href":"http:\/\/lantb.net\/figure\/index.php?rest_route=%2Fwp%2Fv2%2Fcategories&post=3563"},{"taxonomy":"post_tag","embeddable":true,"href":"http:\/\/lantb.net\/figure\/index.php?rest_route=%2Fwp%2Fv2%2Ftags&post=3563"}],"curies":[{"name":"wp","href":"https:\/\/api.w.org\/{rel}","templated":true}]}}