{"id":3418,"date":"2017-05-02T23:09:38","date_gmt":"2017-05-02T22:09:38","guid":{"rendered":"http:\/\/lantb.net\/figure\/?p=3418"},"modified":"2017-05-19T13:39:55","modified_gmt":"2017-05-19T12:39:55","slug":"philippe-dagen-penck","status":"publish","type":"post","link":"http:\/\/lantb.net\/figure\/?p=3418","title":{"rendered":"Philippe Dagen. A.R. Penck, peintre des paradis perdus est mort"},"content":{"rendered":"<p><a href=\"http:\/\/lantb.net\/figure\/wp-content\/uploads\/2017\/05\/IMG_0633.jpg\"><img loading=\"lazy\" decoding=\"async\" class=\"alignnone wp-image-3429\" src=\"http:\/\/lantb.net\/figure\/wp-content\/uploads\/2017\/05\/IMG_0633.jpg\" alt=\"\" width=\"640\" height=\"346\" srcset=\"http:\/\/lantb.net\/figure\/wp-content\/uploads\/2017\/05\/IMG_0633.jpg 2252w, http:\/\/lantb.net\/figure\/wp-content\/uploads\/2017\/05\/IMG_0633-300x162.jpg 300w, http:\/\/lantb.net\/figure\/wp-content\/uploads\/2017\/05\/IMG_0633-768x415.jpg 768w, http:\/\/lantb.net\/figure\/wp-content\/uploads\/2017\/05\/IMG_0633-640x346.jpg 640w, http:\/\/lantb.net\/figure\/wp-content\/uploads\/2017\/05\/IMG_0633-150x81.jpg 150w\" sizes=\"auto, (max-width: 640px) 100vw, 640px\" \/><\/a><\/p>\n<p>\u00ab\u00a0Pour autant, son \u0153uvre n\u2019a pas plus chang\u00e9 quand il est devenu c\u00e9l\u00e8bre que n\u2019a chang\u00e9 son mode de vie. Il est demeur\u00e9 solitaire, plus que r\u00e9serv\u00e9, ennemi des mondanit\u00e9s, au point de ne pas assister \u00e0 certains de ses vernissages. On se souvient ainsi d\u2019une rencontre, si l\u2019on peut dire, \u00e0 \u00adl\u2019occasion de l\u2019accrochage de sa r\u00e9trospective au Mus\u00e9e d\u2019art \u00admoderne de la Ville de Paris, en 2008&nbsp;: il n\u2019avait vraiment pas envie de parler. Pour creuser encore un peu plus l\u2019\u00e9cart entre lui et le monde de l\u2019art, il s\u2019installe en 1987 \u00e0 Killala, sur la c\u00f4te nord de l\u2019Irlande, au plus loin des villes.\u00a0<strong><span style=\"color: #ff00ff;\">Composition directe<\/span><\/strong>.\u00a0<span style=\"color: #ff00ff;\">On ne peut <\/span>qu\u2019\u00e9tablir un rapprochement entre cette volont\u00e9 arr\u00eat\u00e9e de vivre \u00e0 l\u2019\u00e9cart et ce qui se donne \u00e0 voir dans ses toiles, dessins et sculptures&nbsp;: une aussi violente volont\u00e9 de s\u2019en tenir \u00e0 l\u2019essentiel. L\u2019essentiel d\u2019un corps humain&nbsp;: peu de lignes, l\u2019indication visible du sexe, la courbure d\u2019un mouvement. L\u2019essentiel d\u2019une \u00e9motion&nbsp;: peu de signes, qu\u2019ils soient figuratifs ou abstraits, sur une surface nue. Le noir, le rouge, le blanc&nbsp;: c\u2019est assez pour lui, les autres couleurs n\u2019intervenant qu\u2019\u00e0 l\u2019\u00e9tat de rares traces ou rehauts. La composition est directe, <span style=\"color: #00ccff;\">longues frises dans lesquelles les figures se juxtaposent et se superposent \u00e0 la surface<\/span>, constructions en diagrammes r\u00e9gl\u00e9s par la g\u00e9om\u00e9trie, mots \u00e9crits verticalement et horizontalement en larges lettres noires ou encore, plus simplement, un symbole unique occupant le centre de la toile ou de la feuille.\u00a0<span style=\"color: #ff00ff;\">Parce que<\/span> <span style=\"color: #00ccff;\">les animaux y sont souvent pr\u00e9sents<\/span> et les signes sexuels sans \u00e9quivoque, il est devenu habituel de rapprocher Penck des arts pr\u00e9historiques, africains, celtiques, azt\u00e8ques ou du haut Moyen Age. Qu\u2019il les ait connus ne fait aucun doute. Qu\u2019il ait pu songer avec regret \u00e0 des \u00e9poques o\u00f9 l\u2019homme n\u2019\u00e9tait pas juste une machine, et la nature des ressources \u00e0 exploiter jusqu\u2019\u00e0 \u00e9puisement, est aussi clair. En ce sens, son \u0153uvre est politique. Elle est l\u2019un des manifestes les plus clairs du malaise \u2013 euph\u00e9misme poli \u2013 de l\u2019Occident industriel et rationnel. Devant un Penck, on s\u2019\u00e9chappe un instant de l\u2019ordre actuel du monde, sans pouvoir l\u2019oublier pour autant. C\u2019est dire l\u2019importance de son \u0153uvre.\u00a0\u00bb In <i>Le Monde<\/i><\/p>\n","protected":false},"excerpt":{"rendered":"<p>\u00ab\u00a0Pour autant, son \u0153uvre n\u2019a pas plus chang\u00e9 quand il est devenu c\u00e9l\u00e8bre que n\u2019a chang\u00e9 son mode de vie. Il est demeur\u00e9 solitaire, plus que r\u00e9serv\u00e9, ennemi des mondanit\u00e9s, au point de ne pas assister \u00e0 certains de ses vernissages. On se souvient ainsi d\u2019une rencontre, si l\u2019on peut dire, \u00e0 \u00adl\u2019occasion de l\u2019accrochage &hellip; <a href=\"http:\/\/lantb.net\/figure\/?p=3418\" class=\"more-link\">Continuer la lecture de <span class=\"screen-reader-text\">Philippe Dagen. A.R. Penck, peintre des paradis perdus est mort<\/span><\/a><\/p>\n","protected":false},"author":1,"featured_media":0,"comment_status":"closed","ping_status":"closed","sticky":false,"template":"","format":"standard","meta":{"footnotes":""},"categories":[29,19,6,5],"tags":[],"class_list":["post-3418","post","type-post","status-publish","format-standard","hentry","category-animal","category-art-contemporain","category-artiste","category-reader"],"_links":{"self":[{"href":"http:\/\/lantb.net\/figure\/index.php?rest_route=\/wp\/v2\/posts\/3418","targetHints":{"allow":["GET"]}}],"collection":[{"href":"http:\/\/lantb.net\/figure\/index.php?rest_route=\/wp\/v2\/posts"}],"about":[{"href":"http:\/\/lantb.net\/figure\/index.php?rest_route=\/wp\/v2\/types\/post"}],"author":[{"embeddable":true,"href":"http:\/\/lantb.net\/figure\/index.php?rest_route=\/wp\/v2\/users\/1"}],"replies":[{"embeddable":true,"href":"http:\/\/lantb.net\/figure\/index.php?rest_route=%2Fwp%2Fv2%2Fcomments&post=3418"}],"version-history":[{"count":14,"href":"http:\/\/lantb.net\/figure\/index.php?rest_route=\/wp\/v2\/posts\/3418\/revisions"}],"predecessor-version":[{"id":3453,"href":"http:\/\/lantb.net\/figure\/index.php?rest_route=\/wp\/v2\/posts\/3418\/revisions\/3453"}],"wp:attachment":[{"href":"http:\/\/lantb.net\/figure\/index.php?rest_route=%2Fwp%2Fv2%2Fmedia&parent=3418"}],"wp:term":[{"taxonomy":"category","embeddable":true,"href":"http:\/\/lantb.net\/figure\/index.php?rest_route=%2Fwp%2Fv2%2Fcategories&post=3418"},{"taxonomy":"post_tag","embeddable":true,"href":"http:\/\/lantb.net\/figure\/index.php?rest_route=%2Fwp%2Fv2%2Ftags&post=3418"}],"curies":[{"name":"wp","href":"https:\/\/api.w.org\/{rel}","templated":true}]}}